{"id":86050,"date":"2025-12-25T19:22:08","date_gmt":"2025-12-25T19:22:08","guid":{"rendered":"https:\/\/www.europesays.com\/lv\/86050\/"},"modified":"2025-12-25T19:22:08","modified_gmt":"2025-12-25T19:22:08","slug":"romas-pavests-ziemassvetkos-mudina-partraukt-ierocu-troksni","status":"publish","type":"post","link":"https:\/\/www.europesays.com\/lv\/86050\/","title":{"rendered":"Romas p\u0101vests Ziemassv\u0113tkos mudina p\u0101rtraukt iero\u010du troksni"},"content":{"rendered":"<p>V\u0113r\u0161oties pie t\u016bksto\u0161iem tic\u012bgo, kas bija sapulc\u0113ju\u0161ies Vatik\u0101na Sv\u0113t\u0101 P\u0113tera laukum\u0101, <a href=\"https:\/\/www.apollo.lv\/term\/785140\/pavests\" class=\"topicLink\" target=\"_blank\" rel=\"nofollow noopener\">p\u0101vests<\/a> mudin\u0101ja, lai &#8220;iero\u010du troksnis tiktu p\u0101rtraukts&#8221;, k\u0101 ar\u012b aicin\u0101ja karojo\u0161\u0101s puses Ukrain\u0101 rast drosmi iesaist\u012bties &#8220;paties\u0101, tie\u0161\u0101 un cie\u0146piln\u0101 dialog\u0101&#8221; ar starptautisk\u0101s sabiedr\u012bbas atbalstu.<\/p>\n<p>Run\u0101jot par Tuvajiem Austrumiem, p\u0101vests aizl\u016bdza par &#8220;taisn\u012bgumu, mieru un stabilit\u0101ti Lib\u0101n\u0101, Palest\u012bn\u0101, Izra\u0113l\u0101 un S\u012brij\u0101&#8221;. Vi\u0146\u0161 \u012bpa\u0161i piemin\u0113ja Gazas joslas iedz\u012bvot\u0101jus, kuri, p\u0113c p\u0101vesta teikt\u0101, &#8220;zaud\u0113ju\u0161i visu&#8221;.<\/p>\n<p>Leons XIV piev\u0113rsa uzman\u012bbu ar\u012b kara un vardarb\u012bbas upuriem Sud\u0101n\u0101, Dienvidsud\u0101n\u0101, Mali, Burkinafaso un Kongo Demokr\u0101tiskaj\u0101 Republik\u0101.<\/p>\n<p>\u0160ie Leonam XIV ir pirmie <a href=\"https:\/\/www.apollo.lv\/term\/557771\/ziemassvetki\" class=\"topicLink\" target=\"_blank\" rel=\"nofollow noopener\">Ziemassv\u0113tki<\/a> p\u0101vesta amat\u0101, kur\u0101 vi\u0146\u0161 st\u0101j\u0101s maij\u0101 p\u0113c iepriek\u0161\u0113j\u0101 kato\u013cu bazn\u012bcas galvas Franciska n\u0101ves.<\/p>\n","protected":false},"excerpt":{"rendered":"V\u0113r\u0161oties pie t\u016bksto\u0161iem tic\u012bgo, kas bija sapulc\u0113ju\u0161ies Vatik\u0101na Sv\u0113t\u0101 P\u0113tera laukum\u0101, p\u0101vests mudin\u0101ja, lai &#8220;iero\u010du troksnis tiktu p\u0101rtraukts&#8221;,&hellip;\n","protected":false},"author":2,"featured_media":86051,"comment_status":"","ping_status":"","sticky":false,"template":"","format":"standard","meta":{"footnotes":""},"categories":[14],"tags":[23,57,28,29,32,33,22,30,31,35,39,38,36,37,34,40,20,12423,14322,26,27,24,25,54,55,56,9687,21,58],"class_list":{"0":"post-86050","1":"post","2":"type-post","3":"status-publish","4":"format-standard","5":"has-post-thumbnail","7":"category-zinas-no-arvalstim","8":"tag-aktualitates","9":"tag-arvalstim","10":"tag-breaking-news","11":"tag-breakingnews","12":"tag-featured-news","13":"tag-featurednews","14":"tag-headlines","15":"tag-latest-news","16":"tag-latestnews","17":"tag-latvia","18":"tag-latvian","19":"tag-latviesu","20":"tag-latviesu-valoda","21":"tag-latviesuvaloda","22":"tag-latvija","23":"tag-lv","24":"tag-news","25":"tag-pavests","26":"tag-pavests-leons-xiv","27":"tag-popularakas-zinas","28":"tag-popularakaszinas","29":"tag-top-stories","30":"tag-topstories","31":"tag-world","32":"tag-world-news","33":"tag-worldnews","34":"tag-ziemassvetki","35":"tag-zinas","36":"tag-zinas-no-arvalstim"},"share_on_mastodon":{"url":"https:\/\/pubeurope.com\/@lv\/115781837885018941","error":""},"_links":{"self":[{"href":"https:\/\/www.europesays.com\/lv\/wp-json\/wp\/v2\/posts\/86050","targetHints":{"allow":["GET"]}}],"collection":[{"href":"https:\/\/www.europesays.com\/lv\/wp-json\/wp\/v2\/posts"}],"about":[{"href":"https:\/\/www.europesays.com\/lv\/wp-json\/wp\/v2\/types\/post"}],"author":[{"embeddable":true,"href":"https:\/\/www.europesays.com\/lv\/wp-json\/wp\/v2\/users\/2"}],"replies":[{"embeddable":true,"href":"https:\/\/www.europesays.com\/lv\/wp-json\/wp\/v2\/comments?post=86050"}],"version-history":[{"count":0,"href":"https:\/\/www.europesays.com\/lv\/wp-json\/wp\/v2\/posts\/86050\/revisions"}],"wp:featuredmedia":[{"embeddable":true,"href":"https:\/\/www.europesays.com\/lv\/wp-json\/wp\/v2\/media\/86051"}],"wp:attachment":[{"href":"https:\/\/www.europesays.com\/lv\/wp-json\/wp\/v2\/media?parent=86050"}],"wp:term":[{"taxonomy":"category","embeddable":true,"href":"https:\/\/www.europesays.com\/lv\/wp-json\/wp\/v2\/categories?post=86050"},{"taxonomy":"post_tag","embeddable":true,"href":"https:\/\/www.europesays.com\/lv\/wp-json\/wp\/v2\/tags?post=86050"}],"curies":[{"name":"wp","href":"https:\/\/api.w.org\/{rel}","templated":true}]}}