{"id":86052,"date":"2025-12-25T19:28:27","date_gmt":"2025-12-25T19:28:27","guid":{"rendered":"https:\/\/www.europesays.com\/lv\/86052\/"},"modified":"2025-12-25T19:28:27","modified_gmt":"2025-12-25T19:28:27","slug":"poliem-neizdodas-parnemt-krievijas-konsulatu-gdanska-krievi-neatver","status":"publish","type":"post","link":"https:\/\/www.europesays.com\/lv\/86052\/","title":{"rendered":"Po\u013ciem neizdodas p\u0101r\u0146emt Krievijas konsul\u0101tu Gda\u0146sk\u0101 \u2013 krievi neatver"},"content":{"rendered":"<p><a rel=\"noopener nofollow\" target=\"_blank\" href=\"https:\/\/www.delfi.lv\/temas\/33690465\/polija\" tag-id=\"33690465\">Polijas<\/a> piej\u016bras pils\u0113tas Gda\u0146skas amatperson\u0101m neizdevies p\u0101r\u0146emt \u0113ku, kur\u0101 l\u012bdz tre\u0161dienai atrad\u0101s <a rel=\"noopener nofollow\" target=\"_blank\" href=\"https:\/\/www.delfi.lv\/temas\/35525519\/krievija\" tag-id=\"35525519\">Krievijas<\/a> konsul\u0101ts. Pret\u0113ji paredz\u0113taj\u0101m formalit\u0101t\u0113m, neviens nav atv\u0113ris durvis, zi\u0146o Polijas radio.<\/p>\n<p>Turkl\u0101t krievi Gda\u0146skas pils\u0113tai paliku\u0161i par\u0101d\u0101. Lai gan Krievija apgalvoja, ka tai pieder \u012bpa\u0161ums, kur\u0101 atrad\u0101s konsul\u0101ts, Polijas zemes un hipot\u0113ku re\u0123istri liecina, ka tie pieder Polijas Valsts kasei, noraidot Krievijas \u012bpa\u0161umties\u012bbu pras\u012bbas k\u0101 nepamatotas. Neskatoties uz to, Krievijas puse nemaks\u0101ja nek\u0101das nodevas un \u012bres maksas.<\/p>\n<p class=\"m-0\">Seko &#8220;Delfi&#8221; ar\u012b  <a target=\"_blank\" href=\"https:\/\/www.instagram.com\/delfi.lv\/\" rel=\"nofollow noopener\">Instagram<\/a>  un <a target=\"_blank\" href=\"https:\/\/www.youtube.com\/channel\/UCw5foWtcJvAbUm64rv7jwUQ\" rel=\"nofollow noopener\">YouTube<\/a>  profil\u0101 \u2013 pievienojies, lai uzzin\u0101tu svar\u012bg\u0101ko un interesant\u0101ko pirmais!<\/p>\n<p>Publik\u0101cijas saturs vai t\u0101s jebk\u0101da apjoma da\u013ca ir aizsarg\u0101ts autorties\u012bbu objekts Autorties\u012bbu likuma izpratn\u0113, un t\u0101 izmanto\u0161ana bez izdev\u0113ja at\u013caujas ir aizliegta. Vair\u0101k lasi  <a target=\"_blank\" href=\"https:\/\/www.delfi.lv\/noteikumi#autortiesibas\" rel=\"nofollow noopener\">\u0161eit<\/a><script async src=\"\/\/www.instagram.com\/embed.js\"><\/script><\/p>\n","protected":false},"excerpt":{"rendered":"Polijas piej\u016bras pils\u0113tas Gda\u0146skas amatperson\u0101m neizdevies p\u0101r\u0146emt \u0113ku, kur\u0101 l\u012bdz tre\u0161dienai atrad\u0101s Krievijas konsul\u0101ts. Pret\u0113ji paredz\u0113taj\u0101m formalit\u0101t\u0113m, neviens&hellip;\n","protected":false},"author":2,"featured_media":86053,"comment_status":"","ping_status":"","sticky":false,"template":"","format":"standard","meta":{"footnotes":""},"categories":[14],"tags":[23,57,28,29,32,33,22,234,30,31,35,39,38,36,37,34,40,20,72,26,27,24,25,54,55,56,21,58],"class_list":{"0":"post-86052","1":"post","2":"type-post","3":"status-publish","4":"format-standard","5":"has-post-thumbnail","7":"category-zinas-no-arvalstim","8":"tag-aktualitates","9":"tag-arvalstim","10":"tag-breaking-news","11":"tag-breakingnews","12":"tag-featured-news","13":"tag-featurednews","14":"tag-headlines","15":"tag-krievija","16":"tag-latest-news","17":"tag-latestnews","18":"tag-latvia","19":"tag-latvian","20":"tag-latviesu","21":"tag-latviesu-valoda","22":"tag-latviesuvaloda","23":"tag-latvija","24":"tag-lv","25":"tag-news","26":"tag-polija","27":"tag-popularakas-zinas","28":"tag-popularakaszinas","29":"tag-top-stories","30":"tag-topstories","31":"tag-world","32":"tag-world-news","33":"tag-worldnews","34":"tag-zinas","35":"tag-zinas-no-arvalstim"},"share_on_mastodon":{"url":"https:\/\/pubeurope.com\/@lv\/115781861593418498","error":""},"_links":{"self":[{"href":"https:\/\/www.europesays.com\/lv\/wp-json\/wp\/v2\/posts\/86052","targetHints":{"allow":["GET"]}}],"collection":[{"href":"https:\/\/www.europesays.com\/lv\/wp-json\/wp\/v2\/posts"}],"about":[{"href":"https:\/\/www.europesays.com\/lv\/wp-json\/wp\/v2\/types\/post"}],"author":[{"embeddable":true,"href":"https:\/\/www.europesays.com\/lv\/wp-json\/wp\/v2\/users\/2"}],"replies":[{"embeddable":true,"href":"https:\/\/www.europesays.com\/lv\/wp-json\/wp\/v2\/comments?post=86052"}],"version-history":[{"count":0,"href":"https:\/\/www.europesays.com\/lv\/wp-json\/wp\/v2\/posts\/86052\/revisions"}],"wp:featuredmedia":[{"embeddable":true,"href":"https:\/\/www.europesays.com\/lv\/wp-json\/wp\/v2\/media\/86053"}],"wp:attachment":[{"href":"https:\/\/www.europesays.com\/lv\/wp-json\/wp\/v2\/media?parent=86052"}],"wp:term":[{"taxonomy":"category","embeddable":true,"href":"https:\/\/www.europesays.com\/lv\/wp-json\/wp\/v2\/categories?post=86052"},{"taxonomy":"post_tag","embeddable":true,"href":"https:\/\/www.europesays.com\/lv\/wp-json\/wp\/v2\/tags?post=86052"}],"curies":[{"name":"wp","href":"https:\/\/api.w.org\/{rel}","templated":true}]}}