{"id":86054,"date":"2025-12-25T19:34:29","date_gmt":"2025-12-25T19:34:29","guid":{"rendered":"https:\/\/www.europesays.com\/lv\/86054\/"},"modified":"2025-12-25T19:34:29","modified_gmt":"2025-12-25T19:34:29","slug":"ta-stulba-belgija-nez-kapec-nevelas-but-ta-kas-nozog-kodolvalsts-naudu","status":"publish","type":"post","link":"https:\/\/www.europesays.com\/lv\/86054\/","title":{"rendered":"T\u0101 stulb\u0101 Be\u013c\u0123ija nez k\u0101p\u0113c nev\u0113las b\u016bt t\u0101, kas nozog kodolvalsts naudu"},"content":{"rendered":"<p>                                                                    <img decoding=\"async\" src=\"https:\/\/www.europesays.com\/lv\/wp-content\/uploads\/2025\/12\/22175.jpg\" alt=\"Foto\" id=\"mainfoto\" \/><br \/> <br \/>\n                                    Rihards Kols, Eiropas Parlamenta deput\u0101ts \u00b7 25.12.2025. \u00b7 <a href=\"\/\/m.pietiek.com\/lapa.php\/raksti\/ta_stulba_belgija_nez_kapec_nevelas_but_ta,_kas_nozog_kodolvalsts_naudu\/komentari\">Koment\u0101ri (40)<\/a><\/p>\n<p id=\"share\">Iesaki rakstu:<br \/><a href=\"https:\/\/twitter.com\/intent\/tweet?text=Iesaku: T\u0101 stulb\u0101 Be\u013c\u0123ija nez k\u0101p\u0113c nev\u0113las b\u016bt t\u0101, kas nozog kodolvalsts naudu&amp;url=http:\/\/www.pietiek.com\/raksti\/ta_stulba_belgija_nez_kapec_nevelas_but_ta,_kas_nozog_kodolvalsts_naudu\/\" rel=\"nofollow noopener\" target=\"_blank\"><img decoding=\"async\" src=\"https:\/\/www.europesays.com\/lv\/wp-content\/uploads\/2025\/12\/twt.png\" alt=\"Twitter\" border=\"0\" \/><\/a><br \/>\n                    <a href=\"https:\/\/www.facebook.com\/share.php?u=http:\/\/www.pietiek.com\/raksti\/ta_stulba_belgija_nez_kapec_nevelas_but_ta,_kas_nozog_kodolvalsts_naudu\/\" rel=\"nofollow noopener\" target=\"_blank\"><img decoding=\"async\" src=\"https:\/\/www.europesays.com\/lv\/wp-content\/uploads\/2025\/12\/fcb.png\" alt=\"Facebook\" border=\"0\" \/><\/a><\/p>\n<p>                    <a href=\"http:\/\/www.pietiek.com\/raksti\/ta_stulba_belgija_nez_kapec_nevelas_but_ta,_kas_nozog_kodolvalsts_naudu\/#\" onclick=\"DraugiemSay(&#039;T\u0101 stulb\u0101 Be\u013c\u0123ija nez k\u0101p\u0113c nev\u0113las b\u016bt t\u0101, kas nozog kodolvalsts naudu&#039;, &#039;http:\/\/www.pietiek.com\/raksti\/ta_stulba_belgija_nez_kapec_nevelas_but_ta,_kas_nozog_kodolvalsts_naudu\/&#039;, &#039;Pietiek.com&#039;);return false;\" title=\"draugiem.lv\" rel=\"nofollow noopener\" target=\"_blank\"><img decoding=\"async\" src=\"https:\/\/www.europesays.com\/lv\/wp-content\/uploads\/2025\/12\/drg.png\" alt=\"Draugiem.lv\" border=\"0\" \/><\/a>\n                    <\/p>\n<p><p style=\"line-height: 19.5px;\">Ir reizes, kad\u00a0<a href=\"https:\/\/www.delfi.lv\/temas\/40409793\/eiropas-savieniba\" target=\"_blank\" rel=\"nofollow noopener\">Eiropas Savien\u012bba<\/a>\u00a0r\u012bkojas pareizi, bet to izdara nepareiz\u0101 veid\u0101. \u0160\u012b ir viena no t\u0101m reiz\u0113m.<\/p>\n<\/p>\n<p>Eiropas Savien\u012bba pag\u0101ju\u0161aj\u0101 ned\u0113\u013c\u0101 izdar\u012bja to, kas bija vajadz\u012bgs \u2013 nodro\u0161in\u0101ja Ukrainas bud\u017eetam nepiecie\u0161amo finans\u0113jumu n\u0101kamajiem diviem gadiem. M\u0113s draugus nelaim\u0113 nepametam. Ja b\u016btu pametu\u0161i, sekas b\u016btu biju\u0161as katastrof\u0101las ne tikai Ukrainai, bet ar\u012b Eiropas dro\u0161\u012bbai kopum\u0101. Ukraina \u0161obr\u012bd ir Eiropas aizsardz\u012bbas l\u012bnija, un ikviens, kur\u0161 to ap\u0161auba, vai nu nesaprot realit\u0101ti, vai izliekas to nesaprotam.<\/p>\n<p>Vienlaikus ES ar\u012b ir izl\u0113musi, ka Ukrainas izdz\u012bvo\u0161anu ar\u012b turpm\u0101k finans\u0113s Eiropas nodok\u013cu maks\u0101t\u0101ji. Tas t\u0101p\u0113c, ka Eiropa ir izv\u0113l\u0113jusies turpin\u0101t sarg\u0101t Krievijas &#8211; agresorvalsts &#8211; iesald\u0113tos valsts un centr\u0101l\u0101s bankas akt\u012bvus. Galvenok\u0101rt Be\u013c\u0123ij\u0101, &#8220;Euroclear&#8221; seifos, ar vis\u0101m juridiskaj\u0101m garantij\u0101m un t\u0101 t\u0101l\u0101k.<\/p>\n<p>\u0160o situ\u0101ciju var m\u0113\u0123in\u0101t aprakst\u012bt k\u0101 kompromisu. K\u0101 pragmatismu. K\u0101 sare\u017e\u0123\u012btu realit\u0101ti. Ta\u010du p\u0113c b\u016bt\u012bbas aina ir vienk\u0101r\u0161a \u2013 Eiropa \u0161obr\u012bd agresora kapit\u0101lu aizsarg\u0101 r\u016bp\u012bg\u0101k nek\u0101 agresora upuri. Tas viss \u2013 politisk\u0101s drosmes tr\u016bkuma d\u0113\u013c.<\/p>\n<p>No bezprecedenta so\u013ca l\u012bdz politiskai paral\u012bzei<\/p>\n<p>Kop\u0161 2022. gada Eirop\u0101 ir iesald\u0113ti gandr\u012bz 300 miljardi eiro Krievijas valsts un Centr\u0101l\u0101s bankas akt\u012bvu. 2025. gada decembra Eiropadom\u0113 \u0161\u012b imobiliz\u0101cija tika nostiprin\u0101ta uz nenoteiktu laiku, izbeidzot se\u0161u m\u0113ne\u0161u p\u0101rapstiprin\u0101\u0161anas meh\u0101nismu un form\u0101li padarot iesald\u0113\u0161anu past\u0101v\u012bgu. \u0160is l\u0113mums &#8211; iesald\u0113t Krievijas akt\u012bvus &#8211; jau 2022. gad\u0101 tika pamatoti uzskat\u012bts par bezprecedenta soli, skaidru sign\u0101lu, ka par agresiju b\u016bs j\u0101maks\u0101.<\/p>\n<p>Ta\u010du gandr\u012bz \u010detrus gadus v\u0113l\u0101k \u0161is sign\u0101ls ir izpl\u0113n\u0113jis. Akt\u012bvi ir iesald\u0113ti, bet joproj\u0101m neaizskarami. Tikm\u0113r Ukrainas atjauno\u0161anas izmaksas saska\u0146\u0101 ar jaun\u0101kaj\u0101m starptautiskaj\u0101m apl\u0113s\u0113m p\u0101rsniedz 524 miljardus eiro, un \u0161\u012b summa aug ar katru Krievijas palaisto ra\u0137eti. Eiropas Savien\u012bbas dal\u012bbvalstis kop\u0161 2022. gada atv\u0113l\u0113ju\u0161as vair\u0101k nek\u0101 137 miljardus eiro no saviem nacion\u0101lajiem bud\u017eetiem Ukrainas b\u0113g\u013cu atbalstam.<\/p>\n<p>Eiropas Komisijas pied\u0101v\u0101tais risin\u0101jums \u2013 t\u0101 sauktais repar\u0101ciju aizdevums \u2013 bija juridiski izsv\u0113rts, mor\u0101li pamatots un politiski sp\u0113c\u012bgs. Finan\u0161u iest\u0101des, kur\u0101s ir iesald\u0113ti Krievijas akt\u012bvi, aizdotu Eiropas Komisijai 210 miljardus eiro, kas savuk\u0101rt izsniegtu aizdevumu Ukrainai. Repar\u0101ciju aizdevuma pl\u0101ns neparedz\u0113ja iesald\u0113to l\u012bdzek\u013cu konfisk\u0101ciju, bet gan to izmanto\u0161anu aizdevuma veid\u0101, ko Krievija faktiski atmaks\u0101tu, maks\u0101jot repar\u0101cijas Ukrainai. Citiem v\u0101rdiem sakot \u2013 agresors pats segtu izmaksas par savu karu.<\/p>\n<p>\u0160is pl\u0101ns tika izg\u0101zts.<\/p>\n<p>Ne t\u0101p\u0113c, ka tas b\u016btu nelikum\u012bgs. Ne t\u0101p\u0113c, ka tas b\u016btu finansi\u0101li nesakar\u012bgs. Bet t\u0101p\u0113c, ka vair\u0101kas ES dal\u012bbvalstis \u2013 Be\u013c\u0123ija k\u0101 Euroclear m\u012btnes valsts, k\u0101 ar\u012b Ung\u0101rija, Slov\u0101kija, Francija un citas \u2013 izv\u0113l\u0113j\u0101s blo\u0137\u0113t \u0161o risin\u0101jumu, piesedzoties ar bail\u0113m, spiedienu un Krievijas \u0161ant\u0101\u017eu.<\/p>\n<p>Politiskas drosmes viet\u0101 \u2013 bailes<\/p>\n<p>Publiskaj\u0101 telp\u0101 domin\u0113 narat\u012bvs, ka Krievijas akt\u012bvu izmanto\u0161ana Ukrainas lab\u0101 esot juridiski riskanta un var\u0113tu novest pie pien\u0101kuma maks\u0101t Krievijai milzu kompens\u0101cijas. \u0160is arguments ticis atk\u0101rtots tik ilgi, ka daudzi to s\u0101ku\u0161i uztvert k\u0101 aksiomu.<\/p>\n<p>Ta\u010du neatkar\u012bgu starptautisko juristu anal\u012bze r\u0101da ko citu \u2013 tiesved\u012bbu risks ir minim\u0101ls un liel\u0101koties teor\u0113tisks, un nek\u0101d\u0101 veid\u0101 nav sal\u012bdzin\u0101ms ar tiem riskiem, ko Eiropa uz\u0146emas, \u013caujot Krievijai turpin\u0101t karu.<\/p>\n<p>Krievija nevar v\u0113rsties Starptautiskaj\u0101 ties\u0101, jo pati neatz\u012bst t\u0101s jurisdikciju. Divpus\u0113jie invest\u012bciju l\u012bgumi neattiecas uz suver\u0113niem valsts akt\u012bviem. Krievijas tiesu spriedumi Eirop\u0101 nav izpild\u0101mi. Un jebkura pras\u012bba Eiropas jurisdikcij\u0101 noz\u012bm\u0113tu Krievijai atteik\u0161anos no suver\u0113n\u0101s imunit\u0101tes \u2013 atverot durvis pretpras\u012bb\u0101m par simtiem miljardu eiro.<\/p>\n<p>Ja \u0161ie riski b\u016btu re\u0101li, Krievija jau sen tos b\u016btu izmantojusi. T\u0101 to nav dar\u012bjusi viena vienk\u0101r\u0161a iemesla d\u0113\u013c \u2013 t\u0101 zina, ka juridiski \u0161\u012b sp\u0113le tai nav uzvarama.<\/p>\n<p>M\u012bti un paties\u012bbas par iesald\u0113to akt\u012bvu konfisk\u0101ciju<\/p>\n<p>M\u012bts:\u00a0Krievijas akt\u012bvu izmanto\u0161ana ir nelikum\u012bga.<\/p>\n<p>Paties\u012bba:\u00a0Starptautisk\u0101s ties\u012bbas pie\u013cauj pretpas\u0101kumus pret valsti, kas rupji p\u0101rk\u0101pj ANO Stat\u016btus. Krievijas agresija pret Ukrainu tam piln\u012bb\u0101 atbilst. Precedenti past\u0101v \u2013 ASV iesald\u0113ja Ir\u0101nas akt\u012bvus p\u0113c v\u0113stniec\u012bbas sagr\u0101b\u0161anas 1979. gad\u0101; p\u0113c Ir\u0101kas iebrukuma Kuveit\u0101 ANO mand\u0101t\u0101 tika izmantoti Ir\u0101kas l\u012bdzek\u013ci repar\u0101cij\u0101m.<\/p>\n<p>M\u012bts:\u00a0Tiks sagrauta Eiropas finan\u0161u reput\u0101cija.<\/p>\n<p>Paties\u012bba:\u00a0P\u0113c gandr\u012bz 300 miljardu eiro iesald\u0113\u0161anas 2022. gad\u0101 Eiropas finan\u0161u sist\u0113ma nesabruka. Eiro poz\u012bcijas pasaul\u0113 saglab\u0101j\u0101s. Taisn\u012bgums reput\u0101ciju stiprina, nevis grauj.<\/p>\n<p>M\u012bts:\u00a0J\u0101respekt\u0113 Krievijas suver\u0113n\u0101 imunit\u0101te.<\/p>\n<p>Paties\u012bba:\u00a0Suver\u0113n\u0101 imunit\u0101te nav vairogs agresijai, kara noziegumiem un genoc\u012bdam. Past\u0101v princips \u2013 ex injuria jus non oritur. No netaisn\u012bbas ties\u012bbas nerodas.<\/p>\n<p>M\u012bts:\u00a0Pietiek izmantot tikai procentu ien\u0101kumus.<\/p>\n<p>Paties\u012bba:\u00a0Aptuveni 3\u20135 miljardi eiro gad\u0101 no procentiem sedz maz\u0101k nek\u0101 vienu procentu no Ukrainas kop\u0113jiem zaud\u0113jumiem, kas p\u0101rsniedz 524 miljardus eiro.<\/p>\n<p>M\u012bts:\u00a0Konfisk\u0101cija rad\u012bs b\u012bstamu precedentu.<\/p>\n<p>Paties\u012bba:\u00a0B\u012bstam\u0101kais precedents b\u016btu pret\u0113js \u2013 ka agresija atmaks\u0101jas, ja esi pietiekami brut\u0101ls un paciet\u012bgs.<\/p>\n<p>Politisk\u0101 \u0161ant\u0101\u017ea darbojas<\/p>\n<p>\u0160oreiz Krievijai pat nevajadz\u0113ja \u017evadzin\u0101t iero\u010dus. Pietika ar ska\u013ciem apgalvojumiem par &#8220;z\u0101dz\u012bbu&#8221;, draudiem par tiesved\u012bb\u0101m un klusu, bet m\u0113r\u0137tiec\u012bgu iebied\u0113\u0161anu aizkulis\u0113s. Rezult\u0101ts \u2013 Eiropas l\u012bderi atk\u0101p\u0101s.<\/p>\n<p>Ja tie\u0161\u0101m pietiek ar \u0161\u0101du spiedienu, lai Eiropa ar asti starp k\u0101j\u0101m atk\u0101ptos, tad jaut\u0101jums ir ne tikai par Ukrainu. Jaut\u0101jums ir par mums pa\u0161iem. Cik kabe\u013cu v\u0113l &#8220;nejau\u0161i&#8221; j\u0101p\u0101rrauj? Cik lidostu, kodolstaciju un milit\u0101ro b\u0101\u017eu v\u0113l j\u0101paraliz\u0113 ar droniem? Vai j\u0101mirst cilv\u0113kiem Eiropas pils\u0113t\u0101s, lai m\u0113s beidzot kolekt\u012bvi saprastu, ar ko mums ir dar\u012b\u0161ana?<\/p>\n<p>Les Mis\u00e9rables Brisel\u0113 \u2013 bag\u0101tie sarg\u0101 &#8220;sv\u0113tos&#8221; Krievijas miljardus<\/p>\n<p>Be\u013c\u0123ijas premjera atsauk\u0161an\u0101s uz t\u0101 saukto &#8220;emocion\u0101lo gandar\u012bjumu&#8221;, ko Baltijas un Austrumeiropas valstis it k\u0101 g\u016bstot no Krievijas iesald\u0113to akt\u012bvu konfisk\u0101cijas, ir ne tikai v\u0101ja, bet ar\u012b ciniska. T\u0101 ir fr\u0101ze, kas \u013cauj dro\u0161\u0101 att\u0101lum\u0101 eso\u0161ajiem piesegt nev\u0113l\u0113\u0161anos r\u012bkoties, kam\u0113r tiek sarg\u0101ti simti miljardu eiro agresora l\u012bdzek\u013cu.<\/p>\n<p>Valstis, kas dz\u012bvo l\u012bdz\u0101s Krievijai, neprasa atrieb\u012bbu un nevad\u0101s p\u0113c emocij\u0101m. T\u0101s vad\u0101s p\u0113c pieredzes. Tie\u0161i \u0161\u012b pieredze m\u0101ca, ka vilcin\u0101\u0161an\u0101s nav piesardz\u012bba, bet uzaicin\u0101jums agresoram iet t\u0101l\u0101k.<\/p>\n<p>Les Mis\u00e9rables \u0161oreiz nav st\u0101sts par nabadz\u012bgajiem. Tas ir st\u0101sts par bag\u0101tajiem, kuri aiz &#8220;racionalit\u0101tes&#8221; un juridisku atrunu fas\u0101des sarg\u0101 status quo \u2013 pat ja tas noz\u012bm\u0113 agresora naudas pasludin\u0101\u0161anu par neaizskaramu. Te viet\u0101 atg\u0101din\u0101t, ka Be\u013c\u0123ija pelna no iesald\u0113tajiem Krievijas akt\u012bviem &#8211; nodok\u013cu ie\u0146\u0113mumos no Euroclear miljardiem eiro lielajiem procentu ien\u0101kumiem (piem\u0113ram, 1,7 miljardus eiro 2024. gad\u0101).<\/p>\n<p>Pareizi l\u0113mumi un nepabeigti darbi<\/p>\n<p>J\u0101, Eiropas Savien\u012bba ir atradusi naudu Ukrainai. Tas ir labi un nepiecie\u0161ami. Ta\u010du tas nav st\u0101sts ar laim\u012bg\u0101m beig\u0101m. Tas ir kompromiss, kas pasarg\u0101 agresora naudu un p\u0101rliek slogu uz Eiropas pilso\u0146u pleciem.<\/p>\n<p>Krievijas iesald\u0113tie akt\u012bvi neatrodas Eirop\u0101 nejau\u0161i. Tie tur ir t\u0101p\u0113c, ka Eiropa ir uzskat\u012bta par dro\u0161u, tiesisku un stabilu telpu. Ja m\u0113s \u0161o telpu izmantojam, lai sarg\u0101tu agresoru, nevis aizst\u0101v\u0113tu upuri, tad \u0161aj\u0101 sist\u0113m\u0101 kaut kas ir fundament\u0101li sal\u016bzis.<\/p>\n<p>\u0160\u012b diskusija nav beigusies. Un tai nevajadz\u0113tu beigties l\u012bdz br\u012bdim, kad agresors beidzot par sevis nodar\u012bto posta\u017eu maks\u0101s pats &#8211; nevis no malas noskat\u012bsies, k\u0101 r\u0113\u0137inus apmaks\u0101 citi.<\/p>\n<p>Nov\u0113rt\u0113 \u0161o rakstu:<\/p>\n<p>22<\/p>\n<p>21<\/p>\n<p>                <script async src=\"https:\/\/platform.twitter.com\/widgets.js\" charset=\"utf-8\"><\/script><\/p>\n","protected":false},"excerpt":{"rendered":"Rihards Kols, Eiropas Parlamenta deput\u0101ts \u00b7 25.12.2025. \u00b7 Koment\u0101ri (40) Iesaki rakstu: Ir reizes, kad\u00a0Eiropas Savien\u012bba\u00a0r\u012bkojas pareizi, bet&hellip;\n","protected":false},"author":2,"featured_media":86055,"comment_status":"","ping_status":"","sticky":false,"template":"","format":"standard","meta":{"footnotes":""},"categories":[14],"tags":[23,57,28,29,32,33,22,30,31,35,39,38,36,37,34,40,20,26,27,24,25,54,55,56,21,58],"class_list":{"0":"post-86054","1":"post","2":"type-post","3":"status-publish","4":"format-standard","5":"has-post-thumbnail","7":"category-zinas-no-arvalstim","8":"tag-aktualitates","9":"tag-arvalstim","10":"tag-breaking-news","11":"tag-breakingnews","12":"tag-featured-news","13":"tag-featurednews","14":"tag-headlines","15":"tag-latest-news","16":"tag-latestnews","17":"tag-latvia","18":"tag-latvian","19":"tag-latviesu","20":"tag-latviesu-valoda","21":"tag-latviesuvaloda","22":"tag-latvija","23":"tag-lv","24":"tag-news","25":"tag-popularakas-zinas","26":"tag-popularakaszinas","27":"tag-top-stories","28":"tag-topstories","29":"tag-world","30":"tag-world-news","31":"tag-worldnews","32":"tag-zinas","33":"tag-zinas-no-arvalstim"},"share_on_mastodon":{"url":"https:\/\/pubeurope.com\/@lv\/115781885388350635","error":""},"_links":{"self":[{"href":"https:\/\/www.europesays.com\/lv\/wp-json\/wp\/v2\/posts\/86054","targetHints":{"allow":["GET"]}}],"collection":[{"href":"https:\/\/www.europesays.com\/lv\/wp-json\/wp\/v2\/posts"}],"about":[{"href":"https:\/\/www.europesays.com\/lv\/wp-json\/wp\/v2\/types\/post"}],"author":[{"embeddable":true,"href":"https:\/\/www.europesays.com\/lv\/wp-json\/wp\/v2\/users\/2"}],"replies":[{"embeddable":true,"href":"https:\/\/www.europesays.com\/lv\/wp-json\/wp\/v2\/comments?post=86054"}],"version-history":[{"count":0,"href":"https:\/\/www.europesays.com\/lv\/wp-json\/wp\/v2\/posts\/86054\/revisions"}],"wp:featuredmedia":[{"embeddable":true,"href":"https:\/\/www.europesays.com\/lv\/wp-json\/wp\/v2\/media\/86055"}],"wp:attachment":[{"href":"https:\/\/www.europesays.com\/lv\/wp-json\/wp\/v2\/media?parent=86054"}],"wp:term":[{"taxonomy":"category","embeddable":true,"href":"https:\/\/www.europesays.com\/lv\/wp-json\/wp\/v2\/categories?post=86054"},{"taxonomy":"post_tag","embeddable":true,"href":"https:\/\/www.europesays.com\/lv\/wp-json\/wp\/v2\/tags?post=86054"}],"curies":[{"name":"wp","href":"https:\/\/api.w.org\/{rel}","templated":true}]}}