{"id":86056,"date":"2025-12-25T19:40:11","date_gmt":"2025-12-25T19:40:11","guid":{"rendered":"https:\/\/www.europesays.com\/lv\/86056\/"},"modified":"2025-12-25T19:40:11","modified_gmt":"2025-12-25T19:40:11","slug":"krievijas-droni-uzbrukusi-energetikas-objektiem-piecos-ukrainas-apgabalos-diena","status":"publish","type":"post","link":"https:\/\/www.europesays.com\/lv\/86056\/","title":{"rendered":"Krievijas droni uzbruku\u0161i ener\u0123\u0113tikas objektiem piecos Ukrainas apgabalos \/ Diena"},"content":{"rendered":"<p>Harkiva da\u013c\u0113ji palikusi bez elektroapg\u0101des un karst\u0101 \u016bdens, jo droni uzbruka div\u0101m katlu m\u0101j\u0101m un s\u016bk\u0146u stacijai, pav\u0113st\u012bja pils\u0113tas m\u0113rs Ihors Terehovs.<\/p>\n<p>&#13;<br \/>\n&#13;<\/p>\n<p>Odesas apgabal\u0101 uzbrukuma d\u0113\u013c b\u016btiskai da\u013cai pat\u0113r\u0113t\u0101ju p\u0101rtraukta elektroapg\u0101de, zi\u0146o port\u0101ls &#8220;RBK-Ukraina&#8221;.<\/p>\n<p>&#13;<br \/>\n&#13;<\/p>\n<p>Ar\u012b \u010ce\u0146ihivas apgabal\u0101 ir elektroapg\u0101des trauc\u0113jumi, kuru iemesls ir drona trieciens ener\u0123\u0113tikas objektam Snovsk\u0101, pav\u0113st\u012bja apgabala kara administr\u0101cijas vad\u012bt\u0101js Vja\u010deslavs \u010causs.<\/p>\n<p>&#13;<br \/>\n&#13;<\/p>\n<p>\u00a0<\/p>\n<p>&#13;<br \/>\n&#13;<\/p>\n<p>.<\/p>\n<p>&#13;<\/p>\n","protected":false},"excerpt":{"rendered":"Harkiva da\u013c\u0113ji palikusi bez elektroapg\u0101des un karst\u0101 \u016bdens, jo droni uzbruka div\u0101m katlu m\u0101j\u0101m un s\u016bk\u0146u stacijai, pav\u0113st\u012bja&hellip;\n","protected":false},"author":2,"featured_media":86057,"comment_status":"","ping_status":"","sticky":false,"template":"","format":"standard","meta":{"footnotes":""},"categories":[14],"tags":[23,57,28,29,32,33,22,30,31,35,39,38,36,37,34,40,20,26,27,24,25,54,55,56,21,58],"class_list":{"0":"post-86056","1":"post","2":"type-post","3":"status-publish","4":"format-standard","5":"has-post-thumbnail","7":"category-zinas-no-arvalstim","8":"tag-aktualitates","9":"tag-arvalstim","10":"tag-breaking-news","11":"tag-breakingnews","12":"tag-featured-news","13":"tag-featurednews","14":"tag-headlines","15":"tag-latest-news","16":"tag-latestnews","17":"tag-latvia","18":"tag-latvian","19":"tag-latviesu","20":"tag-latviesu-valoda","21":"tag-latviesuvaloda","22":"tag-latvija","23":"tag-lv","24":"tag-news","25":"tag-popularakas-zinas","26":"tag-popularakaszinas","27":"tag-top-stories","28":"tag-topstories","29":"tag-world","30":"tag-world-news","31":"tag-worldnews","32":"tag-zinas","33":"tag-zinas-no-arvalstim"},"share_on_mastodon":{"url":"https:\/\/pubeurope.com\/@lv\/115781908816823139","error":""},"_links":{"self":[{"href":"https:\/\/www.europesays.com\/lv\/wp-json\/wp\/v2\/posts\/86056","targetHints":{"allow":["GET"]}}],"collection":[{"href":"https:\/\/www.europesays.com\/lv\/wp-json\/wp\/v2\/posts"}],"about":[{"href":"https:\/\/www.europesays.com\/lv\/wp-json\/wp\/v2\/types\/post"}],"author":[{"embeddable":true,"href":"https:\/\/www.europesays.com\/lv\/wp-json\/wp\/v2\/users\/2"}],"replies":[{"embeddable":true,"href":"https:\/\/www.europesays.com\/lv\/wp-json\/wp\/v2\/comments?post=86056"}],"version-history":[{"count":0,"href":"https:\/\/www.europesays.com\/lv\/wp-json\/wp\/v2\/posts\/86056\/revisions"}],"wp:featuredmedia":[{"embeddable":true,"href":"https:\/\/www.europesays.com\/lv\/wp-json\/wp\/v2\/media\/86057"}],"wp:attachment":[{"href":"https:\/\/www.europesays.com\/lv\/wp-json\/wp\/v2\/media?parent=86056"}],"wp:term":[{"taxonomy":"category","embeddable":true,"href":"https:\/\/www.europesays.com\/lv\/wp-json\/wp\/v2\/categories?post=86056"},{"taxonomy":"post_tag","embeddable":true,"href":"https:\/\/www.europesays.com\/lv\/wp-json\/wp\/v2\/tags?post=86056"}],"curies":[{"name":"wp","href":"https:\/\/api.w.org\/{rel}","templated":true}]}}