{"id":86058,"date":"2025-12-25T19:46:42","date_gmt":"2025-12-25T19:46:42","guid":{"rendered":"https:\/\/www.europesays.com\/lv\/86058\/"},"modified":"2025-12-25T19:46:42","modified_gmt":"2025-12-25T19:46:42","slug":"krievijas-tiesa-arestejusi-cubaisa-ipasumu-pec-rosnano-prasibas","status":"publish","type":"post","link":"https:\/\/www.europesays.com\/lv\/86058\/","title":{"rendered":"Krievijas tiesa arest\u0113jusi \u010cubaisa \u012bpa\u0161umu p\u0113c \u00abRosnano\u00bb pras\u012bbas"},"content":{"rendered":"<p>Biju\u0161\u0101 \u00abRosnano\u00bb vad\u012bt\u0101ja Anatolija \u010cubaisa konti gandr\u012bz 11,9 miljardu rub\u013cu (128,21 milj. eiro) apm\u0113r\u0101 arest\u0113ti p\u0113c Maskavas arbitra\u017eas tiesas l\u0113muma, raksta DW.<\/p>\n<p>Maskavas arbitra\u017eas tiesa p\u0113c korpor\u0101cijas \u00ab\u0420\u043e\u0441\u043d\u0430\u043d\u043e\u00bb pras\u012bbas noteikusi nodro\u0161in\u0101juma arestu biju\u0161\u0101 \u0161\u012bs komp\u0101nijas vad\u012bt\u0101ja Anatolija \u010cubaisa kontiem kop\u0113j\u0101 summ\u0101 gandr\u012bz 11,9 miljardu rub\u013cu (128,21 milj. eiro). T\u0101pat arest\u0113ts biju\u0161\u0101 ekonomikas ministra Jakova Urinsona un citu biju\u0161o \u00abRosnano\u00bb vad\u012bt\u0101ju \u012bpa\u0161ums, zi\u0146o a\u0123ent\u016bra \u0422\u0410\u0421\u0421 pirmdien, 23. decembr\u012b.<\/p>\n<p>Kopum\u0101 liet\u0101 k\u0101 atbild\u0113t\u0101ji iesaist\u012bti 13 cilv\u0113ki, uz vi\u0146u \u012bpa\u0161umiem noteikts arests. Uz biju\u0161\u0101 ekonomikas ministra Jakova Urinsona kontiem tiesa arest\u0113jusi vair\u0101k nek\u0101 8 miljardus rub\u013cu (86,96 milj. eiro). Biju\u0161\u0101 \u00abRosnano\u00bb izpilddirektora Borisa Podolskija kontos arest\u0113ti gandr\u012bz 6 miljardu rub\u013cu.<\/p>\n<p>Tiesa uzsv\u0113ra, ka, sakar\u0101 ar konkr\u0113tu \u012bpa\u0161umu saraksta tr\u016bkumu, pras\u012bba par arestu ir tikai pie\u0146\u0113mums par \u012bpa\u0161uma esam\u012bbu, raksta a\u0123ent\u016bra RBK. Sakar\u0101 ar to arbitra\u017eas tiesa arest\u0113ja \u010cubaisa \u012bpa\u0161umus \u00abpras\u012bbu robe\u017e\u0101s 11,9 miljardu rub\u013cu (128,21 milj. eiro) apm\u0113r\u0101\u00bb.<\/p>\n<p>Tiesa: atbild\u0113t\u0101ji \u00abnav ieinteres\u0113ti\u00bb \u012bpa\u0161umu saglab\u0101\u0161an\u0101 Krievijas Feder\u0101cijas teritorij\u0101<\/p>\n<p>\u00abAtbild\u0113t\u0101ji nav ieinteres\u0113ti saglab\u0101t \u012bpa\u0161umus Krievijas Feder\u0101cijas teritorij\u0101, un \u201eRosnano\u201d ir pamatotas aizdomas, ka atbild\u0113t\u0101ju akt\u012bvi tuv\u0101kaj\u0101 laik\u0101 p\u0113c pras\u012bbas sa\u0146em\u0161anas var tikt izvesti \u0101rpus Krievijas Feder\u0101cijas\u00bb, \u2014 teikts tiesas l\u0113mum\u0101.<\/p>\n<p>\u00abRosnano\u00bb 12. decembr\u012b iesniedza pras\u012bbu pret saviem biju\u0161ajiem vad\u012bt\u0101jiem par 11,9 miljardu rub\u013cu (128,21 milj. eiro) zaud\u0113jumu piedzi\u0146u saist\u012bb\u0101 ar projektu Crocus. \u0160o projektu \u00abRosnano\u00bb apstiprin\u0101ja 2011. gad\u0101; t\u0101 m\u0113r\u0137is bija izveidot Krievijas teritorij\u0101 magn\u0113torezist\u012bvo operat\u012bv\u0101s atmi\u0146as MRA ra\u017eo\u0161anu.<\/p>\n<p>\u0160\u012b ir jau otr\u0101 \u00abRosnano\u00bb pras\u012bba pret biju\u0161ajiem komp\u0101nijas vad\u012bt\u0101jiem. Apr\u012bl\u012b tiesa noteica arestu Anatolija \u010cubaisa naudas l\u012bdzek\u013ciem un citam \u012bpa\u0161umam, k\u0101 ar\u012b v\u0113l septi\u0146iem atbild\u0113t\u0101jiem \u2014 kop\u0113j\u0101 pras\u012bt\u0101 summa sasniedza 5,6 miljardus rub\u013cu (60,88 milj. eiro).<\/p>\n<p>\n                            Valodas k\u013c\u016bda rakst\u0101?<br \/>Iez\u012bm\u0113jiet tekstu un spiediet Zi\u0146ot par k\u013c\u016bdu pogas   , lai nos\u016bt\u012btu labojamo teksta fragmentu redaktoram!<\/p>\n<p>                                Zi\u0146ot par k\u013c\u016bdu<\/p>\n","protected":false},"excerpt":{"rendered":"Biju\u0161\u0101 \u00abRosnano\u00bb vad\u012bt\u0101ja Anatolija \u010cubaisa konti gandr\u012bz 11,9 miljardu rub\u013cu (128,21 milj. eiro) apm\u0113r\u0101 arest\u0113ti p\u0113c Maskavas arbitra\u017eas&hellip;\n","protected":false},"author":2,"featured_media":86059,"comment_status":"","ping_status":"","sticky":false,"template":"","format":"standard","meta":{"footnotes":""},"categories":[14],"tags":[23,57,28,29,32,33,22,30,31,35,39,38,36,37,34,40,20,26,27,24,25,54,55,56,21,58],"class_list":{"0":"post-86058","1":"post","2":"type-post","3":"status-publish","4":"format-standard","5":"has-post-thumbnail","7":"category-zinas-no-arvalstim","8":"tag-aktualitates","9":"tag-arvalstim","10":"tag-breaking-news","11":"tag-breakingnews","12":"tag-featured-news","13":"tag-featurednews","14":"tag-headlines","15":"tag-latest-news","16":"tag-latestnews","17":"tag-latvia","18":"tag-latvian","19":"tag-latviesu","20":"tag-latviesu-valoda","21":"tag-latviesuvaloda","22":"tag-latvija","23":"tag-lv","24":"tag-news","25":"tag-popularakas-zinas","26":"tag-popularakaszinas","27":"tag-top-stories","28":"tag-topstories","29":"tag-world","30":"tag-world-news","31":"tag-worldnews","32":"tag-zinas","33":"tag-zinas-no-arvalstim"},"share_on_mastodon":{"url":"https:\/\/pubeurope.com\/@lv\/115781932389032824","error":""},"_links":{"self":[{"href":"https:\/\/www.europesays.com\/lv\/wp-json\/wp\/v2\/posts\/86058","targetHints":{"allow":["GET"]}}],"collection":[{"href":"https:\/\/www.europesays.com\/lv\/wp-json\/wp\/v2\/posts"}],"about":[{"href":"https:\/\/www.europesays.com\/lv\/wp-json\/wp\/v2\/types\/post"}],"author":[{"embeddable":true,"href":"https:\/\/www.europesays.com\/lv\/wp-json\/wp\/v2\/users\/2"}],"replies":[{"embeddable":true,"href":"https:\/\/www.europesays.com\/lv\/wp-json\/wp\/v2\/comments?post=86058"}],"version-history":[{"count":0,"href":"https:\/\/www.europesays.com\/lv\/wp-json\/wp\/v2\/posts\/86058\/revisions"}],"wp:featuredmedia":[{"embeddable":true,"href":"https:\/\/www.europesays.com\/lv\/wp-json\/wp\/v2\/media\/86059"}],"wp:attachment":[{"href":"https:\/\/www.europesays.com\/lv\/wp-json\/wp\/v2\/media?parent=86058"}],"wp:term":[{"taxonomy":"category","embeddable":true,"href":"https:\/\/www.europesays.com\/lv\/wp-json\/wp\/v2\/categories?post=86058"},{"taxonomy":"post_tag","embeddable":true,"href":"https:\/\/www.europesays.com\/lv\/wp-json\/wp\/v2\/tags?post=86058"}],"curies":[{"name":"wp","href":"https:\/\/api.w.org\/{rel}","templated":true}]}}