{"id":86083,"date":"2025-12-25T20:22:24","date_gmt":"2025-12-25T20:22:24","guid":{"rendered":"https:\/\/www.europesays.com\/lv\/86083\/"},"modified":"2025-12-25T20:22:24","modified_gmt":"2025-12-25T20:22:24","slug":"2025-gads-varetu-but-pedejais-miera-gads-uzskata-orbans","status":"publish","type":"post","link":"https:\/\/www.europesays.com\/lv\/86083\/","title":{"rendered":"2025. gads var\u0113tu b\u016bt p\u0113d\u0113jais miera gads, uzskata Orb\u0101ns"},"content":{"rendered":"<p class=\"lead\">\n                                Ung\u0101rijas premjerministrs Viktors Orb\u0101ns pie\u013c\u0101vis iesp\u0113ju, ka 2025. gads ir p\u0113d\u0113jais miera gads Eirop\u0101.\n                            <\/p>\n<p style=\"margin-left:0px;\">Tre\u0161dien public\u0113taj\u0101 intervij\u0101 laikrakstam &#8220;Magyar Nemzet&#8221; Orb\u0101ns nor\u0101d\u012bjis, ka p\u0113d\u0113jais lielais kar\u0161 Eirop\u0101 beidzies 1945. gad\u0101 un ka kop\u0161 t\u0101 laika pag\u0101ju\u0161i 80 gadi.<\/p>\n<p style=\"margin-left:0px;\">&#8220;Ilgu laiku masu izn\u012bcin\u0101\u0161anas kodoliero\u010di attur\u0113ja kontinenta tautas no kara. Visi uzskat\u012bja, ka Eiropas konflikts neizb\u0113gami p\u0101raugs pasaules kodolkar\u0101. \u0160\u012bs bailes darboj\u0101s 80 gadus,&#8221; atzinis Ung\u0101rijas premjers. &#8220;Ta\u010du tagad par\u0101d\u0101s piln\u012bgi jauna pasaule.&#8221;<\/p>\n<p style=\"margin-left:0px;\">&#8220;Notiek finansu, milit\u0101r\u0101s un politisk\u0101s varas p\u0101rdale, kas var pat izprovoc\u0113t karu. Milit\u0101r\u0101 spriedze Eirop\u0101 ir Rietumeiropas un Eiropas Savien\u012bbas (ES) pagrimuma sekas,&#8221; apgalvojis Orb\u0101ns.<\/p>\n<p style=\"margin-left:0px;\">Vi\u0146apr\u0101t, m\u0113s tuvojamies karam. Vienlaikus Orb\u0101ns apgalvojis, ka, pateicoties vi\u0146am, pag\u0101ju\u0161aj\u0101 ned\u0113\u013c\u0101 esot izdevies nobremz\u0113t tuvo\u0161anos karam, jo ES samit\u0101 netika pie\u0146emts l\u0113mums par iesald\u0113to Krievijas l\u012bdzek\u013cu izmanto\u0161anu Ukrainas finans\u0113\u0161anai.<\/p>\n<p style=\"margin-left:0px;\">Tom\u0113r tuvo\u0161an\u0101s karam neesot aptur\u0113ta, bet tikai pal\u0113nin\u0101ta, \u017e\u0113lojies Ung\u0101rijas vald\u012bbas vad\u012bt\u0101js, kas joproj\u0101m uztur prokrievisku kursu.<\/p>\n<p style=\"margin-left:0px;\">&#8220;\u0160odien Eirop\u0101 ir divas nometnes &#8211; kara atbalst\u012bt\u0101ji un miera atbalst\u012bt\u0101ji. Tagad p\u0101rsvars ir kara sp\u0113kiem. Brisele grib karu, Ung\u0101rija grib mieru,&#8221; apgalvojis Orb\u0101ns.<\/p>\n<p class=\"paragraph-muted\">Izv\u0113lies savu soct\u012bklu platformu, lai sekotu LASI.LV: <a href=\"https:\/\/www.facebook.com\/portals.lasi.lv\" target=\"_blank\" rel=\"noopener noreferrer nofollow\">Facebook<\/a>, <a href=\"https:\/\/twitter.com\/lasilvportals\" target=\"_blank\" rel=\"noopener noreferrer nofollow\">X<\/a>, <a href=\"https:\/\/bsky.app\/profile\/lasilv.bsky.social\" target=\"_blank\" rel=\"noopener noreferrer nofollow\">Bluesky<\/a>, <a href=\"https:\/\/www.draugiem.lv\/lasilv\/?pg=4\" target=\"_blank\" rel=\"noopener noreferrer nofollow\">Draugiem<\/a> vai ar\u012b <a href=\"https:\/\/www.instagram.com\/lasilv_zinas\/\" target=\"_blank\" rel=\"noopener noreferrer nofollow\">Instagram<\/a>. Pievienojies m\u016bsu las\u012bt\u0101ju pulkam, lai sa\u0146emtu \u012bpa\u0161i tev atlas\u012btu noder\u012bgu, praktisku un aktu\u0101lu saturu.\u00a0<\/p>\n<p style=\"margin-left:auto;\">Pieraksties LASI.LV redaktora v\u0113stkopai <a href=\"https:\/\/lasi.lv\/vestkopa\/lasi-lv-galvena-redaktora-vestkopa\" rel=\"nofollow noopener\" target=\"_blank\">\u0161eit<\/a>.<\/p>\n<p>Pieraksties v\u0113stkopai un divas reizes ned\u0113\u013c\u0101 sa\u0146em padzi\u013cin\u0101tu LASI.LV galven\u0101 redaktora aktu\u0101lo zi\u0146u, kompetentu viedok\u013cu un interesant\u0101ko interviju apkopojumu.<\/p>\n<p>Ko tu sa\u0146emsi:<\/p>\n<ul>\n<li>Daudzveid\u012bgus koment\u0101rus un kompetentus Latvijas Mediju \u017eurn\u0101listu un autoru viedok\u013cus par aktu\u0101lo<\/li>\n<li>Ekspertu koment\u0101rus par da\u017e\u0101diem praktiskiem, noder\u012bgiem tematiem<\/li>\n<li>Aizraujo\u0161us materi\u0101lus par v\u0113sturi, psiholo\u0123iju, kult\u016bru<\/li>\n<li>Gata \u0160\u013c\u016bkas karikat\u016bru<\/li>\n<li>Tav\u0101 e-pasta kast\u012bt\u0113 katru ceturtdienu<\/li>\n<\/ul>\n<p style=\"margin-left:auto;\">\u00a0<\/p>\n<p><script async src=\"https:\/\/platform.twitter.com\/widgets.js\" charset=\"utf-8\"><\/script><script async src=\"\/\/www.instagram.com\/embed.js\"><\/script><\/p>\n","protected":false},"excerpt":{"rendered":"Ung\u0101rijas premjerministrs Viktors Orb\u0101ns pie\u013c\u0101vis iesp\u0113ju, ka 2025. gads ir p\u0113d\u0113jais miera gads Eirop\u0101. Tre\u0161dien public\u0113taj\u0101 intervij\u0101 laikrakstam&hellip;\n","protected":false},"author":2,"featured_media":86084,"comment_status":"","ping_status":"","sticky":false,"template":"","format":"standard","meta":{"footnotes":""},"categories":[14],"tags":[23,57,28,29,32,33,22,30,31,35,39,38,36,37,34,40,20,26,27,24,25,54,55,56,21,58],"class_list":{"0":"post-86083","1":"post","2":"type-post","3":"status-publish","4":"format-standard","5":"has-post-thumbnail","7":"category-zinas-no-arvalstim","8":"tag-aktualitates","9":"tag-arvalstim","10":"tag-breaking-news","11":"tag-breakingnews","12":"tag-featured-news","13":"tag-featurednews","14":"tag-headlines","15":"tag-latest-news","16":"tag-latestnews","17":"tag-latvia","18":"tag-latvian","19":"tag-latviesu","20":"tag-latviesu-valoda","21":"tag-latviesuvaloda","22":"tag-latvija","23":"tag-lv","24":"tag-news","25":"tag-popularakas-zinas","26":"tag-popularakaszinas","27":"tag-top-stories","28":"tag-topstories","29":"tag-world","30":"tag-world-news","31":"tag-worldnews","32":"tag-zinas","33":"tag-zinas-no-arvalstim"},"share_on_mastodon":{"url":"https:\/\/pubeurope.com\/@lv\/115782073886769630","error":""},"_links":{"self":[{"href":"https:\/\/www.europesays.com\/lv\/wp-json\/wp\/v2\/posts\/86083","targetHints":{"allow":["GET"]}}],"collection":[{"href":"https:\/\/www.europesays.com\/lv\/wp-json\/wp\/v2\/posts"}],"about":[{"href":"https:\/\/www.europesays.com\/lv\/wp-json\/wp\/v2\/types\/post"}],"author":[{"embeddable":true,"href":"https:\/\/www.europesays.com\/lv\/wp-json\/wp\/v2\/users\/2"}],"replies":[{"embeddable":true,"href":"https:\/\/www.europesays.com\/lv\/wp-json\/wp\/v2\/comments?post=86083"}],"version-history":[{"count":0,"href":"https:\/\/www.europesays.com\/lv\/wp-json\/wp\/v2\/posts\/86083\/revisions"}],"wp:featuredmedia":[{"embeddable":true,"href":"https:\/\/www.europesays.com\/lv\/wp-json\/wp\/v2\/media\/86084"}],"wp:attachment":[{"href":"https:\/\/www.europesays.com\/lv\/wp-json\/wp\/v2\/media?parent=86083"}],"wp:term":[{"taxonomy":"category","embeddable":true,"href":"https:\/\/www.europesays.com\/lv\/wp-json\/wp\/v2\/categories?post=86083"},{"taxonomy":"post_tag","embeddable":true,"href":"https:\/\/www.europesays.com\/lv\/wp-json\/wp\/v2\/tags?post=86083"}],"curies":[{"name":"wp","href":"https:\/\/api.w.org\/{rel}","templated":true}]}}