{"id":86168,"date":"2025-12-25T22:38:29","date_gmt":"2025-12-25T22:38:29","guid":{"rendered":"https:\/\/www.europesays.com\/lv\/86168\/"},"modified":"2025-12-25T22:38:29","modified_gmt":"2025-12-25T22:38:29","slug":"14-krievijas-sportisti-ieklauti-valsts-nevelamo-personu-saraksta-pirms-siguldas-pasaules-kausa-posma-lente-lv","status":"publish","type":"post","link":"https:\/\/www.europesays.com\/lv\/86168\/","title":{"rendered":"14 Krievijas Sportisti Iek\u013cauti Valsts Nev\u0113lamo Personu Sarakst\u0101 Pirms Siguldas Pasaules Kausa Posma\u00a0\u2014\u00a0Lente.lv"},"content":{"rendered":"<p>\u0100rlietu ministrija Pie\u0146em Stingru L\u0113mumu<\/p>\n<p>Latvijas \u0100rlietu ministrija (\u0100M) ir pie\u0146\u0113musi l\u0113mumu iek\u013caut 14 Krievijas sportistus Latvijai nev\u0113lamo personu sarakst\u0101, otrdien pazi\u0146oja \u0101rlietu ministre Baiba Bra\u017ee no partijas &#8220;Jaun\u0101 Vienot\u012bba&#8221;. K\u0101 inform\u0113 Latvijas Sabiedriskie Mediji, \u0161is solis sperts tie\u0161i pirms starptautisku ziemas sporta sacens\u012bbu norises Latvij\u0101 janv\u0101ra s\u0101kum\u0101.<\/p>\n<p>\u0160is aizliegums iece\u013cot Latvij\u0101 ir noteikts uz nenoteiktu laiku. Ministre Bra\u017ee publiski uzsv\u0113ra, ka agresorvalsts sportisti nav gaid\u012bti Latvijas teritorij\u0101. L\u0113muma pie\u0146em\u0161an\u0101 tika vad\u012bta no Imigr\u0101cijas likuma 61. panta otr\u0101s da\u013cas, kas dod \u0101rlietu ministram ties\u012bbas noteikt personas par persona non grata, ja tas nepiecie\u0161ams valsts dro\u0161\u012bbai vai interes\u0113m.<\/p>\n<p>Sasaiste ar Pasaules Kauss Kamani\u0146u Sport\u0101 Siguld\u0101<\/p>\n<p>L\u0113mums ir tie\u0161i saist\u012bts ar janv\u0101ra s\u0101kum\u0101 Siguld\u0101 paredz\u0113to Pasaules kausa posmu kamani\u0146u sport\u0101. \u0160\u012bs sacens\u012bbas ir \u012bpa\u0161i svar\u012bgas, jo sportisti turpm\u0101k c\u012bn\u012bsies par punktiem Mil\u0101nas-Kort\u012bnas Ziemas olimpisko sp\u0113\u013cu kvalifik\u0101cij\u0101. \u0100rlietu ministrijas p\u0101rst\u0101vji preciz\u0113ja, ka aizliegums pie\u0146emts, \u0146emot v\u0113r\u0101 \u0161\u012b gaid\u0101m\u0101 notikuma kontekstu.<\/p>\n<p>Lai gan Starptautisk\u0101 Kamani\u0146u sporta feder\u0101cija (FIL) iepriek\u0161 bija \u013c\u0101vusi Krievijas sportistiem piedal\u012bties sacens\u012bb\u0101s k\u0101 neitr\u0101liem dal\u012bbniekiem, Latvijas puse stingri pieturas pie nacion\u0101lajiem normat\u012bviem. Latvijas Kamani\u0146u sporta feder\u0101cija (LKSF) iepriek\u0161 pauda, ka Latvijas likumdo\u0161ana ne\u013cauj organiz\u0113t \u0161\u0101dus pas\u0101kumus ar Krievijas sportistu dal\u012bbu.<\/p>\n<p>Organizatoru Pl\u0101ni un Izaicin\u0101jumi<\/p>\n<p>Neskatoties uz diplom\u0101tisko un politisko spriedzi, Pasaules kausa posma r\u012bkot\u0101ji Siguld\u0101 gatavojas sacens\u012bbu uz\u0146em\u0161anai. Sporta kalend\u0101rs liecina, ka sacens\u012bbas pl\u0101notas 3. un 4. janv\u0101r\u012b. LKSF gan nor\u0101d\u012bja, ka gatavojas uz\u0146emt posmu bez agresorvalsts dal\u012bbniekiem, cerot, ka sacens\u012bbu norise netiks apdraud\u0113ta.<\/p>\n<p>Iepriek\u0161\u0113j\u0101 posm\u0101 ASV, atsevi\u0161\u0137i Krievijas sportisti, kas atbilda neitr\u0101la statusam, jau bija atgriezu\u0161ies Pasaules kausa aprit\u0113, ta\u010du \u0161\u0137iet, ka Latvij\u0101 vi\u0146u dal\u012bba b\u016bs neiesp\u0113jama valsts noteikt\u0101 aizlieguma d\u0113\u013c. Feder\u0101cij\u0101 ar\u012b paudu\u0161i ba\u017eas par iesp\u0113jamo spiedienu no starptautiskaj\u0101m instanc\u0113m, tom\u0113r Latvijas poz\u012bcija, kas balst\u0101s uz nacion\u0101lo likumdo\u0161anu un atbalstu Ukrainai, pagaid\u0101m ir nemain\u012bga.<\/p>\n<p>Pla\u0161\u0101ks Konteksts<\/p>\n<p>\u0160is l\u0113mums iek\u013caut sportistus nev\u0113lamo personu sarakst\u0101 nav bezprecedents p\u0113d\u0113jo gadu laik\u0101, jo Latvija, rea\u0123\u0113jot uz Krievijas agresiju Ukrain\u0101, vair\u0101kk\u0101rt papildin\u0101jusi \u0161\u0101du sarakstu ar Krievijas un Baltkrievijas pilso\u0146iem. \u0160oreiz uzman\u012bbas centr\u0101 ir tie\u0161i sporta pas\u0101kums, kas ir noz\u012bm\u012bgs gan olimpisko kvalifik\u0101cijas kontekst\u0101, gan k\u0101 viens no retajiem starptautiskajiem ziemas sporta notikumiem Baltij\u0101.<\/p>\n","protected":false},"excerpt":{"rendered":"\u0100rlietu ministrija Pie\u0146em Stingru L\u0113mumu Latvijas \u0100rlietu ministrija (\u0100M) ir pie\u0146\u0113musi l\u0113mumu iek\u013caut 14 Krievijas sportistus Latvijai nev\u0113lamo&hellip;\n","protected":false},"author":2,"featured_media":86169,"comment_status":"","ping_status":"","sticky":false,"template":"","format":"standard","meta":{"footnotes":""},"categories":[12],"tags":[23,447,28,29,32,33,22,3083,30,31,35,39,38,36,37,34,40,21615,20,13054,26,27,615,24,25,21],"class_list":{"0":"post-86168","1":"post","2":"type-post","3":"status-publish","4":"format-standard","5":"has-post-thumbnail","7":"category-latvija","8":"tag-aktualitates","9":"tag-baiba-braze","10":"tag-breaking-news","11":"tag-breakingnews","12":"tag-featured-news","13":"tag-featurednews","14":"tag-headlines","15":"tag-krievijas-sportisti","16":"tag-latest-news","17":"tag-latestnews","18":"tag-latvia","19":"tag-latvian","20":"tag-latviesu","21":"tag-latviesu-valoda","22":"tag-latviesuvaloda","23":"tag-latvija","24":"tag-lv","25":"tag-nevelamo-personu-saraksts","26":"tag-news","27":"tag-pasaules-kauss-kamaninu-sporta","28":"tag-popularakas-zinas","29":"tag-popularakaszinas","30":"tag-sigulda","31":"tag-top-stories","32":"tag-topstories","33":"tag-zinas"},"share_on_mastodon":{"url":"https:\/\/pubeurope.com\/@lv\/115782608899020208","error":""},"_links":{"self":[{"href":"https:\/\/www.europesays.com\/lv\/wp-json\/wp\/v2\/posts\/86168","targetHints":{"allow":["GET"]}}],"collection":[{"href":"https:\/\/www.europesays.com\/lv\/wp-json\/wp\/v2\/posts"}],"about":[{"href":"https:\/\/www.europesays.com\/lv\/wp-json\/wp\/v2\/types\/post"}],"author":[{"embeddable":true,"href":"https:\/\/www.europesays.com\/lv\/wp-json\/wp\/v2\/users\/2"}],"replies":[{"embeddable":true,"href":"https:\/\/www.europesays.com\/lv\/wp-json\/wp\/v2\/comments?post=86168"}],"version-history":[{"count":0,"href":"https:\/\/www.europesays.com\/lv\/wp-json\/wp\/v2\/posts\/86168\/revisions"}],"wp:featuredmedia":[{"embeddable":true,"href":"https:\/\/www.europesays.com\/lv\/wp-json\/wp\/v2\/media\/86169"}],"wp:attachment":[{"href":"https:\/\/www.europesays.com\/lv\/wp-json\/wp\/v2\/media?parent=86168"}],"wp:term":[{"taxonomy":"category","embeddable":true,"href":"https:\/\/www.europesays.com\/lv\/wp-json\/wp\/v2\/categories?post=86168"},{"taxonomy":"post_tag","embeddable":true,"href":"https:\/\/www.europesays.com\/lv\/wp-json\/wp\/v2\/tags?post=86168"}],"curies":[{"name":"wp","href":"https:\/\/api.w.org\/{rel}","templated":true}]}}