{"id":86248,"date":"2025-12-26T01:53:15","date_gmt":"2025-12-26T01:53:15","guid":{"rendered":"https:\/\/www.europesays.com\/lv\/86248\/"},"modified":"2025-12-26T01:53:15","modified_gmt":"2025-12-26T01:53:15","slug":"otrie-ziemassvetki-prieces-ar-sauli-laika-prognoze-piektdienai","status":"publish","type":"post","link":"https:\/\/www.europesays.com\/lv\/86248\/","title":{"rendered":"Otrie Ziemassv\u0113tki priec\u0113s ar sauli. Laika prognoze piektdienai"},"content":{"rendered":"<p>    <img decoding=\"async\" src=\"https:\/\/www.europesays.com\/lv\/wp-content\/uploads\/2025\/12\/WhatsApp-Image-2025-02-06-at-14.16.38-1024x682.jpeg\" alt=\"&#10;\"\/><\/p>\n<p>Publicit\u0101tes foto\n<\/p>\n<p>15:13, 25. decembris 2025<\/p>\n<p>Piektdien, Otrajos Ziemassv\u0113tkos, daudzviet Latvij\u0101 uzsp\u012bd\u0113s saule, liecina Latvijas Vides, \u0123eolo\u0123ijas un meteorolo\u0123ijas centra prognozes.<\/p>\n<p>        Las\u012bt\u0101kie<br \/>\n        <a data-imagesrc=\"{&quot;300&quot;:&quot;https:\\\/\\\/lastatic.ams3.cdn.digitaloceanspaces.com\\\/2025\\\/12\\\/pexels-cottonbro-7351142-300x200.jpg&quot;,&quot;1024&quot;:&quot;https:\\\/\\\/lastatic.ams3.cdn.digitaloceanspaces.com\\\/2025\\\/12\\\/pexels-cottonbro-7351142-1024x683.jpg&quot;,&quot;1536&quot;:&quot;https:\\\/\\\/lastatic.ams3.cdn.digitaloceanspaces.com\\\/2025\\\/12\\\/pexels-cottonbro-7351142-1536x1024.jpg&quot;,&quot;500&quot;:&quot;https:\\\/\\\/lastatic.ams3.cdn.digitaloceanspaces.com\\\/2025\\\/12\\\/pexels-cottonbro-7351142-500x333.jpg&quot;,&quot;800&quot;:&quot;https:\\\/\\\/lastatic.ams3.cdn.digitaloceanspaces.com\\\/2025\\\/12\\\/pexels-cottonbro-7351142-800x533.jpg&quot;,&quot;2560&quot;:&quot;https:\\\/\\\/lastatic.ams3.cdn.digitaloceanspaces.com\\\/2025\\\/12\\\/pexels-cottonbro-7351142-scaled.jpg&quot;}\" data-focuspoint=\"&quot;&quot;\" data-p=\"2481244\" href=\"https:\/\/www.la.lv\/pamosties-plkst-2-00-vai-3-00-nakti-bez-iemesla-iespejams-pie-vainas-kads-no-siem-partikas-produktiem\" class=\"content-item lazy-load\" wp_automatic_readability=\"27\" rel=\"nofollow noopener\" target=\"_blank\"><\/p>\n<p>                                <img decoding=\"async\" src=\"\" alt=\"\" style=\"\" data-imageid=\"\"\/><\/p>\n<p>                                Veselam<\/p>\n<p>\n                                                Pamosties plkst. 2.00 vai 3.00 nakt\u012b bez iemesla? Iesp\u0113jams, pie vainas k\u0101ds no \u0161iem p\u0101rtikas produktiem\n                            <\/p>\n<p><\/a><a data-imagesrc=\"{&quot;300&quot;:&quot;https:\\\/\\\/lastatic.ams3.cdn.digitaloceanspaces.com\\\/2024\\\/12\\\/pexels-photography-maghradze-ph-1659410-3764958-300x200.jpg&quot;,&quot;1024&quot;:&quot;https:\\\/\\\/lastatic.ams3.cdn.digitaloceanspaces.com\\\/2024\\\/12\\\/pexels-photography-maghradze-ph-1659410-3764958-1024x683.jpg&quot;,&quot;768&quot;:&quot;https:\\\/\\\/lastatic.ams3.cdn.digitaloceanspaces.com\\\/2024\\\/12\\\/pexels-photography-maghradze-ph-1659410-3764958-768x512.jpg&quot;,&quot;1536&quot;:&quot;https:\\\/\\\/lastatic.ams3.cdn.digitaloceanspaces.com\\\/2024\\\/12\\\/pexels-photography-maghradze-ph-1659410-3764958-1536x1024.jpg&quot;,&quot;2048&quot;:&quot;https:\\\/\\\/lastatic.ams3.cdn.digitaloceanspaces.com\\\/2024\\\/12\\\/pexels-photography-maghradze-ph-1659410-3764958-2048x1365.jpg&quot;,&quot;200&quot;:&quot;https:\\\/\\\/lastatic.ams3.cdn.digitaloceanspaces.com\\\/2024\\\/12\\\/pexels-photography-maghradze-ph-1659410-3764958-200x133.jpg&quot;,&quot;400&quot;:&quot;https:\\\/\\\/lastatic.ams3.cdn.digitaloceanspaces.com\\\/2024\\\/12\\\/pexels-photography-maghradze-ph-1659410-3764958-400x267.jpg&quot;,&quot;500&quot;:&quot;https:\\\/\\\/lastatic.ams3.cdn.digitaloceanspaces.com\\\/2024\\\/12\\\/pexels-photography-maghradze-ph-1659410-3764958-500x333.jpg&quot;,&quot;800&quot;:&quot;https:\\\/\\\/lastatic.ams3.cdn.digitaloceanspaces.com\\\/2024\\\/12\\\/pexels-photography-maghradze-ph-1659410-3764958-800x533.jpg&quot;,&quot;1000&quot;:&quot;https:\\\/\\\/lastatic.ams3.cdn.digitaloceanspaces.com\\\/2024\\\/12\\\/pexels-photography-maghradze-ph-1659410-3764958-1000x667.jpg&quot;,&quot;2560&quot;:&quot;https:\\\/\\\/lastatic.ams3.cdn.digitaloceanspaces.com\\\/2024\\\/12\\\/pexels-photography-maghradze-ph-1659410-3764958-scaled.jpg&quot;}\" data-focuspoint=\"&quot;&quot;\" data-p=\"2304905\" href=\"https:\/\/www.la.lv\/10-lietas-ko-darija-80-gadu-berni-un-kas-soketu-musdienu-bernus\" class=\"content-item lazy-load\" wp_automatic_readability=\"26.5\" rel=\"nofollow noopener\" target=\"_blank\"><\/p>\n<p>                                <img decoding=\"async\" src=\"\" alt=\"\" style=\"\" data-imageid=\"\"\/><\/p>\n<p>                                Kokteilis<\/p>\n<p>\n                                                10 lietas, ko dar\u012bja 80.\u00a0gadu b\u0113rni un kas \u0161ok\u0113tu m\u016bsdienu b\u0113rnus\n                            <\/p>\n<p><\/a><a data-imagesrc=\"{&quot;300&quot;:&quot;https:\\\/\\\/lastatic.ams3.cdn.digitaloceanspaces.com\\\/2024\\\/06\\\/pexels-yankrukov-5794055-1-300x200.jpg&quot;,&quot;768&quot;:&quot;https:\\\/\\\/lastatic.ams3.cdn.digitaloceanspaces.com\\\/2024\\\/06\\\/pexels-yankrukov-5794055-1-768x511.jpg&quot;,&quot;200&quot;:&quot;https:\\\/\\\/lastatic.ams3.cdn.digitaloceanspaces.com\\\/2024\\\/06\\\/pexels-yankrukov-5794055-1-200x133.jpg&quot;,&quot;400&quot;:&quot;https:\\\/\\\/lastatic.ams3.cdn.digitaloceanspaces.com\\\/2024\\\/06\\\/pexels-yankrukov-5794055-1-400x266.jpg&quot;,&quot;500&quot;:&quot;https:\\\/\\\/lastatic.ams3.cdn.digitaloceanspaces.com\\\/2024\\\/06\\\/pexels-yankrukov-5794055-1-500x333.jpg&quot;,&quot;800&quot;:&quot;https:\\\/\\\/lastatic.ams3.cdn.digitaloceanspaces.com\\\/2024\\\/06\\\/pexels-yankrukov-5794055-1-800x533.jpg&quot;,&quot;1000&quot;:&quot;https:\\\/\\\/lastatic.ams3.cdn.digitaloceanspaces.com\\\/2024\\\/06\\\/pexels-yankrukov-5794055-1.jpg&quot;}\" data-focuspoint=\"{&quot;x&quot;:&quot;50.43754378608738&quot;,&quot;y&quot;:&quot;33.569811193932665&quot;}\" data-p=\"2482585\" href=\"https:\/\/www.la.lv\/tas-neesot-iemesls-darbnespejas-lapai-sieviete-piedzivo-mulsinosu-situaciju-pie-arsta-skaidrojumu-sniedz-veselibas-inspekcija\" class=\"content-item lazy-load\" wp_automatic_readability=\"27\" rel=\"nofollow noopener\" target=\"_blank\"><\/p>\n<p>                                <img decoding=\"async\" src=\"\" alt=\"\" style=\"object-position: 50.43754378608738% 33.569811193932665%\" data-imageid=\"\"\/><\/p>\n<p>                                RAKSTA REDAKTORS<\/p>\n<p>\n                                                \u201cTas neesot iemesls darbnesp\u0113jas lapai.\u201d Sieviete piedz\u012bvo mulsino\u0161u situ\u0101ciju pie \u0101rsta, skaidrojumu sniedz Vesel\u012bbas inspekcija\n                            <\/p>\n<p><\/a><br \/>\n        <a class=\"read-more\" href=\"https:\/\/www.la.lv\/top\" rel=\"nofollow noopener\" target=\"_blank\">Las\u012bt citas zi\u0146as<\/a><\/p>\n<p>Nakts b\u016bs p\u0101rsvar\u0101 m\u0101ko\u0146aina, r\u012bta stund\u0101s viet\u0101m valsts zieme\u013cos debesis s\u0101ks skaidroties. Valsts austrumu rajonos gaid\u0101mi nelieli nokri\u0161\u0146i \u2013 lietus, viet\u0101m ar\u012b slapj\u0161 sniegs.<\/p>\n<p>P\u016bt\u012bs m\u0113rens l\u012bdz m\u0113reni stiprs rietumu, zieme\u013crietumu v\u0113j\u0161, br\u0101zm\u0101s 15-17 metri sekund\u0113 (m\/s). Gaisa temperat\u016bra b\u016bs l\u012bdz\u012bga k\u0101 iepriek\u0161\u0113j\u0101 dien\u0101: -1\u2026+4\u00b0, viet\u0101m piekrast\u0113 neb\u016bs v\u0113s\u0101k par +5\u2026+6\u00b0.<\/p>\n<p>    CITI \u0160OBR\u012aD LASA<\/p>\n<p>Ar\u012b R\u012bg\u0101 laiks b\u016bs liel\u0101koties m\u0101ko\u0146ains, tom\u0113r nokri\u0161\u0146i nav gaid\u0101mi. P\u016bt\u012bs m\u0113rens zieme\u013crietumu, rietumu v\u0113j\u0161, br\u0101zm\u0101s 15-16 m\/s. Gaisa temperat\u016bra saglab\u0101sies +2\u2026+4\u00b0 robe\u017e\u0101s.<\/p>\n<p>Dien\u0101 daudzviet uzsp\u012bd\u0113s saule un laiks b\u016bs sauss, bet m\u0101ko\u0146i t\u0101pat debes\u012bs b\u016bs man\u0101mi. Domin\u0113s m\u0113reni zieme\u013crietumu, zieme\u013cu v\u0113ji, kas saglab\u0101sies br\u0101zmaini vairs tikai Vidzemes piekrast\u0113.<\/p>\n<p>Gaiss iesils l\u012bdz +3\u2026+7\u00b0, nedaudz v\u0113s\u0101ks laiks austrumu rajonos, kur neb\u016bs silt\u0101k par +1\u2026+3\u00b0. Vakarpus\u0113 viet\u0101m Kurzem\u0113 s\u0101ks veidoties migla.<\/p>\n<p>R\u012bg\u0101 Otrie Ziemassv\u0113tki aizrit\u0113s ar main\u012bgu m\u0101ko\u0146u daudzumu, bet nokri\u0161\u0146i nav gaid\u0101mi. Zieme\u013crietumu, zieme\u013cu v\u0113j\u0161 br\u0101zm\u0101s pastiprin\u0101sies l\u012bdz 15-16 m\/s, un maksim\u0101l\u0101 gaisa temperat\u016bra pietur\u0113sies +5\u2026+6\u00b0 robe\u017e\u0101s.<\/p>\n<p>T\u0113mas<\/p>\n<p>    SAIST\u012aTIE RAKSTI<\/p>\n","protected":false},"excerpt":{"rendered":"Publicit\u0101tes foto 15:13, 25. decembris 2025 Piektdien, Otrajos Ziemassv\u0113tkos, daudzviet Latvij\u0101 uzsp\u012bd\u0113s saule, liecina Latvijas Vides, \u0123eolo\u0123ijas un&hellip;\n","protected":false},"author":2,"featured_media":25644,"comment_status":"","ping_status":"","sticky":false,"template":"","format":"standard","meta":{"footnotes":""},"categories":[12],"tags":[23,28,29,32,33,22,30,31,35,39,38,36,37,34,40,20,26,27,24,25,21],"class_list":{"0":"post-86248","1":"post","2":"type-post","3":"status-publish","4":"format-standard","5":"has-post-thumbnail","7":"category-latvija","8":"tag-aktualitates","9":"tag-breaking-news","10":"tag-breakingnews","11":"tag-featured-news","12":"tag-featurednews","13":"tag-headlines","14":"tag-latest-news","15":"tag-latestnews","16":"tag-latvia","17":"tag-latvian","18":"tag-latviesu","19":"tag-latviesu-valoda","20":"tag-latviesuvaloda","21":"tag-latvija","22":"tag-lv","23":"tag-news","24":"tag-popularakas-zinas","25":"tag-popularakaszinas","26":"tag-top-stories","27":"tag-topstories","28":"tag-zinas"},"share_on_mastodon":{"url":"https:\/\/pubeurope.com\/@lv\/115783375630384597","error":""},"_links":{"self":[{"href":"https:\/\/www.europesays.com\/lv\/wp-json\/wp\/v2\/posts\/86248","targetHints":{"allow":["GET"]}}],"collection":[{"href":"https:\/\/www.europesays.com\/lv\/wp-json\/wp\/v2\/posts"}],"about":[{"href":"https:\/\/www.europesays.com\/lv\/wp-json\/wp\/v2\/types\/post"}],"author":[{"embeddable":true,"href":"https:\/\/www.europesays.com\/lv\/wp-json\/wp\/v2\/users\/2"}],"replies":[{"embeddable":true,"href":"https:\/\/www.europesays.com\/lv\/wp-json\/wp\/v2\/comments?post=86248"}],"version-history":[{"count":0,"href":"https:\/\/www.europesays.com\/lv\/wp-json\/wp\/v2\/posts\/86248\/revisions"}],"wp:featuredmedia":[{"embeddable":true,"href":"https:\/\/www.europesays.com\/lv\/wp-json\/wp\/v2\/media\/25644"}],"wp:attachment":[{"href":"https:\/\/www.europesays.com\/lv\/wp-json\/wp\/v2\/media?parent=86248"}],"wp:term":[{"taxonomy":"category","embeddable":true,"href":"https:\/\/www.europesays.com\/lv\/wp-json\/wp\/v2\/categories?post=86248"},{"taxonomy":"post_tag","embeddable":true,"href":"https:\/\/www.europesays.com\/lv\/wp-json\/wp\/v2\/tags?post=86248"}],"curies":[{"name":"wp","href":"https:\/\/api.w.org\/{rel}","templated":true}]}}