{"id":86325,"date":"2025-12-26T05:49:08","date_gmt":"2025-12-26T05:49:08","guid":{"rendered":"https:\/\/www.europesays.com\/lv\/86325\/"},"modified":"2025-12-26T05:49:08","modified_gmt":"2025-12-26T05:49:08","slug":"no-kara-bazam-un-velesanu-analizes-lidz-eltonam-dzonam-un-ellei-lente-lv","status":"publish","type":"post","link":"https:\/\/www.europesays.com\/lv\/86325\/","title":{"rendered":"No Kara Ba\u017e\u0101m un V\u0113l\u0113\u0161anu Anal\u012bzes L\u012bdz Eltonam D\u017eonam un Ellei\u00a0\u2014\u00a0Lente.lv"},"content":{"rendered":"<p>Bazn\u012bcu V\u0113st\u012bjumu Da\u017e\u0101d\u012bba \u2013 Politika, Kara Atspulgs un Gar\u012bg\u0101 V\u0113sts<\/p>\n<p>Latvijas liel\u0101ko krist\u012bgo konfesiju vad\u012bt\u0101ju Ziemassv\u0113tku uzrunas un apsveikumi \u0161ogad iez\u012bm\u0113jas ar iev\u0113rojamu tematisko pla\u0161umu, kas sniedzas no dzi\u013ci politisk\u0101m un soci\u0101l\u0101m p\u0101rdom\u0101m l\u012bdz sirsn\u012bgiem, tradicion\u0101liem dievkalpojumu tekstiem. K\u0101 inform\u0113 port\u0101ls jauns.lv, atsevi\u0161\u0137u gar\u012bgo l\u012bderu v\u0113st\u012bjumos \u012bpa\u0161i izpaud\u0101s satraukums par starptautisko un iek\u0161politisko situ\u0101ciju, kas atkl\u0101j bazn\u012bcas lomu m\u016bsdienu sabiedr\u012bbas diskusij\u0101s.<\/p>\n<p>\u0160\u012b gada sv\u0113tku v\u0113st\u012bjumos man\u0101mas vair\u0101kas izteiktas tendences. Da\u017ei l\u012bderi tie\u0161i un atkl\u0101ti run\u0101ju\u0161i par \u0101r\u0113jiem draudiem, piem\u0113ram, turpin\u0101to karu Ukrain\u0101 un t\u0101 ietekmi uz Baltijas re\u0123ionu. Citi, savuk\u0101rt, piev\u0113rs\u0101s iek\u0161\u0113jiem procesiem, pat piesaucot gaid\u0101m\u0101s Saeimas v\u0113l\u0113\u0161anas un nepiecie\u0161am\u012bbu tiem gatavoties ar modr\u012bbu un atbild\u012bbu. \u0160\u0101da politiz\u0101cija apliecina, ka tic\u012bbas instit\u016bcijas akt\u012bvi uztver apk\u0101rt\u0113j\u0101s pasaules nestabilit\u0101ti.<\/p>\n<p>Jaunie Arhib\u012bskapi Un Likten\u012bgais N\u0101kamais Gads<\/p>\n<p>\u0160ajos Ziemassv\u0113tkos \u012bpa\u0161u uzman\u012bbu piesaist\u012bja abu Latvijas luter\u0101\u0146u Bazn\u012bcu jauniev\u0113l\u0113to arhib\u012bskapu pirmie sv\u0113tku v\u0113st\u012bjumi jaunaj\u0101 status\u0101. Latvijas Eva\u0146\u0123\u0113liski Luterisk\u0101s Bazn\u012bcas Pasaul\u0113 (LELBP) virsgans K\u0101rlis \u017dols sav\u0101 uzrun\u0101 bija viens no politiski visizteikt\u0101kajiem. Vi\u0146\u0161 akcent\u0113ja nezi\u0146u par n\u0101kotni, kas valda pasaul\u0113, nor\u0101dot gan uz notikumiem Ukrainas front\u0113, gan uz to, cik \u201clikten\u012bgs\u201d var izr\u0101d\u012bties n\u0101kamais gads da\u017e\u0101d\u0101s noz\u012bm\u0113s. Arhib\u012bskaps \u017dols aicin\u0101ja modr\u012bbu, lai t\u0101 k\u013c\u016btu par d\u0101vanu gan apk\u0101rt\u0113jai videi, gan visai pasaulei.<\/p>\n<p>Ar\u012b Latvijas Eva\u0146\u0123\u0113liski Luterisk\u0101s Bazn\u012bcas (LELB) jauniev\u0113l\u0113tais vad\u012bt\u0101js Rinalds Grants, t\u0101pat k\u0101 vi\u0146a kol\u0113\u0123is, piesk\u0101r\u0101s nestabilajai situ\u0101cijai Latvij\u0101 sav\u0101 v\u0113st\u012bjum\u0101. \u0160\u0101da atkl\u0101ta runa par valsts un pasaules procesu ietekmi uz tic\u012bgo dz\u012bvi iez\u012bm\u0113 noteiktu akcentu mai\u0146u vai pastiprin\u0101jumu teju gada garum\u0101.<\/p>\n<p>Apjukums Pasaul\u0113 Un Aicin\u0101jumi Uz L\u016bg\u0161anu<\/p>\n<p>Romas Kato\u013cu Bazn\u012bcas R\u012bgas arhib\u012bskaps-metropol\u012bts Zbig\u0146evs Stankevi\u010ds un Latvijas Baptistu draud\u017eu savien\u012bbas b\u012bskaps Kaspars \u0160terns sav\u0101s uzrun\u0101s piev\u0113rs\u0101s apjukumam, kas j\u016btams m\u016bsdienu pasaul\u0113. \u0160\u012b spriedze, kas rodas no \u0101r\u0113jiem notikumiem un iek\u0161\u0113jas neskaidr\u012bbas, liek daudziem gar\u012bgajiem l\u012bderiem atgriezties pie pamatu stiprin\u0101\u0161anas.<\/p>\n<p>B\u012bskaps \u0160terns, piem\u0113ram, ironiski atsaucas uz T-krekliem ar nodrisk\u0101t\u0101m biks\u0113m un fr\u0101zi \u201cP\u0101r\u0101k aiz\u0146emts, lai nel\u016bgtu\u201d, mudinot tic\u012bgos atcer\u0113ties, ka l\u016bg\u0161an\u0101m ir j\u0101velta laiks un sp\u0113ks. T\u0101pat citi gar\u012bgie l\u012bderi uzsv\u0113ra vienot\u012bbu l\u016bg\u0161an\u0101 k\u0101 gl\u0101bi\u0146u no pasaules gr\u016bt\u012bb\u0101m un nestabilit\u0101tes. Uz \u0161\u0101da fona izce\u013cas metodistu superintendantes Zintas Dzintaras sveiciens k\u0101 optimistisks kontrasts.<\/p>\n<p>Negaid\u012btas Atsauces Un Dogmatiski Jaut\u0101jumi<\/p>\n<p>Ziemassv\u0113tku v\u0113st\u012bjumu kl\u0101st\u0101 par\u0101d\u012bj\u0101s ar\u012b negaid\u012bti kultur\u0101li vai dogmatiski akcenti. Da\u017ei avoti min, ka k\u0101ds no gar\u012bgajiem l\u012bderiem sav\u0101 uzrun\u0101 iek\u013c\u0101vis atsauces uz t\u0101diem person\u0101\u017eiem k\u0101 Eltons D\u017eons vai pat Marka Tvena aforismus, lai ilustr\u0113tu k\u0101du mor\u0101lu atzi\u0146u vai pasaules ironiju. T\u0101pat uzvirmoja diskusijas par elles j\u0113dzienu, ko da\u017ei, piem\u0113ram, Adventisti, cent\u0101s skaidrot k\u0101 iesak\u0146oju\u0161os maldus J\u0113zus Kristus n\u0101k\u0161anas izpratn\u0113.<\/p>\n<p>Savuk\u0101rt latvie\u0161u pareiztic\u012bgajiem \u0161ogad n\u0101c\u0101s sastapties ar apst\u0101kli, ka Latvijas pareiztic\u012bg\u0101s Bazn\u012bcas metropol\u012bts 24. decembr\u012b nesp\u0113ja sniegt savu tradicion\u0101lo uzrunu. \u0160is fakts paliek k\u0101 paman\u0101ms d\u012bkst\u0101ves punkts citk\u0101rt piln\u012bgaj\u0101 konfesiju p\u0101rst\u0101v\u012bb\u0101.<\/p>\n<p>P\u0101rdomu Laiks: Starp Trad\u012bciju Un M\u016bsdienu Aicin\u0101jumiem<\/p>\n<p>Kopum\u0101 Latvijas Bazn\u012bcu Ziemassv\u0113tku v\u0113st\u012bjumi atspogu\u013co sabiedr\u012bbas spriedzi, bet vienlaikus saglab\u0101 tic\u012bbas kodolu. Kam\u0113r R\u012bgas Lutera draudze piem\u0113ram, pied\u0101v\u0101 apmekl\u0113t\u0101jiem 12 p\u0101rdomu stendus par Sv\u0113taj\u0101m nakt\u012bm Adventa laik\u0101, mudinot apst\u0101ties un atcer\u0113ties svar\u012bgo, virsganu v\u0113st\u012bjumi ir tie\u0161i v\u0113rsti uz politisko realit\u0101ti. Ziemassv\u0113tku laiks, kas tradicion\u0101li ilga no 24. decembra vakara l\u012bdz Zvaigznes dienai (6. janv\u0101rim), ir k\u013cuvis par platformu, kur\u0101, k\u0101 nor\u0101da avoti, gar\u012bgie l\u012bderi ne tikai sludina Kristus dzim\u0161anas prieku, bet ar\u012b tie\u0161\u0101 veid\u0101 iesaist\u0101s sabiedriskaj\u0101 dialog\u0101 par valsts n\u0101kotni un glob\u0101lo dro\u0161\u012bbu. Tas ir laiks, kad gar\u012bg\u0101 autorit\u0101te tiekas ar ikdienas realit\u0101ti.<\/p>\n","protected":false},"excerpt":{"rendered":"Bazn\u012bcu V\u0113st\u012bjumu Da\u017e\u0101d\u012bba \u2013 Politika, Kara Atspulgs un Gar\u012bg\u0101 V\u0113sts Latvijas liel\u0101ko krist\u012bgo konfesiju vad\u012bt\u0101ju Ziemassv\u0113tku uzrunas un&hellip;\n","protected":false},"author":2,"featured_media":86326,"comment_status":"","ping_status":"","sticky":false,"template":"","format":"standard","meta":{"footnotes":""},"categories":[5],"tags":[23,21974,28,29,32,33,21976,22,21975,30,31,35,39,38,36,37,34,535,40,20,26,27,24,25,9687,21],"class_list":{"0":"post-86325","1":"post","2":"type-post","3":"status-publish","4":"format-standard","5":"has-post-thumbnail","7":"category-aktualitates","8":"tag-aktualitates","9":"tag-baznicu-vestijumi","10":"tag-breaking-news","11":"tag-breakingnews","12":"tag-featured-news","13":"tag-featurednews","14":"tag-garigie-lideri","15":"tag-headlines","16":"tag-kara-ukraina","17":"tag-latest-news","18":"tag-latestnews","19":"tag-latvia","20":"tag-latvian","21":"tag-latviesu","22":"tag-latviesu-valoda","23":"tag-latviesuvaloda","24":"tag-latvija","25":"tag-latvijas-politika","26":"tag-lv","27":"tag-news","28":"tag-popularakas-zinas","29":"tag-popularakaszinas","30":"tag-top-stories","31":"tag-topstories","32":"tag-ziemassvetki","33":"tag-zinas"},"share_on_mastodon":{"url":"https:\/\/pubeurope.com\/@lv\/115784303464863459","error":""},"_links":{"self":[{"href":"https:\/\/www.europesays.com\/lv\/wp-json\/wp\/v2\/posts\/86325","targetHints":{"allow":["GET"]}}],"collection":[{"href":"https:\/\/www.europesays.com\/lv\/wp-json\/wp\/v2\/posts"}],"about":[{"href":"https:\/\/www.europesays.com\/lv\/wp-json\/wp\/v2\/types\/post"}],"author":[{"embeddable":true,"href":"https:\/\/www.europesays.com\/lv\/wp-json\/wp\/v2\/users\/2"}],"replies":[{"embeddable":true,"href":"https:\/\/www.europesays.com\/lv\/wp-json\/wp\/v2\/comments?post=86325"}],"version-history":[{"count":0,"href":"https:\/\/www.europesays.com\/lv\/wp-json\/wp\/v2\/posts\/86325\/revisions"}],"wp:featuredmedia":[{"embeddable":true,"href":"https:\/\/www.europesays.com\/lv\/wp-json\/wp\/v2\/media\/86326"}],"wp:attachment":[{"href":"https:\/\/www.europesays.com\/lv\/wp-json\/wp\/v2\/media?parent=86325"}],"wp:term":[{"taxonomy":"category","embeddable":true,"href":"https:\/\/www.europesays.com\/lv\/wp-json\/wp\/v2\/categories?post=86325"},{"taxonomy":"post_tag","embeddable":true,"href":"https:\/\/www.europesays.com\/lv\/wp-json\/wp\/v2\/tags?post=86325"}],"curies":[{"name":"wp","href":"https:\/\/api.w.org\/{rel}","templated":true}]}}