{"id":86368,"date":"2025-12-26T07:14:09","date_gmt":"2025-12-26T07:14:09","guid":{"rendered":"https:\/\/www.europesays.com\/lv\/86368\/"},"modified":"2025-12-26T07:14:09","modified_gmt":"2025-12-26T07:14:09","slug":"balta-sogad-lielaka-izmaksata-atlidziba-par-negadijumu-pirts-ugunsgreks","status":"publish","type":"post","link":"https:\/\/www.europesays.com\/lv\/86368\/","title":{"rendered":"&#8220;Balta&#8221; \u0161ogad liel\u0101k\u0101 izmaks\u0101t\u0101 atl\u012bdz\u012bba par negad\u012bjumu \u2013 pirts ugunsgr\u0113ks"},"content":{"rendered":"<p>Dabas stihiju izrais\u012btie zaud\u0113jumi pirts \u0113k\u0101m veido 2000 eiro, \u0161\u0137idruma un tvaika nopl\u016bdes t\u0101m rad\u012bju\u0161as kait\u0113jumu 13 500 eiro v\u0113rt\u012bb\u0101, bet ugunsgr\u0113ku rad\u012btie zaud\u0113jumi sasniedz teju 30 000 eiro.<\/p>\n<p>Pirts apmekl\u0113t\u0101ju vesel\u012bbai nodar\u012btie zaud\u0113jumi finansi\u0101li biju\u0161i zem\u0101ki &#8211; vid\u0113ji ap 200 eiro. Liel\u0101k\u0101 l\u012bdz \u0161im izmaks\u0101t\u0101 atl\u012bdz\u012bba par pirt\u012b g\u016btaj\u0101m traum\u0101m &#8220;Balta&#8221; pieredz\u0113 ir gandr\u012bz 1000 eiro par apdegumiem.<\/p>\n<p>\u0160ogad liel\u0101k\u0101 izmaks\u0101t\u0101 atl\u012bdz\u012bba bija saist\u012bta ar pirts ugunsgr\u0113ku, un t\u0101 sasniedza 20 000 eiro. Tas ir vair\u0101k nek\u0101 p\u0113rn, kad liel\u0101kais post\u012bjums tika l\u0113sts 13 000 eiro apm\u0113r\u0101. Vid\u0113ji par ugunsgr\u0113ku izrais\u012btajiem zaud\u0113jumiem pirts \u0113k\u0101m tiek izmaks\u0101ti aptuveni 5500 eiro.<\/p>\n<p>Jau v\u0113st\u012bts, ka &#8220;Balta&#8221; 2024. gada devi\u0146os m\u0113ne\u0161os str\u0101d\u0101ja ar 20,189 miljonu eiro pe\u013c\u0146u, bet p\u0113rn kopum\u0101 apdro\u0161in\u0101t\u0101ja pe\u013c\u0146a sasniedza 26,217 miljonus eiro. Bruto <a href=\"https:\/\/www.apollo.lv\/term\/561957\/apdrosinasanas\" class=\"topicLink\" target=\"_blank\" rel=\"nofollow noopener\">apdro\u0161in\u0101\u0161anas<\/a> pr\u0113mij\u0101s &#8220;Balta&#8221; 2024. gad\u0101 parakst\u012bja 96,054 miljonus eiro.<\/p>\n<p>&#8220;Balta&#8221; ietilpst PZU grup\u0101.<\/p>\n","protected":false},"excerpt":{"rendered":"Dabas stihiju izrais\u012btie zaud\u0113jumi pirts \u0113k\u0101m veido 2000 eiro, \u0161\u0137idruma un tvaika nopl\u016bdes t\u0101m rad\u012bju\u0161as kait\u0113jumu 13 500&hellip;\n","protected":false},"author":2,"featured_media":86369,"comment_status":"","ping_status":"","sticky":false,"template":"","format":"standard","meta":{"footnotes":""},"categories":[5],"tags":[23,12336,21986,28,29,32,33,22,30,31,35,39,38,36,37,34,40,20,26,27,24,25,21],"class_list":{"0":"post-86368","1":"post","2":"type-post","3":"status-publish","4":"format-standard","5":"has-post-thumbnail","7":"category-aktualitates","8":"tag-aktualitates","9":"tag-apdrosinasana","10":"tag-apdrosinasanas","11":"tag-breaking-news","12":"tag-breakingnews","13":"tag-featured-news","14":"tag-featurednews","15":"tag-headlines","16":"tag-latest-news","17":"tag-latestnews","18":"tag-latvia","19":"tag-latvian","20":"tag-latviesu","21":"tag-latviesu-valoda","22":"tag-latviesuvaloda","23":"tag-latvija","24":"tag-lv","25":"tag-news","26":"tag-popularakas-zinas","27":"tag-popularakaszinas","28":"tag-top-stories","29":"tag-topstories","30":"tag-zinas"},"share_on_mastodon":{"url":"https:\/\/pubeurope.com\/@lv\/115784637674995914","error":""},"_links":{"self":[{"href":"https:\/\/www.europesays.com\/lv\/wp-json\/wp\/v2\/posts\/86368","targetHints":{"allow":["GET"]}}],"collection":[{"href":"https:\/\/www.europesays.com\/lv\/wp-json\/wp\/v2\/posts"}],"about":[{"href":"https:\/\/www.europesays.com\/lv\/wp-json\/wp\/v2\/types\/post"}],"author":[{"embeddable":true,"href":"https:\/\/www.europesays.com\/lv\/wp-json\/wp\/v2\/users\/2"}],"replies":[{"embeddable":true,"href":"https:\/\/www.europesays.com\/lv\/wp-json\/wp\/v2\/comments?post=86368"}],"version-history":[{"count":0,"href":"https:\/\/www.europesays.com\/lv\/wp-json\/wp\/v2\/posts\/86368\/revisions"}],"wp:featuredmedia":[{"embeddable":true,"href":"https:\/\/www.europesays.com\/lv\/wp-json\/wp\/v2\/media\/86369"}],"wp:attachment":[{"href":"https:\/\/www.europesays.com\/lv\/wp-json\/wp\/v2\/media?parent=86368"}],"wp:term":[{"taxonomy":"category","embeddable":true,"href":"https:\/\/www.europesays.com\/lv\/wp-json\/wp\/v2\/categories?post=86368"},{"taxonomy":"post_tag","embeddable":true,"href":"https:\/\/www.europesays.com\/lv\/wp-json\/wp\/v2\/tags?post=86368"}],"curies":[{"name":"wp","href":"https:\/\/api.w.org\/{rel}","templated":true}]}}