{"id":86374,"date":"2025-12-26T07:20:07","date_gmt":"2025-12-26T07:20:07","guid":{"rendered":"https:\/\/www.europesays.com\/lv\/86374\/"},"modified":"2025-12-26T07:20:07","modified_gmt":"2025-12-26T07:20:07","slug":"rindu-iemesls-miljarda-eiro-trukums-un-nepietiekams-finansejums-lente-lv","status":"publish","type":"post","link":"https:\/\/www.europesays.com\/lv\/86374\/","title":{"rendered":"Rindu iemesls \u2013 miljarda eiro tr\u016bkums un nepietiekams finans\u0113jums\u00a0\u2014\u00a0Lente.lv"},"content":{"rendered":"<p>Galven\u0101 probl\u0113ma: Finans\u0113juma atpalic\u012bba no ES vid\u0113j\u0101 l\u012bme\u0146a<\/p>\n<p>Latvijas vesel\u012bbas apr\u016bpes sist\u0113mu smac\u0113 hronisks finans\u0113juma tr\u016bkums, kas tie\u0161\u0101 veid\u0101 veicina gar\u0101s rindas pie speci\u0101listiem. K\u0101 inform\u0113 port\u0101ls NRA, Latvijas \u0100rstu biedr\u012bbas (L\u0100B) valdes loceklis J\u0101nis V\u0113tra TV24 raid\u012bjum\u0101 \u201cLatvijas formula\u201d uzsv\u0113ra, ka valst\u012b katru gadu tr\u016bkst aptuveni miljarda eiro, lai vesel\u012bbas apr\u016bpes r\u0101d\u012bt\u0101ji sasniegtu Eiropas Savien\u012bbas vid\u0113jo l\u012bmeni.<\/p>\n<p>\u0160\u012b l\u012bdzek\u013cu nepietiekam\u012bba rada situ\u0101ciju, kas \u0101rstu ieskat\u0101 ir absurda. Pacientiem n\u0101kas gaid\u012bt rind\u0101s m\u0113ne\u0161iem, reiz\u0113m pat gadiem, lai sa\u0146emtu nepiecie\u0161amo konsult\u0101ciju vai izmekl\u0113jumu. V\u0113tra nor\u0101da, ka \u201csitu\u0101cija vair\u0101k\u0101s nozar\u0113s patie\u0161\u0101m ir smaga caur to, ka rindas ir m\u0113ne\u0161iem vai pat gadiem, kas ir zin\u0101m\u0101 m\u0113r\u0101 absurda situ\u0101cija, \u0146emot v\u0113r\u0101, ka vesel\u012bba, vai \u0161aj\u0101 gad\u012bjum\u0101 \u2013 slim\u012bba, nest\u0101v uz vietas.\u201d<\/p>\n<p>Sekas \u2013 aizkav\u0113ta diagnostika un \u0101rst\u0113\u0161ana<\/p>\n<p>Gar\u0101s gaid\u012b\u0161anas laiks rada nopietnas sekas cilv\u0113ku vesel\u012bbai. \u0100rsti br\u012bdina, ka katrs nokav\u0113ts laika posms var padzi\u013cin\u0101t saslim\u0161anas komplik\u0101cijas, kas galu gal\u0101 var izmaks\u0101t valstij d\u0101rg\u0101k, nek\u0101 savlaic\u012bga \u0101rst\u0113\u0161ana. Daudzos gad\u012bjumos pacienti gadiem ilgi gaida uz da\u017e\u0101diem izmekl\u0113jumiem, lai visp\u0101r tiktu pie prec\u012bzas diagnozes un var\u0113tu uzs\u0101kt terapiju, turkl\u0101t daudz\u0101s nozar\u0113s gada kvotas izbeidzas jau rudens pus\u0113, radot papildu kav\u0113\u0161anos.<\/p>\n<p>Sal\u012bdzin\u0101jums ar ES un IKP<\/p>\n<p>P\u0113c pieejam\u0101s inform\u0101cijas, Latvijas izdevumi vesel\u012bbas apr\u016bpei ir vieni no zem\u0101kajiem ES, radot situ\u0101ciju, kur\u0101 valsts b\u016btiski atpaliek ne tikai no vid\u0113j\u0101 ES r\u0101d\u012bt\u0101ja (kas ir ap 7,7% no IKP), bet pat no pa\u0161u noteiktajiem m\u0113r\u0137iem Sabiedr\u012bbas vesel\u012bbas pamatnost\u0101dn\u0113s. Lai gan prec\u012bzs tr\u016bksto\u0161ais apjoms var sv\u0101rst\u012bties atkar\u012bb\u0101 no apr\u0113\u0137ina metodes, galven\u0101 s\u0101pe ir t\u0101, ka eso\u0161ais finans\u0113juma l\u012bmenis ne\u013cauj nodro\u0161in\u0101t iedz\u012bvot\u0101jiem savlaic\u012bgu un kvalitat\u012bvu medic\u012bnisko pal\u012bdz\u012bbu, kas ir pieejama cit\u0101s ES valst\u012bs.<\/p>\n<p>Person\u0101la un sist\u0113mas izaicin\u0101jumi<\/p>\n<p>Papildus finans\u0113juma probl\u0113mai, sist\u0113mu ietekm\u0113 ar\u012b hronisks person\u0101la tr\u016bkums, ko veicina zem\u0101 darba samaksa, k\u0101 rezult\u0101t\u0101 medi\u0137i nevar notur\u0113t nozar\u0113 vai ar\u012b piesaist\u012bt jaunus speci\u0101listus. Latvijas \u0100rstu biedr\u012bba jau iepriek\u0161 ir aicin\u0101jusi politi\u0137us celt nozares finans\u0113jumu vismaz l\u012bdz 6% no IKP, lai uzlabotu situ\u0101ciju ar person\u0101lu, nodro\u0161in\u0101tu vienl\u012bdz\u012bgu pieejam\u012bbu pakalpojumiem un izvair\u012btos no nozares sabrukuma.<\/p>\n","protected":false},"excerpt":{"rendered":"Galven\u0101 probl\u0113ma: Finans\u0113juma atpalic\u012bba no ES vid\u0113j\u0101 l\u012bme\u0146a Latvijas vesel\u012bbas apr\u016bpes sist\u0113mu smac\u0113 hronisks finans\u0113juma tr\u016bkums, kas tie\u0161\u0101&hellip;\n","protected":false},"author":2,"featured_media":86375,"comment_status":"","ping_status":"","sticky":false,"template":"","format":"standard","meta":{"footnotes":""},"categories":[5],"tags":[23,28,29,21994,32,33,22,9525,30,31,35,39,38,36,37,34,20768,40,20,26,27,21993,24,25,387,21],"class_list":{"0":"post-86374","1":"post","2":"type-post","3":"status-publish","4":"format-standard","5":"has-post-thumbnail","7":"category-aktualitates","8":"tag-aktualitates","9":"tag-breaking-news","10":"tag-breakingnews","11":"tag-es-videjais-limenis","12":"tag-featured-news","13":"tag-featurednews","14":"tag-headlines","15":"tag-janis-vetra","16":"tag-latest-news","17":"tag-latestnews","18":"tag-latvia","19":"tag-latvian","20":"tag-latviesu","21":"tag-latviesu-valoda","22":"tag-latviesuvaloda","23":"tag-latvija","24":"tag-latvijas-arstu-biedriba","25":"tag-lv","26":"tag-news","27":"tag-popularakas-zinas","28":"tag-popularakaszinas","29":"tag-rindas-pie-arstiem","30":"tag-top-stories","31":"tag-topstories","32":"tag-veselibas-aprupes-finansejums","33":"tag-zinas"},"share_on_mastodon":{"url":"https:\/\/pubeurope.com\/@lv\/115784661312729160","error":""},"_links":{"self":[{"href":"https:\/\/www.europesays.com\/lv\/wp-json\/wp\/v2\/posts\/86374","targetHints":{"allow":["GET"]}}],"collection":[{"href":"https:\/\/www.europesays.com\/lv\/wp-json\/wp\/v2\/posts"}],"about":[{"href":"https:\/\/www.europesays.com\/lv\/wp-json\/wp\/v2\/types\/post"}],"author":[{"embeddable":true,"href":"https:\/\/www.europesays.com\/lv\/wp-json\/wp\/v2\/users\/2"}],"replies":[{"embeddable":true,"href":"https:\/\/www.europesays.com\/lv\/wp-json\/wp\/v2\/comments?post=86374"}],"version-history":[{"count":0,"href":"https:\/\/www.europesays.com\/lv\/wp-json\/wp\/v2\/posts\/86374\/revisions"}],"wp:featuredmedia":[{"embeddable":true,"href":"https:\/\/www.europesays.com\/lv\/wp-json\/wp\/v2\/media\/86375"}],"wp:attachment":[{"href":"https:\/\/www.europesays.com\/lv\/wp-json\/wp\/v2\/media?parent=86374"}],"wp:term":[{"taxonomy":"category","embeddable":true,"href":"https:\/\/www.europesays.com\/lv\/wp-json\/wp\/v2\/categories?post=86374"},{"taxonomy":"post_tag","embeddable":true,"href":"https:\/\/www.europesays.com\/lv\/wp-json\/wp\/v2\/tags?post=86374"}],"curies":[{"name":"wp","href":"https:\/\/api.w.org\/{rel}","templated":true}]}}