{"id":86405,"date":"2025-12-26T07:59:10","date_gmt":"2025-12-26T07:59:10","guid":{"rendered":"https:\/\/www.europesays.com\/lv\/86405\/"},"modified":"2025-12-26T07:59:10","modified_gmt":"2025-12-26T07:59:10","slug":"byd-pagarina-garantiju-polestar-nonem-aizmugurejo-logu-uzladets","status":"publish","type":"post","link":"https:\/\/www.europesays.com\/lv\/86405\/","title":{"rendered":"BYD pagarina garantiju, Polestar no\u0146em aizmugur\u0113jo logu \u2013 Uzl\u0101d\u0113ts"},"content":{"rendered":"<p>Vai akumulatoru garantijas k\u013c\u016bs par jauno \u201czirgsp\u0113ku\u201d karu? Ko m\u0113s dom\u0101jam par elektrisko pikapu Rivian R1T? Vai BMW jaunie elektroauto iedve\u0161 cer\u012bbu Eiropai?<\/p>\n<p>Ziemassv\u0113tku epizodei m\u0113s san\u0101c\u0101m kop\u0101 un ierakst\u012bj\u0101m epizodi \u0101r\u0101 un pie \u013coti lielas ma\u0161\u012bnas \u2014 t\u0101tad viss k\u0101 piekl\u0101jas: mazliet romantikas, mazliet tehnolo\u0123iju un mazliet realit\u0101tes, kas n\u0101k ar ziem\u012bgiem apst\u0101k\u013ciem un person\u012bgo pieredzi. \u0160oreiz K\u0101rlis un J\u0101nis vair\u0101k koncentr\u0113j\u0101s uz nesenajiem testa braucieniem, k\u0101 uz jaun\u0101kaj\u0101m zin\u0101m, bet viena zi\u0146a ir v\u0113rta izcel\u0161anai: BYD pagarina akumulatoru garantiju ne tikai jaunajiem mode\u013ciem, bet ar\u012b jau nopirktajiem.<\/p>\n<p>  <a id=\"post-banner-link-2\" href=\"https:\/\/uzladets.lv\/hyundai25Ioniq5\" target=\"_blank\" rel=\"nofollow noopener\"><br \/>\n    <img id=\"post-banner-image-2\" loading=\"lazy\" decoding=\"async\" width=\"932\" height=\"300\"\/><br \/>\n  <\/a><\/p>\n<p>Epizodes p\u0101rskats<\/p>\n<ul class=\"wp-block-list\">\n<li>\ud83c\udf84 Sv\u0113tku apsveikumi un atg\u0101din\u0101jums, ka ne visiem \u0161is laiks ir viegls<\/li>\n<li>\ud83d\udd0b Akumulatoru garantiju \u201cstandarts\u201d un jauna lati\u0146a no BYD<\/li>\n<li>\ud83d\ude97 Renault ikdienas lo\u0123ika<\/li>\n<li>\u26a1 Xpeng uzl\u0101de, kas braucienu uz Berl\u012bni padar\u012bs p\u0101r\u0101k \u0101tru<\/li>\n<li>\ud83d\udcf1 Lietotnes un kameras: kur\u0161 ra\u017eot\u0101js ir 2025. gad\u0101, bet kur\u0161 \u2014 2015.<\/li>\n<li>\ud83e\uddca Polestar un Volvo abi p\u0101rsteidz ar to, kas notiek aiz vad\u012bt\u0101ja s\u0113dek\u013ca<\/li>\n<li>\u2699\ufe0f BMW liek cer\u0113t, ka ar v\u0101cie\u0161i v\u0113l nav norakst\u012bti<\/li>\n<\/ul>\n<p>Vai garantija ir no svara?<\/p>\n<p>Tipiska EV akumulatora garantija Eirop\u0101 ir 8 gadi un 160 000 km \u2014 \u201cnozares norma\u201d. BYD piesaka sevi ar pazi\u0146ojumu, ka Eirop\u0101 palielina akumulatora garantiju l\u012bdz 8 gadiem vai 250 000 km, turkl\u0101t attiecinot to ar\u012b uz jau p\u0101rdotajiem auto. \u012apa\u0161i svar\u012bgi tas b\u016bs lietoto auto tirg\u016b, kur garantija ir papildus v\u0113rt\u012bba.<\/p>\n<p><a href=\"https:\/\/uzladets.lv\/elektrumdrive251211kv\" target=\"_blank\" rel=\"nofollow noopener\"><img decoding=\"async\" src=\"https:\/\/www.europesays.com\/lv\/wp-content\/uploads\/2025\/12\/1766735949_147_Elektrum_Drive_Ziema_Uzladets_kv.jpg\".jpeg\" style=\"max-width: 300px; max-height:250px;\"\/><\/a><img loading=\"lazy\" decoding=\"async\" src=\"https:\/\/www.europesays.com\/lv\/wp-content\/uploads\/2025\/12\/1766417772_518_\" border=\"0\" width=\"1\" height=\"1\"\/><\/p>\n<p>Da\u017e\u0101d\u0101 pieredze ar vair\u0101kiem elektroauto<\/p>\n<p>\u0160aj\u0101 epizod\u0113 m\u0113s apskat\u0101m elektroauto spektru no viena gal\u0113j\u012bbas l\u012bdz otrai. S\u0101kot ar Rivian R1T \u2013 mas\u012bvu, Latvij\u0101 gandr\u012bz neredz\u0113tu elektro-pikapu, kas vair\u0101k atg\u0101dina demonstr\u0101ciju tam, kas tehniski ir iesp\u0113jams, nevis ikdienas p\u0101rvieto\u0161an\u0101s risin\u0101jumu vairumam latvie\u0161u.<\/p>\n<p>No \u0161\u012bs gal\u0113j\u012bbas non\u0101kam pie Renault Scenic, kas par\u0101da, cik \u013coti elektromobilit\u0101te ir pieaugusi \u2013 tas ir kluss, sapr\u0101t\u012bgs un ikdien\u0101 viegli lietojams \u0123imenes auto bez vajadz\u012bbas kaut ko pier\u0101d\u012bt. Savuk\u0101rt MG 5S ilustr\u0113 elektromobi\u013cu ieejas l\u012bmeni: pietic\u012bgs, funkcion\u0101ls un paredz\u0113ts tiem, kam galvenais ir cena un praktiskums.<\/p>\n<p>\u0136\u012bnas ra\u017eot\u0101ju pusi \u0161oreiz p\u0101rst\u0101v XPENG G9 un G6 \u2013 divi mode\u013ci, kas uzskat\u0101mi r\u0101da, k\u0101p\u0113c Eiropas ra\u017eot\u0101ji p\u0113d\u0113jos gados ir s\u0101ku\u0161i nervozi skat\u012bties p\u0101ri plecam. \u0100tra uzl\u0101de, sp\u0113j\u012bgas lietotnes un saj\u016bta, ka automa\u0161\u012bna ir gatava n\u0101kotnei, tai skait\u0101 uzl\u0101des jaut\u0101jum\u0101.<\/p>\n<p>Run\u0101jam ar\u012b par Polestar 4, auto bez aizmugures stikla, kas izklaus\u0101s p\u0113c drosm\u012bga dizaina eksperimenta, bet praks\u0113 izr\u0101d\u0101s p\u0101rdom\u0101ts un \u013coti labi nostr\u0101d\u0101ts, k\u0101 ar\u012b par Volvo ES90, kur priek\u0161\u0101 ir t\u012brs skandin\u0101vu luksuss, bet aizmugur\u0113 p\u0101rsteidz ergonomikas kompromisi, par kuriem reti run\u0101 prezent\u0101cij\u0101s.<\/p>\n<p>Visu \u0161o nosl\u0113dz BMW iX3 un Neue Klasse virziens \u2013 k\u0101 sign\u0101ls, ka v\u0101cie\u0161i beidzot s\u0101k run\u0101t nevis par kosm\u0113tiskiem uzlabojumiem, bet par jaunu tehnolo\u0123isko pamatu un re\u0101lu atbildi \u0136\u012bnas tempam.<\/p>\n<p>Ja gribi saprast, kuri elektroauto \u0161obr\u012bd ir lo\u0123iska izv\u0113le, kuri ir tehnolo\u0123isks pazi\u0146ojums un kuri vienk\u0101r\u0161i izskat\u0101s lab\u0101k buklet\u0101 nek\u0101 dz\u012bv\u0113, piln\u0101 epizode ir tie\u0161i tas, kas j\u0101noskat\u0101s vai j\u0101noklaus\u0101s l\u012bdz galam.<\/p>\n<p>Vai j\u016bs pirktu lietotu elektroauto bez sp\u0113k\u0101 eso\u0161as baterijas garantijas? <\/p>\n<p><a href=\"https:\/\/mistape.com\" target=\"_blank\" rel=\"nofollow noopener\" class=\"mistape-link mistape-logo\"><\/a><\/p>\n<p>Ja rakst\u0101 paman\u012bji k\u013c\u016bdu, padod mums par to zi\u0146u, iez\u012bm\u0113jot a\u010dg\u0101rno tekstu un nospie\u017eot Ctrl+Enter. Paldies!<\/p>\n<p>&#13;<br \/>\n                    0&#13;<br \/>\n                    0&#13;<br \/>\n                    balsojumi<\/p>\n<p>Raksta nov\u0113rt\u0113jums<\/p>\n<p>\t\tPost navigation<\/p>\n","protected":false},"excerpt":{"rendered":"Vai akumulatoru garantijas k\u013c\u016bs par jauno \u201czirgsp\u0113ku\u201d karu? Ko m\u0113s dom\u0101jam par elektrisko pikapu Rivian R1T? Vai BMW&hellip;\n","protected":false},"author":2,"featured_media":86406,"comment_status":"","ping_status":"","sticky":false,"template":"","format":"standard","meta":{"footnotes":""},"categories":[16],"tags":[77,1144,76,229,35,39,38,36,37,34,13863,40,16553,22009,3388,22010,5431],"class_list":{"0":"post-86405","1":"post","2":"type-post","3":"status-publish","4":"format-standard","5":"has-post-thumbnail","7":"category-bizness","8":"tag-bizness","9":"tag-bmw","10":"tag-business","11":"tag-byd","12":"tag-latvia","13":"tag-latvian","14":"tag-latviesu","15":"tag-latviesu-valoda","16":"tag-latviesuvaloda","17":"tag-latvija","18":"tag-leab","19":"tag-lv","20":"tag-mg","21":"tag-poelstar","22":"tag-renault","23":"tag-rivian","24":"tag-xpeng"},"share_on_mastodon":{"url":"https:\/\/pubeurope.com\/@lv\/115784814877179183","error":""},"_links":{"self":[{"href":"https:\/\/www.europesays.com\/lv\/wp-json\/wp\/v2\/posts\/86405","targetHints":{"allow":["GET"]}}],"collection":[{"href":"https:\/\/www.europesays.com\/lv\/wp-json\/wp\/v2\/posts"}],"about":[{"href":"https:\/\/www.europesays.com\/lv\/wp-json\/wp\/v2\/types\/post"}],"author":[{"embeddable":true,"href":"https:\/\/www.europesays.com\/lv\/wp-json\/wp\/v2\/users\/2"}],"replies":[{"embeddable":true,"href":"https:\/\/www.europesays.com\/lv\/wp-json\/wp\/v2\/comments?post=86405"}],"version-history":[{"count":0,"href":"https:\/\/www.europesays.com\/lv\/wp-json\/wp\/v2\/posts\/86405\/revisions"}],"wp:featuredmedia":[{"embeddable":true,"href":"https:\/\/www.europesays.com\/lv\/wp-json\/wp\/v2\/media\/86406"}],"wp:attachment":[{"href":"https:\/\/www.europesays.com\/lv\/wp-json\/wp\/v2\/media?parent=86405"}],"wp:term":[{"taxonomy":"category","embeddable":true,"href":"https:\/\/www.europesays.com\/lv\/wp-json\/wp\/v2\/categories?post=86405"},{"taxonomy":"post_tag","embeddable":true,"href":"https:\/\/www.europesays.com\/lv\/wp-json\/wp\/v2\/tags?post=86405"}],"curies":[{"name":"wp","href":"https:\/\/api.w.org\/{rel}","templated":true}]}}