{"id":86411,"date":"2025-12-26T08:06:07","date_gmt":"2025-12-26T08:06:07","guid":{"rendered":"https:\/\/www.europesays.com\/lv\/86411\/"},"modified":"2025-12-26T08:06:07","modified_gmt":"2025-12-26T08:06:07","slug":"video-%e2%9f%a9-bus-elle-asv-uzbruk-islama-valsts-kaujiniekiem-nigerija","status":"publish","type":"post","link":"https:\/\/www.europesays.com\/lv\/86411\/","title":{"rendered":"VIDEO \u27e9 &#8220;B\u016bs elle.&#8221; ASV uzbr\u016bk &#8220;Isl\u0101ma valsts&#8221; kaujiniekiem Nig\u0113rij\u0101"},"content":{"rendered":"<p>Nig\u0113rijas vald\u012bba un neatkar\u012bgie anal\u012bti\u0137i noraida, ka valst\u012b notieko\u0161\u0101 vardarb\u012bba ir uzskat\u0101ma par reli\u0123isku vaj\u0101\u0161anu &#8211; narat\u012bvu, ko jau sen izmanto krist\u012bgie lab\u0113jie ASV un Eirop\u0101.<\/p>\n<p>Ta\u010du Tramps, izce\u013cot to, ko vi\u0146a administr\u0101cija sauc par glob\u0101lu kristie\u0161u vaj\u0101\u0161anu, pag\u0101ju\u0161aj\u0101 m\u0113nes\u012b uzsv\u0113ra, ka Va\u0161ingtona ir gatava veikt milit\u0101ras darb\u012bbas Nig\u0113rij\u0101, lai c\u012bn\u012btos pret \u0161\u0101d\u0101m slepkav\u012bb\u0101m.<\/p>\n<p>\u0160ogad ASV atkal iek\u013c\u0101va Nig\u0113riju to valstu sarakst\u0101, kuras rada &#8220;\u012bpa\u0161as ba\u017eas&#8221; reli\u0123isk\u0101s br\u012bv\u012bbas zi\u0146\u0101, un ierobe\u017eoja v\u012bzu izsnieg\u0161anu Nig\u0113rijas pilso\u0146iem.<\/p>\n<p>Tramps pag\u0101ju\u0161aj\u0101 m\u0113nes\u012b ar\u012b draud\u0113ja p\u0101rtraukt visu pal\u012bdz\u012bbu Abud\u017eai, ja t\u0101 &#8220;turpin\u0101s pie\u013caut kristie\u0161u nogalin\u0101\u0161anu&#8221;.<\/p>\n<p>Nig\u0113rij\u0101 ir aptuveni 220 miljonu iedz\u012bvot\u0101ju, no kuriem apm\u0113ram puse ir kristie\u0161i, bet otra puse ir musulma\u0146i. Musulma\u0146i p\u0101rsvar\u0101 apdz\u012bvo valsts zieme\u013cus un kristie\u0161i &#8211; dienvidus.<\/p>\n<p>Jau vair\u0101k nek\u0101 15 gadus valsts zieme\u013caustrumus ir p\u0101r\u0146\u0113musi d\u017eih\u0101distu grup\u0113juma &#8220;Boko Haram&#8221; vardarb\u012bba, kur\u0101 dz\u012bv\u012bbu zaud\u0113ju\u0161i vair\u0101k nek\u0101 40 000 cilv\u0113ku un divi miljoni cilv\u0113ku biju\u0161i spiesti pamest savas m\u0101jas.<\/p>\n<p>Vienlaikus pla\u0161os rajonos valsts zieme\u013crietumu, zieme\u013cu un centr\u0101laj\u0101s da\u013c\u0101s darbojas noziedz\u012bgas bandas, kas uzbr\u016bk ciematiem, nogalinot un nolaupot iedz\u012bvot\u0101jus.<\/p>\n<p>Tre\u0161dien spr\u0101dziens nogranda mo\u0161ej\u0101 Maiduguri valsts zieme\u013caustrumos, nogalinot vismaz septi\u0146us dievl\u016bdz\u0113jus. Neviens bru\u0146ots grup\u0113jums pagaid\u0101m atbild\u012bbu nav uz\u0146\u0113mies.<\/p>\n<blockquote class=\"twitter-tweet\">\n<p lang=\"en\" dir=\"ltr\">.<a href=\"https:\/\/twitter.com\/POTUS?ref_src=twsrc%5Etfw\" rel=\"nofollow noopener\" target=\"_blank\">@POTUS<\/a> \u201cTonight, at my direction as Commander in Chief, the United States launched a powerful and deadly strike against <a href=\"https:\/\/www.apollo.lv\/term\/63194\/isis\" class=\"topicLink\" target=\"_blank\" rel=\"nofollow noopener\">ISIS<\/a> Terrorist Scum in Northwest Nigeria, who have been targeting and viciously killing, primarily, innocent Christians, at levels not seen for many years, and\u2026 <a href=\"https:\/\/t.co\/ct7rUW128t\" rel=\"nofollow\">pic.twitter.com\/ct7rUW128t<\/a><\/p>\n<p>\u2014 Department of War \ud83c\uddfa\ud83c\uddf8 (@DeptofWar) <a href=\"https:\/\/twitter.com\/DeptofWar\/status\/2004351717131903272?ref_src=twsrc%5Etfw\" rel=\"nofollow noopener\" target=\"_blank\">December 26, 2025<\/a><\/p><\/blockquote>\n<p><script async src=\"https:\/\/platform.twitter.com\/widgets.js\" charset=\"utf-8\"><\/script><\/p>\n","protected":false},"excerpt":{"rendered":"Nig\u0113rijas vald\u012bba un neatkar\u012bgie anal\u012bti\u0137i noraida, ka valst\u012b notieko\u0161\u0101 vardarb\u012bba ir uzskat\u0101ma par reli\u0123isku vaj\u0101\u0161anu &#8211; narat\u012bvu, ko&hellip;\n","protected":false},"author":2,"featured_media":86412,"comment_status":"","ping_status":"","sticky":false,"template":"","format":"standard","meta":{"footnotes":""},"categories":[14],"tags":[23,57,292,28,29,32,33,22,22011,30,31,35,39,38,36,37,34,40,20,8752,26,27,24,25,54,55,56,21,58],"class_list":{"0":"post-86411","1":"post","2":"type-post","3":"status-publish","4":"format-standard","5":"has-post-thumbnail","7":"category-zinas-no-arvalstim","8":"tag-aktualitates","9":"tag-arvalstim","10":"tag-asv","11":"tag-breaking-news","12":"tag-breakingnews","13":"tag-featured-news","14":"tag-featurednews","15":"tag-headlines","16":"tag-isis","17":"tag-latest-news","18":"tag-latestnews","19":"tag-latvia","20":"tag-latvian","21":"tag-latviesu","22":"tag-latviesu-valoda","23":"tag-latviesuvaloda","24":"tag-latvija","25":"tag-lv","26":"tag-news","27":"tag-nigerija","28":"tag-popularakas-zinas","29":"tag-popularakaszinas","30":"tag-top-stories","31":"tag-topstories","32":"tag-world","33":"tag-world-news","34":"tag-worldnews","35":"tag-zinas","36":"tag-zinas-no-arvalstim"},"share_on_mastodon":{"url":"https:\/\/pubeurope.com\/@lv\/115784842169664846","error":""},"_links":{"self":[{"href":"https:\/\/www.europesays.com\/lv\/wp-json\/wp\/v2\/posts\/86411","targetHints":{"allow":["GET"]}}],"collection":[{"href":"https:\/\/www.europesays.com\/lv\/wp-json\/wp\/v2\/posts"}],"about":[{"href":"https:\/\/www.europesays.com\/lv\/wp-json\/wp\/v2\/types\/post"}],"author":[{"embeddable":true,"href":"https:\/\/www.europesays.com\/lv\/wp-json\/wp\/v2\/users\/2"}],"replies":[{"embeddable":true,"href":"https:\/\/www.europesays.com\/lv\/wp-json\/wp\/v2\/comments?post=86411"}],"version-history":[{"count":0,"href":"https:\/\/www.europesays.com\/lv\/wp-json\/wp\/v2\/posts\/86411\/revisions"}],"wp:featuredmedia":[{"embeddable":true,"href":"https:\/\/www.europesays.com\/lv\/wp-json\/wp\/v2\/media\/86412"}],"wp:attachment":[{"href":"https:\/\/www.europesays.com\/lv\/wp-json\/wp\/v2\/media?parent=86411"}],"wp:term":[{"taxonomy":"category","embeddable":true,"href":"https:\/\/www.europesays.com\/lv\/wp-json\/wp\/v2\/categories?post=86411"},{"taxonomy":"post_tag","embeddable":true,"href":"https:\/\/www.europesays.com\/lv\/wp-json\/wp\/v2\/tags?post=86411"}],"curies":[{"name":"wp","href":"https:\/\/api.w.org\/{rel}","templated":true}]}}