{"id":86445,"date":"2025-12-26T08:50:21","date_gmt":"2025-12-26T08:50:21","guid":{"rendered":"https:\/\/www.europesays.com\/lv\/86445\/"},"modified":"2025-12-26T08:50:21","modified_gmt":"2025-12-26T08:50:21","slug":"asv-speki-veikusi-triecienus-islama-valsts-kaujiniekiem-nigerija","status":"publish","type":"post","link":"https:\/\/www.europesays.com\/lv\/86445\/","title":{"rendered":"ASV sp\u0113ki veiku\u0161i triecienus &#8220;Isl\u0101ma valsts&#8221; kaujiniekiem Nig\u0113rij\u0101"},"content":{"rendered":"<p><a rel=\"noopener nofollow\" target=\"_blank\" href=\"https:\/\/www.delfi.lv\/temas\/42596146\/asv\" tag-id=\"42596146\">ASV<\/a> sp\u0113ki ceturtdien veica &#8220;sp\u0113c\u012bgus un n\u0101v\u0113jo\u0161us&#8221; triecienus pret teroristisk\u0101 grup\u0113juma &#8220;<a rel=\"noopener nofollow\" target=\"_blank\" href=\"https:\/\/www.delfi.lv\/temas\/44642934\/islama-valsts\" tag-id=\"44642934\">Isl\u0101ma valsts<\/a>&#8221; kaujiniekiem <a rel=\"noopener nofollow\" target=\"_blank\" href=\"https:\/\/www.delfi.lv\/temas\/38791591\/nigerija\" tag-id=\"38791591\">Nig\u0113rijas<\/a> zieme\u013crietumos, pazi\u0146oja ASV prezidents <a rel=\"noopener nofollow\" target=\"_blank\" href=\"https:\/\/www.delfi.lv\/temas\/42006990\/donalds-tramps\" tag-id=\"42006990\">Donalds Tramps<\/a>, kur\u0161 iepriek\u0161 bija br\u012bdin\u0101jis isl\u0101mistus neveikt sist\u0113miskus uzbrukumus kristie\u0161iem \u0161aj\u0101 valst\u012b.<\/p>\n<p>Nig\u0113rijas \u0100rlietu ministrija piektdien apstiprin\u0101ja gaisa triecienus, pazi\u0146ojot, ka valst\u012b ir veikti &#8220;prec\u012bzijas triecieni teroristu m\u0113r\u0137iem&#8221;.<\/p>\n<p>ASV Aizsardz\u012bbas ministrijas pav\u0113lniec\u012bba \u0100frik\u0101 inform\u0113ja, ka uzbrukums Sokoto \u0161tat\u0101 veikts p\u0113c Nig\u0113rijas varasiest\u0101\u017eu l\u016bguma un taj\u0101 likvid\u0113ti vair\u0101ki &#8220;Isl\u0101ma valsts&#8221; teroristi.<\/p>\n<p>Tramps atg\u0101din\u0101ja, ka &#8220;iepriek\u0161 bija br\u012bdin\u0101jis \u0161os teroristus, ka gad\u012bjum\u0101, ja vi\u0146i neizbeigs kristie\u0161u slakt\u0113\u0161anu, b\u016bs elle, un \u0161ovakar t\u0101 pien\u0101ca&#8221;.<\/p>\n<p>Sav\u0101 platform\u0101 &#8220;Truth Social&#8221; Tramps pie\u013c\u0101va turpm\u0101kus triecienus, ja uzbrukumi kristie\u0161iem turpin\u0101sies.<\/p>\n<p>Tas bija pirmais ASV sp\u0113ku uzbrukums Nig\u0113rij\u0101 nepilna gada laik\u0101 kop\u0161 Trampa atgrie\u0161an\u0101s Baltaj\u0101 nam\u0101.<\/p>\n<p>Oktobr\u012b un novembr\u012b Tramps negaid\u012bti kritiz\u0113ja Rietum\u0101frikas valsti, sakot, ka kristie\u0161i tur saskaras ar &#8220;eksistenci\u0101liem draudiem&#8221;, kas Nig\u0113rijas neskait\u0101mo bru\u0146oto konfliktu laik\u0101 piel\u012bdzin\u0101mi genoc\u012bdam.<\/p>\n<p>\u0160o diplom\u0101tisko ofens\u012bvu da\u017ei atzin\u012bgi nov\u0113rt\u0113ja, bet citi to interpret\u0113ja k\u0101 reli\u0123isk\u0101s spriedzes kurin\u0101\u0161anu \u0100frikas visapdz\u012bvot\u0101kaj\u0101 valst\u012b, kur\u0101 pag\u0101tn\u0113 ir notiku\u0161i sektantiskas vardarb\u012bbas uzliesmojumi.<\/p>\n<p>Nig\u0113rijas vald\u012bba un neatkar\u012bgie anal\u012bti\u0137i noraida, ka valst\u012b notieko\u0161\u0101 vardarb\u012bba ir uzskat\u0101ma par reli\u0123isku vaj\u0101\u0161anu \u2014 narat\u012bvu, ko jau sen izmanto krist\u012bgie lab\u0113jie ASV un Eirop\u0101.<\/p>\n<p>Ta\u010du Tramps, izce\u013cot to, ko vi\u0146a administr\u0101cija sauc par glob\u0101lu kristie\u0161u vaj\u0101\u0161anu, pag\u0101ju\u0161aj\u0101 m\u0113nes\u012b uzsv\u0113ra, ka Va\u0161ingtona ir gatava veikt milit\u0101ras darb\u012bbas Nig\u0113rij\u0101, lai c\u012bn\u012btos pret \u0161\u0101d\u0101m slepkav\u012bb\u0101m.<\/p>\n<p>\u0160ogad ASV atkal iek\u013c\u0101va Nig\u0113riju to valstu sarakst\u0101, kuras rada &#8220;\u012bpa\u0161as ba\u017eas&#8221; reli\u0123isk\u0101s br\u012bv\u012bbas zi\u0146\u0101, un ierobe\u017eoja v\u012bzu izsnieg\u0161anu Nig\u0113rijas pilso\u0146iem.<\/p>\n<p>Tramps pag\u0101ju\u0161aj\u0101 m\u0113nes\u012b ar\u012b draud\u0113ja p\u0101rtraukt visu pal\u012bdz\u012bbu Abud\u017eai, ja t\u0101 &#8220;turpin\u0101s pie\u013caut kristie\u0161u nogalin\u0101\u0161anu&#8221;.<\/p>\n<p>Nig\u0113rij\u0101 ir aptuveni 220 miljonu iedz\u012bvot\u0101ju, no kuriem apm\u0113ram puse ir kristie\u0161i, bet otra puse ir musulma\u0146i. Musulma\u0146i p\u0101rsvar\u0101 apdz\u012bvo valsts zieme\u013cus un kristie\u0161i &#8211; dienvidus.<\/p>\n<p>Jau vair\u0101k nek\u0101 15 gadus valsts zieme\u013caustrumus ir p\u0101r\u0146\u0113musi d\u017eih\u0101distu grup\u0113juma &#8220;Boko Haram&#8221; vardarb\u012bba, kur\u0101 dz\u012bv\u012bbu zaud\u0113ju\u0161i vair\u0101k nek\u0101 40 000 cilv\u0113ku un divi miljoni cilv\u0113ku biju\u0161i spiesti pamest savas m\u0101jas.<\/p>\n<p>Vienlaikus pla\u0161os rajonos valsts zieme\u013crietumu, zieme\u013cu un centr\u0101laj\u0101s da\u013c\u0101s darbojas noziedz\u012bgas bandas, kas uzbr\u016bk ciematiem, nogalinot un nolaupot iedz\u012bvot\u0101jus.<\/p>\n<p>Tre\u0161dien spr\u0101dziens nogranda mo\u0161ej\u0101 Maiduguri valsts zieme\u013caustrumos, nogalinot vismaz septi\u0146us dievl\u016bdz\u0113jus. Neviens bru\u0146ots grup\u0113jums pagaid\u0101m atbild\u012bbu nav uz\u0146\u0113mies.<\/p>\n<p class=\"m-0\">Seko &#8220;Delfi&#8221; ar\u012b  <a target=\"_blank\" href=\"https:\/\/www.instagram.com\/delfi.lv\/\" rel=\"nofollow noopener\">Instagram<\/a>  un <a target=\"_blank\" href=\"https:\/\/www.youtube.com\/channel\/UCw5foWtcJvAbUm64rv7jwUQ\" rel=\"nofollow noopener\">YouTube<\/a>  profil\u0101 \u2013 pievienojies, lai uzzin\u0101tu svar\u012bg\u0101ko un interesant\u0101ko pirmais!<\/p>\n<p>Publik\u0101cijas saturs vai t\u0101s jebk\u0101da apjoma da\u013ca ir aizsarg\u0101ts autorties\u012bbu objekts Autorties\u012bbu likuma izpratn\u0113, un t\u0101 izmanto\u0161ana bez izdev\u0113ja at\u013caujas ir aizliegta. Vair\u0101k lasi  <a target=\"_blank\" href=\"https:\/\/www.delfi.lv\/noteikumi#autortiesibas\" rel=\"nofollow noopener\">\u0161eit<\/a><script async src=\"\/\/www.instagram.com\/embed.js\"><\/script><\/p>\n","protected":false},"excerpt":{"rendered":"ASV sp\u0113ki ceturtdien veica &#8220;sp\u0113c\u012bgus un n\u0101v\u0113jo\u0161us&#8221; triecienus pret teroristisk\u0101 grup\u0113juma &#8220;Isl\u0101ma valsts&#8221; kaujiniekiem Nig\u0113rijas zieme\u013crietumos, pazi\u0146oja ASV&hellip;\n","protected":false},"author":2,"featured_media":86446,"comment_status":"","ping_status":"","sticky":false,"template":"","format":"standard","meta":{"footnotes":""},"categories":[5],"tags":[23,292,28,29,542,32,33,22,18712,30,31,35,39,38,36,37,34,40,20,8752,26,27,4282,24,25,21],"class_list":{"0":"post-86445","1":"post","2":"type-post","3":"status-publish","4":"format-standard","5":"has-post-thumbnail","7":"category-aktualitates","8":"tag-aktualitates","9":"tag-asv","10":"tag-breaking-news","11":"tag-breakingnews","12":"tag-donalds-tramps","13":"tag-featured-news","14":"tag-featurednews","15":"tag-headlines","16":"tag-islama-valsts","17":"tag-latest-news","18":"tag-latestnews","19":"tag-latvia","20":"tag-latvian","21":"tag-latviesu","22":"tag-latviesu-valoda","23":"tag-latviesuvaloda","24":"tag-latvija","25":"tag-lv","26":"tag-news","27":"tag-nigerija","28":"tag-popularakas-zinas","29":"tag-popularakaszinas","30":"tag-terorisms","31":"tag-top-stories","32":"tag-topstories","33":"tag-zinas"},"share_on_mastodon":{"url":"https:\/\/pubeurope.com\/@lv\/115785015154347371","error":""},"_links":{"self":[{"href":"https:\/\/www.europesays.com\/lv\/wp-json\/wp\/v2\/posts\/86445","targetHints":{"allow":["GET"]}}],"collection":[{"href":"https:\/\/www.europesays.com\/lv\/wp-json\/wp\/v2\/posts"}],"about":[{"href":"https:\/\/www.europesays.com\/lv\/wp-json\/wp\/v2\/types\/post"}],"author":[{"embeddable":true,"href":"https:\/\/www.europesays.com\/lv\/wp-json\/wp\/v2\/users\/2"}],"replies":[{"embeddable":true,"href":"https:\/\/www.europesays.com\/lv\/wp-json\/wp\/v2\/comments?post=86445"}],"version-history":[{"count":0,"href":"https:\/\/www.europesays.com\/lv\/wp-json\/wp\/v2\/posts\/86445\/revisions"}],"wp:featuredmedia":[{"embeddable":true,"href":"https:\/\/www.europesays.com\/lv\/wp-json\/wp\/v2\/media\/86446"}],"wp:attachment":[{"href":"https:\/\/www.europesays.com\/lv\/wp-json\/wp\/v2\/media?parent=86445"}],"wp:term":[{"taxonomy":"category","embeddable":true,"href":"https:\/\/www.europesays.com\/lv\/wp-json\/wp\/v2\/categories?post=86445"},{"taxonomy":"post_tag","embeddable":true,"href":"https:\/\/www.europesays.com\/lv\/wp-json\/wp\/v2\/tags?post=86445"}],"curies":[{"name":"wp","href":"https:\/\/api.w.org\/{rel}","templated":true}]}}