{"id":86473,"date":"2025-12-26T09:21:08","date_gmt":"2025-12-26T09:21:08","guid":{"rendered":"https:\/\/www.europesays.com\/lv\/86473\/"},"modified":"2025-12-26T09:21:08","modified_gmt":"2025-12-26T09:21:08","slug":"atvadamies-no-komika-patrika-fina-atpazistams-ar-lomam-serialos-the-middle-friends-un-seinfeld-lente-lv","status":"publish","type":"post","link":"https:\/\/www.europesays.com\/lv\/86473\/","title":{"rendered":"Atvad\u0101mies no komi\u0137a Patrika Fina \u2013 atpaz\u012bstams ar lom\u0101m seri\u0101los &#8220;The Middle&#8221;, &#8220;Friends&#8221; un &#8220;Seinfeld&#8221;\u00a0\u2014\u00a0Lente.lv"},"content":{"rendered":"<p>Slavenais aktieris Patriks Fins miris 60 gadu vecum\u0101<\/p>\n<p>Amerik\u0101\u0146u komi\u0137is un aktieris Patriks Fins (Patrick Finn), kur\u0161 pla\u0161\u0101kai publikai vislab\u0101k paz\u012bstams ar sav\u0101m atmi\u0146\u0101 palieko\u0161aj\u0101m lom\u0101m popul\u0101ros telev\u012bzijas seri\u0101los, tostarp ABC veidotaj\u0101 &#8220;The Middle&#8221;, ir miris. K\u0101 inform\u0113 port\u0101ls NRA, aktiera \u0123imene izplat\u012bja ofici\u0101lu pazi\u0146ojumu par vi\u0146a p\u0101ragro aizie\u0161anu. Fins m\u016b\u017e\u012bb\u0101 dev\u0101s 60 gadu vecum\u0101, p\u0113c ilgas un smagas c\u012b\u0146as ar v\u0113zi.<\/p>\n<p>Fins ar v\u0113zi, kas s\u0101kotn\u0113ji bija remisij\u0101, atkal sask\u0101r\u0101s, un slim\u012bba atgriez\u0101s agres\u012bv\u0101 form\u0101. Aktieris p\u0113d\u0113jo reizi tika aprakst\u012bts k\u0101 patiesais karav\u012brs vis\u0101s noz\u012bm\u0113s, kas l\u012bdz pat p\u0113d\u0113jam c\u012bn\u012bj\u0101s ar slim\u012bbu, kas ilgst jau tr\u012bs gadus.<\/p>\n<p>Karjera, kas piepild\u012bta ar humoru un sirsn\u012bbu<\/p>\n<p>Patrika Fina karjera bija daudzveid\u012bga un pies\u0101tin\u0101ta ar kom\u0113diju un sp\u0113ju rad\u012bt atpaz\u012bstamus t\u0113lus. Lai gan vi\u0146\u0161 visbie\u017e\u0101k tika piemin\u0113ts saist\u012bb\u0101 ar lomu seri\u0101l\u0101 &#8220;The Middle&#8221;, kur vi\u0146\u0161 atveidoja kaimi\u0146u Bilu Norvudu (Bill Norwood) aptuveni 23 epizod\u0113s devi\u0146u sezonu garum\u0101, vi\u0146a talants izpaud\u0101s ar\u012b citviet.<\/p>\n<p>Pirms nok\u013c\u016b\u0161anas telev\u012bzij\u0101, Fina ce\u013c\u0161 s\u0101k\u0101s improviz\u0101cijas kom\u0113dij\u0101, str\u0101d\u0101jot kop\u0101 ar ilggad\u0113ju draugu Krisu Farley. Tie\u0161i \u0161\u012b agr\u012bn\u0101 pieredze, p\u0113c daudzu nov\u0113rot\u0101ju dom\u0101m, iev\u0113rojami ietekm\u0113ja un noform\u0113ja vi\u0146a kom\u0113disko stilu.<\/p>\n<blockquote><p>&#8220;T\u0113ti, Tu biji un esi paraugs un iedvesma visiem, ko satiki. Es centos izdom\u0101t v\u0101rdu, lai Tevi aprakst\u012btu, bet neviens v\u0101rds to nesp\u0113tu pien\u0101c\u012bgi atspogu\u013cot. Tu esi Patriks Fins,&#8221; sav\u0101 Instagram vietn\u0113 rakst\u012bja vi\u0146a meita Kasidija (Cassidy), pievienojot virkni b\u0113rn\u012bbas fotogr\u0101fiju.<\/p><\/blockquote>\n<p>Z\u012bm\u012bgas lomas telev\u012bzijas ekr\u0101nos<\/p>\n<p>Fins bija paz\u012bstams ar\u012b ar saviem viesu lom\u0101m kulta seri\u0101los. Vi\u0146a filmogr\u0101fij\u0101 ir piem\u0113ri k\u0101 &#8220;Seinfeld&#8221; un &#8220;Friends&#8221;, kur vi\u0146a iej\u016btas da\u017e\u0101d\u0101s lom\u0101s, k\u013c\u016bstot par m\u012b\u013cu un paz\u012bstamu seju telev\u012bzijas auditorijai. Vi\u0146a pirm\u0101 noz\u012bm\u012bg\u0101 loma bija kom\u0113dijseri\u0101l\u0101 &#8220;The George Wendt Show&#8221; 1995. gad\u0101, kur vi\u0146\u0161 atveidoja D\u017eord\u017ea Kolmena br\u0101li.<\/p>\n<p>V\u0113l\u0101k sekoja lomas t\u0101d\u0101s popul\u0101r\u0101s produkcij\u0101s k\u0101 &#8220;Murphy Brown&#8221;, &#8220;3rd Rock From the Sun&#8221; un &#8220;Ed&#8221;. 2012. gad\u0101 vi\u0146\u0161 ieguva otr\u0101 past\u0101v\u012bg\u0101 dal\u012bbnieka statusu Nickelodeon kom\u0113dijas seri\u0101l\u0101 &#8220;Marvin, Marvin&#8221;, lai gan tas tika transl\u0113ts tikai vienu sezonu.<\/p>\n<p>Piemin\u0113jumi un mantojums<\/p>\n<p>Patrika Fina aizie\u0161ana ir rad\u012bjusi s\u0113ras emocijas ne tikai \u0123imenes lok\u0101, bet ar\u012b starp kol\u0113\u0123iem un faniem vis\u0101 pasaul\u0113. Daudzi, kas ar vi\u0146u str\u0101d\u0101ju\u0161i, izteica dzi\u013cu no\u017e\u0113lu un atzin\u012bbu par vi\u0146a talantu un person\u012bbu. Komi\u0137is D\u017eefs Dajs (Jeff Dye) atz\u012bm\u0113ja Fina izcil\u0101s humora izj\u016btu, rakstot, ka vi\u0146\u0161 nebija tikai slaven\u012bba, bet gan draugs.<\/p>\n<p>Fins, kura \u012bstais v\u0101rds bija Patriks Kasidijs Fins, dzimis 1965. gada 31. j\u016blij\u0101 Evanston\u0101, Ilinoisas \u0161tat\u0101. Vi\u0146\u0161 atst\u0101j aizg\u0101jis sievu Donu (Donna) un tr\u012bs b\u0113rnus \u2013 Kasidiju, Keitlinu (Caitlin) un Rajanu (Ryan), k\u0101 ar\u012b vec\u0101kus. Vi\u0146a sp\u0113ja rad\u012bt t\u0113lus, kas \u0161\u0137ita patiesi cilv\u0113c\u012bgi \u2013 gan smiekl\u012bgi, gan dzi\u013ci aizraujo\u0161i \u2013 nodro\u0161ina vi\u0146am palieko\u0161u vietu telev\u012bzijas v\u0113stur\u0113.<\/p>\n","protected":false},"excerpt":{"rendered":"Slavenais aktieris Patriks Fins miris 60 gadu vecum\u0101 Amerik\u0101\u0146u komi\u0137is un aktieris Patriks Fins (Patrick Finn), kur\u0161 pla\u0161\u0101kai&hellip;\n","protected":false},"author":2,"featured_media":86474,"comment_status":"","ping_status":"","sticky":false,"template":"","format":"standard","meta":{"footnotes":""},"categories":[19],"tags":[22031,89,90,35,39,38,36,37,34,40,22029,22032,22030,976],"class_list":{"0":"post-86473","1":"post","2":"type-post","3":"status-publish","4":"format-standard","5":"has-post-thumbnail","7":"category-izklaide","8":"tag-amerikanu-aktieris","9":"tag-entertainment","10":"tag-izklaide","11":"tag-latvia","12":"tag-latvian","13":"tag-latviesu","14":"tag-latviesu-valoda","15":"tag-latviesuvaloda","16":"tag-latvija","17":"tag-lv","18":"tag-patriks-fins","19":"tag-seinfeld","20":"tag-the-middle","21":"tag-vezis"},"share_on_mastodon":{"url":"https:\/\/pubeurope.com\/@lv\/115785137233488964","error":""},"_links":{"self":[{"href":"https:\/\/www.europesays.com\/lv\/wp-json\/wp\/v2\/posts\/86473","targetHints":{"allow":["GET"]}}],"collection":[{"href":"https:\/\/www.europesays.com\/lv\/wp-json\/wp\/v2\/posts"}],"about":[{"href":"https:\/\/www.europesays.com\/lv\/wp-json\/wp\/v2\/types\/post"}],"author":[{"embeddable":true,"href":"https:\/\/www.europesays.com\/lv\/wp-json\/wp\/v2\/users\/2"}],"replies":[{"embeddable":true,"href":"https:\/\/www.europesays.com\/lv\/wp-json\/wp\/v2\/comments?post=86473"}],"version-history":[{"count":0,"href":"https:\/\/www.europesays.com\/lv\/wp-json\/wp\/v2\/posts\/86473\/revisions"}],"wp:featuredmedia":[{"embeddable":true,"href":"https:\/\/www.europesays.com\/lv\/wp-json\/wp\/v2\/media\/86474"}],"wp:attachment":[{"href":"https:\/\/www.europesays.com\/lv\/wp-json\/wp\/v2\/media?parent=86473"}],"wp:term":[{"taxonomy":"category","embeddable":true,"href":"https:\/\/www.europesays.com\/lv\/wp-json\/wp\/v2\/categories?post=86473"},{"taxonomy":"post_tag","embeddable":true,"href":"https:\/\/www.europesays.com\/lv\/wp-json\/wp\/v2\/tags?post=86473"}],"curies":[{"name":"wp","href":"https:\/\/api.w.org\/{rel}","templated":true}]}}