{"id":86484,"date":"2025-12-26T09:32:06","date_gmt":"2025-12-26T09:32:06","guid":{"rendered":"https:\/\/www.europesays.com\/lv\/86484\/"},"modified":"2025-12-26T09:32:06","modified_gmt":"2025-12-26T09:32:06","slug":"bus-elle-asv-dod-triecienus-islama-valsts-kaujiniekiem-nigerija","status":"publish","type":"post","link":"https:\/\/www.europesays.com\/lv\/86484\/","title":{"rendered":"&#8220;B\u016bs elle!&#8221; ASV dod triecienus &#8220;Isl\u0101ma valsts&#8221; kaujiniekiem Nig\u0113rij\u0101"},"content":{"rendered":"<p>Nig\u0113rijas vald\u012bba un neatkar\u012bgie anal\u012bti\u0137i noraida, ka valst\u012b notieko\u0161\u0101 vardarb\u012bba ir uzskat\u0101ma par reli\u0123isku vaj\u0101\u0161anu &#8211; narat\u012bvu, ko jau sen izmanto krist\u012bgie lab\u0113jie ASV un Eirop\u0101.<\/p>\n<p>Ta\u010du Tramps, izce\u013cot to, ko vi\u0146a administr\u0101cija sauc par glob\u0101lu kristie\u0161u vaj\u0101\u0161anu, pag\u0101ju\u0161aj\u0101 m\u0113nes\u012b uzsv\u0113ra, ka Va\u0161ingtona ir gatava veikt milit\u0101ras darb\u012bbas Nig\u0113rij\u0101, lai c\u012bn\u012btos pret \u0161\u0101d\u0101m slepkav\u012bb\u0101m.<\/p>\n<p>\u0160ogad ASV atkal iek\u013c\u0101va Nig\u0113riju to valstu sarakst\u0101, kuras rada &#8220;\u012bpa\u0161as ba\u017eas&#8221; reli\u0123isk\u0101s br\u012bv\u012bbas zi\u0146\u0101, un ierobe\u017eoja v\u012bzu izsnieg\u0161anu Nig\u0113rijas pilso\u0146iem.<\/p>\n<p>Tramps pag\u0101ju\u0161aj\u0101 m\u0113nes\u012b ar\u012b draud\u0113ja p\u0101rtraukt visu pal\u012bdz\u012bbu Abud\u017eai, ja t\u0101 &#8220;turpin\u0101s pie\u013caut kristie\u0161u nogalin\u0101\u0161anu&#8221;.<\/p>\n<p>Nig\u0113rij\u0101 ir aptuveni 220 miljonu iedz\u012bvot\u0101ju, no kuriem apm\u0113ram puse ir kristie\u0161i, bet otra puse ir musulma\u0146i. Musulma\u0146i p\u0101rsvar\u0101 apdz\u012bvo valsts zieme\u013cus un kristie\u0161i &#8211; dienvidus.<\/p>\n<p>Jau vair\u0101k nek\u0101 15 gadus valsts zieme\u013caustrumus ir p\u0101r\u0146\u0113musi d\u017eih\u0101distu grup\u0113juma &#8220;Boko Haram&#8221; vardarb\u012bba, kur\u0101 dz\u012bv\u012bbu zaud\u0113ju\u0161i vair\u0101k nek\u0101 40 000 cilv\u0113ku un divi miljoni cilv\u0113ku biju\u0161i spiesti pamest savas m\u0101jas.<\/p>\n<p>Vienlaikus pla\u0161os rajonos valsts zieme\u013crietumu, zieme\u013cu un centr\u0101laj\u0101s da\u013c\u0101s darbojas noziedz\u012bgas bandas, kas uzbr\u016bk ciematiem, nogalinot un nolaupot iedz\u012bvot\u0101jus.<\/p>\n<p>Tre\u0161dien spr\u0101dziens nogranda mo\u0161ej\u0101 Maiduguri valsts zieme\u013caustrumos, nogalinot vismaz septi\u0146us dievl\u016bdz\u0113jus. Neviens bru\u0146ots grup\u0113jums pagaid\u0101m atbild\u012bbu nav uz\u0146\u0113mies.<\/p>\n","protected":false},"excerpt":{"rendered":"Nig\u0113rijas vald\u012bba un neatkar\u012bgie anal\u012bti\u0137i noraida, ka valst\u012b notieko\u0161\u0101 vardarb\u012bba ir uzskat\u0101ma par reli\u0123isku vaj\u0101\u0161anu &#8211; narat\u012bvu, ko&hellip;\n","protected":false},"author":2,"featured_media":86485,"comment_status":"","ping_status":"","sticky":false,"template":"","format":"standard","meta":{"footnotes":""},"categories":[5],"tags":[23,28,29,542,32,33,22,18712,30,31,35,39,38,36,37,34,40,20,8752,26,27,24,25,21],"class_list":{"0":"post-86484","1":"post","2":"type-post","3":"status-publish","4":"format-standard","5":"has-post-thumbnail","7":"category-aktualitates","8":"tag-aktualitates","9":"tag-breaking-news","10":"tag-breakingnews","11":"tag-donalds-tramps","12":"tag-featured-news","13":"tag-featurednews","14":"tag-headlines","15":"tag-islama-valsts","16":"tag-latest-news","17":"tag-latestnews","18":"tag-latvia","19":"tag-latvian","20":"tag-latviesu","21":"tag-latviesu-valoda","22":"tag-latviesuvaloda","23":"tag-latvija","24":"tag-lv","25":"tag-news","26":"tag-nigerija","27":"tag-popularakas-zinas","28":"tag-popularakaszinas","29":"tag-top-stories","30":"tag-topstories","31":"tag-zinas"},"share_on_mastodon":{"url":"https:\/\/pubeurope.com\/@lv\/115785180787628675","error":""},"_links":{"self":[{"href":"https:\/\/www.europesays.com\/lv\/wp-json\/wp\/v2\/posts\/86484","targetHints":{"allow":["GET"]}}],"collection":[{"href":"https:\/\/www.europesays.com\/lv\/wp-json\/wp\/v2\/posts"}],"about":[{"href":"https:\/\/www.europesays.com\/lv\/wp-json\/wp\/v2\/types\/post"}],"author":[{"embeddable":true,"href":"https:\/\/www.europesays.com\/lv\/wp-json\/wp\/v2\/users\/2"}],"replies":[{"embeddable":true,"href":"https:\/\/www.europesays.com\/lv\/wp-json\/wp\/v2\/comments?post=86484"}],"version-history":[{"count":0,"href":"https:\/\/www.europesays.com\/lv\/wp-json\/wp\/v2\/posts\/86484\/revisions"}],"wp:featuredmedia":[{"embeddable":true,"href":"https:\/\/www.europesays.com\/lv\/wp-json\/wp\/v2\/media\/86485"}],"wp:attachment":[{"href":"https:\/\/www.europesays.com\/lv\/wp-json\/wp\/v2\/media?parent=86484"}],"wp:term":[{"taxonomy":"category","embeddable":true,"href":"https:\/\/www.europesays.com\/lv\/wp-json\/wp\/v2\/categories?post=86484"},{"taxonomy":"post_tag","embeddable":true,"href":"https:\/\/www.europesays.com\/lv\/wp-json\/wp\/v2\/tags?post=86484"}],"curies":[{"name":"wp","href":"https:\/\/api.w.org\/{rel}","templated":true}]}}