{"id":86500,"date":"2025-12-26T09:44:19","date_gmt":"2025-12-26T09:44:19","guid":{"rendered":"https:\/\/www.europesays.com\/lv\/86500\/"},"modified":"2025-12-26T09:44:19","modified_gmt":"2025-12-26T09:44:19","slug":"paragri-muziba-devies-uznemejs-un-sporta-atbalstitajs-normunds-zviedris-lente-lv","status":"publish","type":"post","link":"https:\/\/www.europesays.com\/lv\/86500\/","title":{"rendered":"P\u0101ragri M\u016b\u017e\u012bb\u0101 Devies Uz\u0146\u0113m\u0113js un Sporta Atbalst\u012bt\u0101js Normunds Zviedris\u00a0\u2014\u00a0Lente.lv"},"content":{"rendered":"<p>Nelabv\u0113l\u012bg\u0101s Ziemassv\u0113tku V\u0113stis<\/p>\n<p>Latvijas rite\u0146brauk\u0161anas un uz\u0146\u0113m\u0113jdarb\u012bbas vide piedz\u012bvo smagu zaud\u0113jumu \u2013 Ziemassv\u0113tku laik\u0101, kas parasti asoci\u0113jas ar mieru un \u0123imeni, no dz\u012bves agr\u0101 vecum\u0101 aizg\u0101jis paz\u012bstamais uz\u0146\u0113m\u0113js un akt\u012bvais rite\u0146brauk\u0161anas entuziasts Normunds Zviedris. \u0160\u012b negaid\u012bt\u0101 zi\u0146a ir satriekusi daudzus, kuri pazina Zviedri gan k\u0101 sporta atbalst\u012bt\u0101ju, gan k\u0101 sabiedrisku darbinieku. K\u0101 inform\u0113 port\u0101ls jauns.lv, \u0161\u012b tra\u0123isk\u0101 zi\u0146a ir izplat\u012bjusies tie\u0161i sv\u0113tku dien\u0101s, radot \u012bpa\u0161i skumju noska\u0146u sporta aprind\u0101s.<\/p>\n<p>Normunda Zviedra aizie\u0161ana ir \u012bpa\u0161i j\u016btama rite\u0146brauk\u0161anas kopien\u0101, kur vi\u0146\u0161 bija paz\u012bstams ne tikai k\u0101 entuziasts, bet ar\u012b k\u0101 akt\u012bvs sporta dal\u012bbnieks un atbalst\u012bt\u0101js. Vi\u0146a v\u0101rds ilgu laiku bija cie\u0161i saist\u012bts ar velosportu Latvij\u0101, gan organizatorisk\u0101, gan person\u012bg\u0101 l\u012bmen\u012b.<\/p>\n<p>No Uz\u0146\u0113m\u0113jdarb\u012bbas L\u012bdz Sporta Virsotn\u0113m<\/p>\n<p>Normunds Zviedris bija atz\u012bta persona ne tikai k\u0101 uz\u0146\u0113m\u0113js, bet ar\u012b k\u0101 sabiedrisks darbinieks, piem\u0113ram, vi\u0146\u0161 savulaik ie\u0146\u0113ma \u0100da\u017eu novada domes priek\u0161s\u0113d\u0113t\u0101ja amatu. \u0160o amatu vi\u0146\u0161 ieguva 2014. gada s\u0101kum\u0101 ar sal\u012bdzino\u0161i nelielu p\u0101rsvaru p\u0113c iepriek\u0161\u0113j\u0101 vad\u012bt\u0101ja demisijas. Deput\u0101ti atzina, ka vi\u0146a person\u012bba un viet\u0113jo iedz\u012bvot\u0101ju uztic\u012bba bija svar\u012bg\u0101ki par politisko pieder\u012bbu.<\/p>\n<p>Tom\u0113r daudziem Latvij\u0101 vi\u0146a uzv\u0101rds vispirms asoci\u0113j\u0101s tie\u0161i ar rite\u0146brauk\u0161anu. Zviedris bija akt\u012bvs velosport\u0101, guvis iev\u0113rojamus pan\u0101kumus gan kalnu rite\u0146brauk\u0161an\u0101 (MTB), gan \u0161osejas rite\u0146brauk\u0161an\u0101. Jau 2009. gad\u0101 vi\u0146\u0161 izc\u012bn\u012bja Latvijas \u010dempiona titulu MTB rite\u0146brauk\u0161an\u0101 un ieguva bronzas meda\u013cu \u0161osejas rite\u0146brauk\u0161anas \u010dempion\u0101t\u0101. Vi\u0146a sasniegumi sport\u0101 kalpoja k\u0101 laba pier\u0101d\u012bjuma b\u0101ze tam, k\u0101 sports disciplin\u0113 un att\u012bsta gribassp\u0113ku, kas noder ar\u012b cit\u0101s dz\u012bves jom\u0101s.<\/p>\n<p>Vi\u0146a ieguld\u012bjums rite\u0146brauk\u0161anas infrastrukt\u016br\u0101 un atpaz\u012bstam\u012bb\u0101 ir m\u0113r\u0101ms ar\u012b citos projektos. Piem\u0113ram, 2001. gad\u0101 kop\u0101 ar pieredz\u0113ju\u0161o sportistu Igo Japi\u0146u vi\u0146\u0161 bija viens no Latvij\u0101 pirm\u0101 kalnu velomaratona ar posmiem organiz\u0113t\u0101jiem, kas notika R\u012bg\u0101, Valmier\u0101 un cit\u0101s viet\u0101s. T\u0101pat Zviedra v\u0101rds labi paz\u012bstams velosip\u0113du tirg\u016b caur z\u012bmolu &#8220;ZZK&#8221;, kas bija cie\u0161i saist\u012bts ar\u012b ar vi\u0146a sporta komandu.<\/p>\n<p>Sporta Virsotnes Amatieru Vid\u016b<\/p>\n<p>Normunds Zviedris turpin\u0101ja akt\u012bvi iesaist\u012bties rite\u0146brauk\u0161an\u0101 pat p\u0113c b\u016btisk\u0101m p\u0101rmai\u0146\u0101m sav\u0101 profesion\u0101laj\u0101 un politiskaj\u0101 dz\u012bv\u0113. Vi\u0146a pan\u0101kumi amatieru un senioru l\u012bmen\u012b ir iespaid\u012bgi. Piem\u0113ram, 2020. gada septembr\u012b vi\u0146\u0161 triumf\u0113ja Latvijas \u010dempion\u0101t\u0101 \u0161osejas rite\u0146brauk\u0161an\u0101 amatieriem un senioriem, kas notika Dobel\u0113. \u0160aj\u0101 sacens\u012bb\u0101s, veicot 90 kilometru garo distanci, Zviedris ne tikai k\u013cuva par savas vecuma grupas (M4) uzvar\u0113t\u0101ju, bet ar\u012b ieguva absol\u016bt\u0101 amatieru \u010dempiona titulu. Vi\u0146a laiks distanc\u0113 bija 2 stundas 15 min\u016btes un 10 sekundes. Tas bija iev\u0113rojams sasniegums, ko atz\u012bm\u0113ja ar\u012b vi\u0146a komanda &#8220;ZZK&#8221;, kas tobr\u012bd guva absol\u016btos amatieru \u010dempionu titulus jau tre\u0161o gadu p\u0113c k\u0101rtas.<\/p>\n<p>Lai gan vi\u0146\u0161 pats reiz min\u0113ja, ka akt\u012bv\u0101s sporta gaitas ir p\u0101rtraucis, vienm\u0113r uzsv\u0113ra, ka br\u012bvaj\u0101 laik\u0101 brauks prieka un vesel\u012bbas p\u0113c. \u0160\u012b m\u012blest\u012bba pret velosportu bija lip\u012bga un iedvesmoja daudzus apkaimes iedz\u012bvot\u0101jus un citus entuziastus.<\/p>\n<p>L\u012bdzj\u016bt\u012bba un Mantojums<\/p>\n<p>Normunda Zviedra p\u0101ragr\u0101 aizie\u0161ana rad\u012bjusi dzi\u013cu skumju ne tikai vi\u0146a \u0123imen\u0113 un tuvinieku vid\u016b, bet ar\u012b vis\u0101 Latvijas rite\u0146brauk\u0161anas sabiedr\u012bb\u0101. Vi\u0146a ieguld\u012bjums viet\u0113j\u0101 pa\u0161vald\u012bb\u0101, uz\u0146\u0113m\u0113jdarb\u012bb\u0101 un, protams, sport\u0101, atst\u0101j palieko\u0161u mantojumu. Rite\u0146brauk\u0161anas fani un biju\u0161ie kol\u0113\u0123i ir paudu\u0161i l\u012bdzj\u016bt\u012bbu, atz\u012bm\u0113jot vi\u0146a ener\u0123iju, m\u0113r\u0137tiec\u012bbu un pozit\u012bvo attieksmi.<\/p>\n<p>\u0160is zaud\u0113jums kalpo k\u0101 atg\u0101din\u0101jums par to, cik \u0101tri un negaid\u012bti dz\u012bve var main\u012bties, it \u012bpa\u0161i sv\u0113tku laik\u0101. \u0100da\u017eu novads un visa Latvijas rite\u0146brauk\u0161anas saime zaud\u0113jusi spilgtu, akt\u012bvu un ieguld\u012bjumu sniedzo\u0161u person\u012bbu. Tiek gaid\u012bta ofici\u0101l\u0101 inform\u0101cija par s\u0113ru ceremoniju un iesp\u0113jamaj\u0101m piemi\u0146as aktivit\u0101t\u0113m, kas velt\u012btas vi\u0146a godam.<\/p>\n","protected":false},"excerpt":{"rendered":"Nelabv\u0113l\u012bg\u0101s Ziemassv\u0113tku V\u0113stis Latvijas rite\u0146brauk\u0161anas un uz\u0146\u0113m\u0113jdarb\u012bbas vide piedz\u012bvo smagu zaud\u0113jumu \u2013 Ziemassv\u0113tku laik\u0101, kas parasti asoci\u0113jas ar&hellip;\n","protected":false},"author":2,"featured_media":86501,"comment_status":"","ping_status":"","sticky":false,"template":"","format":"standard","meta":{"footnotes":""},"categories":[5],"tags":[22039,23,28,29,32,33,22,30,31,35,39,38,36,37,34,9086,40,20,22038,26,27,462,24,25,10252,21],"class_list":{"0":"post-86500","1":"post","2":"type-post","3":"status-publish","4":"format-standard","5":"has-post-thumbnail","7":"category-aktualitates","8":"tag-adazu-novads","9":"tag-aktualitates","10":"tag-breaking-news","11":"tag-breakingnews","12":"tag-featured-news","13":"tag-featurednews","14":"tag-headlines","15":"tag-latest-news","16":"tag-latestnews","17":"tag-latvia","18":"tag-latvian","19":"tag-latviesu","20":"tag-latviesu-valoda","21":"tag-latviesuvaloda","22":"tag-latvija","23":"tag-latvijas-cempions","24":"tag-lv","25":"tag-news","26":"tag-normunds-zviedris","27":"tag-popularakas-zinas","28":"tag-popularakaszinas","29":"tag-ritenbrauksana","30":"tag-top-stories","31":"tag-topstories","32":"tag-uznemejs","33":"tag-zinas"},"share_on_mastodon":{"url":"https:\/\/pubeurope.com\/@lv\/115785227556429146","error":""},"_links":{"self":[{"href":"https:\/\/www.europesays.com\/lv\/wp-json\/wp\/v2\/posts\/86500","targetHints":{"allow":["GET"]}}],"collection":[{"href":"https:\/\/www.europesays.com\/lv\/wp-json\/wp\/v2\/posts"}],"about":[{"href":"https:\/\/www.europesays.com\/lv\/wp-json\/wp\/v2\/types\/post"}],"author":[{"embeddable":true,"href":"https:\/\/www.europesays.com\/lv\/wp-json\/wp\/v2\/users\/2"}],"replies":[{"embeddable":true,"href":"https:\/\/www.europesays.com\/lv\/wp-json\/wp\/v2\/comments?post=86500"}],"version-history":[{"count":0,"href":"https:\/\/www.europesays.com\/lv\/wp-json\/wp\/v2\/posts\/86500\/revisions"}],"wp:featuredmedia":[{"embeddable":true,"href":"https:\/\/www.europesays.com\/lv\/wp-json\/wp\/v2\/media\/86501"}],"wp:attachment":[{"href":"https:\/\/www.europesays.com\/lv\/wp-json\/wp\/v2\/media?parent=86500"}],"wp:term":[{"taxonomy":"category","embeddable":true,"href":"https:\/\/www.europesays.com\/lv\/wp-json\/wp\/v2\/categories?post=86500"},{"taxonomy":"post_tag","embeddable":true,"href":"https:\/\/www.europesays.com\/lv\/wp-json\/wp\/v2\/tags?post=86500"}],"curies":[{"name":"wp","href":"https:\/\/api.w.org\/{rel}","templated":true}]}}