{"id":86527,"date":"2025-12-26T10:13:09","date_gmt":"2025-12-26T10:13:09","guid":{"rendered":"https:\/\/www.europesays.com\/lv\/86527\/"},"modified":"2025-12-26T10:13:09","modified_gmt":"2025-12-26T10:13:09","slug":"km-30-180-eiro-ligumu-par-makslas-kritikas-kvalitates-novertesanu-uzticejusi-naumana-biedribai","status":"publish","type":"post","link":"https:\/\/www.europesays.com\/lv\/86527\/","title":{"rendered":"KM 30 180 eiro l\u012bgumu par m\u0101kslas kritikas kvalit\u0101tes nov\u0113rt\u0113\u0161anu uztic\u0113jusi Nauma\u0146a biedr\u012bbai"},"content":{"rendered":"<p>Kult\u016bras ministrija (KM) nosl\u0113gusi 30 180 eiro v\u0113rtu l\u012bdzdarb\u012bbas l\u012bgumu ar Normunda Nauma\u0146a biedr\u012bbu, kura veiks kvalit\u0101tes nov\u0113rt\u0113jumu m\u0101kslas kritik\u0101, liecina inform\u0101cija KM t\u012bmek\u013cvietn\u0113.<\/p>\n<p>Dele\u0123\u0113tais uzdevums paredz Latvijas m\u0101kslas kritikas darbu izv\u0113rt\u0113\u0161anu par izcil\u0101ko ieguld\u012bjumu te\u0101tra, kino, literat\u016bras, m\u016bzikas, vizu\u0101l\u0101s m\u0101kslas, arhitekt\u016bras un dejas m\u0101kslas recenz\u0113\u0161an\u0101.<\/p>\n<p>Biedr\u012bbai b\u016bs j\u0101izstr\u0101d\u0101 m\u0101kslas kritikas nov\u0113rt\u0113juma nolikums, j\u0101izveido \u017e\u016brijas komisija, j\u0101nodro\u0161ina t\u0101s darbs un katra kalend\u0101r\u0101 gada beig\u0101s KM j\u0101iesniedz \u017e\u016brijas veiktais m\u0101kslas kritikas nov\u0113rt\u0113jums.<\/p>\n<p>T\u0101pat biedr\u012bbai b\u016bs j\u0101veicina sabiedr\u012bbas izpratne par Latvijas un pasaules m\u0101kslas procesiem, nodro\u0161inot inform\u0101cijas pieejam\u012bbu par atlases krit\u0113rijiem, konkursa norisi un nominantiem, k\u0101 ar\u012b ik gadu r\u012bkojot apbalvo\u0161anas ceremoniju m\u0101kslas recenzentu godin\u0101\u0161anai.<\/p>\n<p>L\u012bgums nosl\u0113gts uz trim gadiem &#8211; no t\u0101 sp\u0113k\u0101 st\u0101\u0161an\u0101s dienas l\u012bdz 2028. gada 7. decembrim. P\u0101rvaldes uzdevuma veik\u0161anai KM no valsts bud\u017eeta pie\u0161\u0137irs 30 180 eiro, tostarp katru gadu 10 060 eiro.<\/p>\n","protected":false},"excerpt":{"rendered":"Kult\u016bras ministrija (KM) nosl\u0113gusi 30 180 eiro v\u0113rtu l\u012bdzdarb\u012bbas l\u012bgumu ar Normunda Nauma\u0146a biedr\u012bbu, kura veiks kvalit\u0101tes nov\u0113rt\u0113jumu&hellip;\n","protected":false},"author":2,"featured_media":86528,"comment_status":"","ping_status":"","sticky":false,"template":"","format":"standard","meta":{"footnotes":""},"categories":[12],"tags":[23,28,29,47,32,33,22,381,64,30,31,35,39,38,36,37,34,40,20,385,26,27,172,382,384,383,24,25,21],"class_list":{"0":"post-86527","1":"post","2":"type-post","3":"status-publish","4":"format-standard","5":"has-post-thumbnail","7":"category-latvija","8":"tag-aktualitates","9":"tag-breaking-news","10":"tag-breakingnews","11":"tag-ekonomika","12":"tag-featured-news","13":"tag-featurednews","14":"tag-headlines","15":"tag-jaunumi","16":"tag-kultura","17":"tag-latest-news","18":"tag-latestnews","19":"tag-latvia","20":"tag-latvian","21":"tag-latviesu","22":"tag-latviesu-valoda","23":"tag-latviesuvaloda","24":"tag-latvija","25":"tag-lv","26":"tag-news","27":"tag-pieriga","28":"tag-popularakas-zinas","29":"tag-popularakaszinas","30":"tag-riga","31":"tag-sabiedriba","32":"tag-sludinajumi","33":"tag-sports-afisa","34":"tag-top-stories","35":"tag-topstories","36":"tag-zinas"},"share_on_mastodon":{"url":"https:\/\/pubeurope.com\/@lv\/115785341703021255","error":""},"_links":{"self":[{"href":"https:\/\/www.europesays.com\/lv\/wp-json\/wp\/v2\/posts\/86527","targetHints":{"allow":["GET"]}}],"collection":[{"href":"https:\/\/www.europesays.com\/lv\/wp-json\/wp\/v2\/posts"}],"about":[{"href":"https:\/\/www.europesays.com\/lv\/wp-json\/wp\/v2\/types\/post"}],"author":[{"embeddable":true,"href":"https:\/\/www.europesays.com\/lv\/wp-json\/wp\/v2\/users\/2"}],"replies":[{"embeddable":true,"href":"https:\/\/www.europesays.com\/lv\/wp-json\/wp\/v2\/comments?post=86527"}],"version-history":[{"count":0,"href":"https:\/\/www.europesays.com\/lv\/wp-json\/wp\/v2\/posts\/86527\/revisions"}],"wp:featuredmedia":[{"embeddable":true,"href":"https:\/\/www.europesays.com\/lv\/wp-json\/wp\/v2\/media\/86528"}],"wp:attachment":[{"href":"https:\/\/www.europesays.com\/lv\/wp-json\/wp\/v2\/media?parent=86527"}],"wp:term":[{"taxonomy":"category","embeddable":true,"href":"https:\/\/www.europesays.com\/lv\/wp-json\/wp\/v2\/categories?post=86527"},{"taxonomy":"post_tag","embeddable":true,"href":"https:\/\/www.europesays.com\/lv\/wp-json\/wp\/v2\/tags?post=86527"}],"curies":[{"name":"wp","href":"https:\/\/api.w.org\/{rel}","templated":true}]}}