{"id":86566,"date":"2025-12-26T11:03:19","date_gmt":"2025-12-26T11:03:19","guid":{"rendered":"https:\/\/www.europesays.com\/lv\/86566\/"},"modified":"2025-12-26T11:03:19","modified_gmt":"2025-12-26T11:03:19","slug":"atgriesanas-pilseta-un-zelta-vizas-kas-gaidams-nekustama-ipasuma-tirgu-2026-gada","status":"publish","type":"post","link":"https:\/\/www.europesays.com\/lv\/86566\/","title":{"rendered":"Atgrie\u0161an\u0101s pils\u0113t\u0101 un zelta v\u012bzas \u2013 kas gaid\u0101ms nekustam\u0101 \u012bpa\u0161uma tirg\u016b 2026. gad\u0101"},"content":{"rendered":"<p>P\u0113d\u0113jos gados nekustam\u0101 \u012bpa\u0161uma tirg\u016b izc\u0113l\u0101s t\u0101 d\u0113v\u0113tie s\u0113rijveida dz\u012bvok\u013ci \u2013 tie\u0161i \u0161aj\u0101 segment\u0101 notika liel\u0101ka ros\u012bba. Savuk\u0101rt tagad, kad cilv\u0113ki un investori ir apradu\u0161i ar situ\u0101ciju, kad aizdevumu likmes ir sal\u012bdzino\u0161i pat\u012bkamas, tirgus vektors ir s\u0101cis main\u012bties.<\/p>\n<p>&#8220;Delfi Bizness&#8221; l\u016bdza ekspertus nosaukt, vi\u0146upr\u0101t, t\u0101s tendences, kas noteiks toni 2026. gad\u0101 un kuru iez\u012bmes paman\u0101mas jau tagad.<\/p>\n<p>R\u012bgas centrs<\/p>\n<p class=\"MsoNormal\">P\u0113d\u0113jos gados bija v\u0113rojama tendence iedz\u012bvot\u0101jiem doties prom no R\u012bgas, p\u0101rsvar\u0101 \u2013 uz Pier\u012bgu. Kaut ar\u012b \u0161\u012b tendence v\u0113l joproj\u0101m saglab\u0101jas, t\u0101 vairs nav tik izteikta k\u0101, piem\u0113ram, pirms diviem trim gadiem, sprie\u017e &#8220;<a rel=\"noopener nofollow\" target=\"_blank\" href=\"https:\/\/www.delfi.lv\/temas\/53187957\/latio\" data-rel-date-range=\"[]\">Latio<\/a>&#8221; tirgus anal\u012bti\u0137e Ksenija Ijev\u013ceva.<\/p>\n<p class=\"MsoNormal\">&#8220;2025. gad\u0101 s\u0101k\u0101m nov\u0113rot ar\u012b piesardz\u012bgu interesi par pirmskara m\u0101j\u0101m, it \u012bpa\u0161i renov\u0113t\u0101m, R\u012bgas centr\u0101. Un ne tikai no viet\u0113jo iedz\u012bvot\u0101ju puses, bet ar\u012b \u0101rzemnieki interes\u0113jas par objektiem ar kult\u016brv\u0113sturisko v\u0113rt\u012bbu, uzskatot tos par labu invest\u012bciju iesp\u0113ju,&#8221; vi\u0146a koment\u0113.<\/p>\n<p>Lai turpin\u0101tu las\u012bt, ieg\u0101d\u0101jies abonementu.<\/p>\n<p class=\"fs-4\">L\u016bdzu, uzgaidi!<\/p>\n<p class=\"fs-5\">Piel\u0101gojam Tev piem\u0113rot\u0101ko abon\u0113\u0161anas pied\u0101v\u0101jumu&#8230;<\/p>\n<p class=\"lh-1 fs-6 text-muted pt-3 mt-5\">Abon\u0113\u0161anas pied\u0101v\u0101jums nav redzams? L\u016bdzu, izsl\u0113dz rekl\u0101mu blo\u0137\u0113t\u0101ju vai  p\u0101rl\u0101d\u0113 lapu.<br \/>Jaut\u0101jumu gad\u012bjum\u0101 raksti <a href=\"https:\/\/www.delfi.lv\/bizness\/55159262\/nekustamais-ipasums\/120100343\/mailto:konts@delfi.lv\" class=\"text-primary\" rel=\"nofollow noopener\" target=\"_blank\">konts@delfi.lv<\/a><\/p>\n<p class=\"m-0\">Seko &#8220;Delfi&#8221; ar\u012b  <a target=\"_blank\" href=\"https:\/\/www.instagram.com\/delfi.lv\/\" rel=\"nofollow noopener\">Instagram<\/a>  un <a target=\"_blank\" href=\"https:\/\/www.youtube.com\/channel\/UCw5foWtcJvAbUm64rv7jwUQ\" rel=\"nofollow noopener\">YouTube<\/a>  profil\u0101 \u2013 pievienojies, lai uzzin\u0101tu svar\u012bg\u0101ko un interesant\u0101ko pirmais!<\/p>\n<p>Publik\u0101cijas saturs vai t\u0101s jebk\u0101da apjoma da\u013ca ir aizsarg\u0101ts autorties\u012bbu objekts Autorties\u012bbu likuma izpratn\u0113, un t\u0101 izmanto\u0161ana bez izdev\u0113ja at\u013caujas ir aizliegta. Vair\u0101k lasi  <a target=\"_blank\" href=\"https:\/\/www.delfi.lv\/noteikumi#autortiesibas\" rel=\"nofollow noopener\">\u0161eit<\/a><script async src=\"\/\/www.instagram.com\/embed.js\"><\/script><\/p>\n","protected":false},"excerpt":{"rendered":"P\u0113d\u0113jos gados nekustam\u0101 \u012bpa\u0161uma tirg\u016b izc\u0113l\u0101s t\u0101 d\u0113v\u0113tie s\u0113rijveida dz\u012bvok\u013ci \u2013 tie\u0161i \u0161aj\u0101 segment\u0101 notika liel\u0101ka ros\u012bba. Savuk\u0101rt&hellip;\n","protected":false},"author":2,"featured_media":86567,"comment_status":"","ping_status":"","sticky":false,"template":"","format":"standard","meta":{"footnotes":""},"categories":[5],"tags":[23,28,29,5728,32,33,22,16532,30,31,22051,35,39,38,36,37,34,40,10292,20,4955,26,27,24,25,21],"class_list":{"0":"post-86566","1":"post","2":"type-post","3":"status-publish","4":"format-standard","5":"has-post-thumbnail","7":"category-aktualitates","8":"tag-aktualitates","9":"tag-breaking-news","10":"tag-breakingnews","11":"tag-delfi-plus","12":"tag-featured-news","13":"tag-featurednews","14":"tag-headlines","15":"tag-komercipasumi","16":"tag-latest-news","17":"tag-latestnews","18":"tag-latio","19":"tag-latvia","20":"tag-latvian","21":"tag-latviesu","22":"tag-latviesu-valoda","23":"tag-latviesuvaloda","24":"tag-latvija","25":"tag-lv","26":"tag-majokli","27":"tag-news","28":"tag-par-aktualo","29":"tag-popularakas-zinas","30":"tag-popularakaszinas","31":"tag-top-stories","32":"tag-topstories","33":"tag-zinas"},"share_on_mastodon":{"url":"https:\/\/pubeurope.com\/@lv\/115785538157045983","error":""},"_links":{"self":[{"href":"https:\/\/www.europesays.com\/lv\/wp-json\/wp\/v2\/posts\/86566","targetHints":{"allow":["GET"]}}],"collection":[{"href":"https:\/\/www.europesays.com\/lv\/wp-json\/wp\/v2\/posts"}],"about":[{"href":"https:\/\/www.europesays.com\/lv\/wp-json\/wp\/v2\/types\/post"}],"author":[{"embeddable":true,"href":"https:\/\/www.europesays.com\/lv\/wp-json\/wp\/v2\/users\/2"}],"replies":[{"embeddable":true,"href":"https:\/\/www.europesays.com\/lv\/wp-json\/wp\/v2\/comments?post=86566"}],"version-history":[{"count":0,"href":"https:\/\/www.europesays.com\/lv\/wp-json\/wp\/v2\/posts\/86566\/revisions"}],"wp:featuredmedia":[{"embeddable":true,"href":"https:\/\/www.europesays.com\/lv\/wp-json\/wp\/v2\/media\/86567"}],"wp:attachment":[{"href":"https:\/\/www.europesays.com\/lv\/wp-json\/wp\/v2\/media?parent=86566"}],"wp:term":[{"taxonomy":"category","embeddable":true,"href":"https:\/\/www.europesays.com\/lv\/wp-json\/wp\/v2\/categories?post=86566"},{"taxonomy":"post_tag","embeddable":true,"href":"https:\/\/www.europesays.com\/lv\/wp-json\/wp\/v2\/tags?post=86566"}],"curies":[{"name":"wp","href":"https:\/\/api.w.org\/{rel}","templated":true}]}}