{"id":86585,"date":"2025-12-26T11:32:17","date_gmt":"2025-12-26T11:32:17","guid":{"rendered":"https:\/\/www.europesays.com\/lv\/86585\/"},"modified":"2025-12-26T11:32:17","modified_gmt":"2025-12-26T11:32:17","slug":"kadel-ruut-aptureja-platformas-darbibu-uznemuma-vaditajs-skaidro-iemeslus","status":"publish","type":"post","link":"https:\/\/www.europesays.com\/lv\/86585\/","title":{"rendered":"K\u0101d\u0113\u013c &#8220;Ruut&#8221; aptur\u0113ja platformas darb\u012bbu? Uz\u0146\u0113muma vad\u012bt\u0101js skaidro iemeslus"},"content":{"rendered":"<p>Darb\u012bbas aptur\u0113\u0161ana uz nenoteiktu laiku veikta, lai \u012bstenotu b\u016btiskus lietotnes uzlabojumus, kuru nepiecie\u0161am\u012bba tika identific\u0113ta, uzs\u0101kot re\u0101lu, intens\u012bvu platformas izmanto\u0161anu, &#8220;Delfi Bizness&#8221; skaidro &#8220;Ruut&#8221; dibin\u0101t\u0101js un vad\u012bt\u0101js Andris K\u013cavinskis.<\/p>\n<p>&#8220;Vienlaikus apzin\u0101mies, ka platformas darb\u012bbas aptur\u0113\u0161ana ir rais\u012bjusi diskusijas transporta pakalpojumu nozar\u0113. Atsaucoties uz Latvijas vieglo taksometru nozares darba dev\u0113ju organiz\u0101cijas (LVTNDDO) publiski pausto koment\u0101ru, j\u0101atz\u012bst, ka jaunu sp\u0113l\u0113t\u0101ju ien\u0101k\u0161ana taksometru pakalpojumu tirg\u016b patiesi tiek v\u0113rt\u0113ta piesardz\u012bgi k\u0101 no nozares uz\u0146\u0113mumu un iest\u0101\u017eu skatu punkta, t\u0101 ar\u012b klientiem un sadarb\u012bbas partneriem \u2013 auto vad\u012bt\u0101jiem,&#8221; uzsver &#8220;Ruut&#8221; vad\u012bt\u0101js.  <\/p>\n<p>&#8220;Neraugoties uz \u0161iem izaicin\u0101jumiem, ar ko saskaramies, arvien varam dro\u0161i apgalvot, ka &#8220;Ruut&#8221; darb\u012bba no pa\u0161a s\u0101kuma ir balst\u012bta caursp\u012bd\u012bg\u0101 uz\u0146\u0113m\u0113jdarb\u012bbas model\u012b, iev\u0113rojot Latvijas normat\u012bvo regul\u0113jumu un nozares pras\u012bbas. Platformas darb\u012bbas aptur\u0113\u0161ana nav saist\u012bta ar konkurences apst\u0101k\u013ciem vai nesp\u0113ju darboties tirg\u016b. Uz\u0146\u0113muma darb\u012bbas pirmie m\u0113ne\u0161i bija labs s\u0101kums. \u0160is l\u0113mums ir pie\u0146emts tikai un vien\u012bgi tehnisku un strat\u0113\u0123isku apsv\u0113rumu d\u0113\u013c, kas saist\u012bti ar platformas funkcionalit\u0101tes uzlabo\u0161anu,&#8221; nor\u0101da K\u013cavinskis.<\/p>\n<p class=\"m-0\">Seko &#8220;Delfi&#8221; ar\u012b  <a target=\"_blank\" href=\"https:\/\/www.instagram.com\/delfi.lv\/\" rel=\"nofollow noopener\">Instagram<\/a>  un <a target=\"_blank\" href=\"https:\/\/www.youtube.com\/channel\/UCw5foWtcJvAbUm64rv7jwUQ\" rel=\"nofollow noopener\">YouTube<\/a>  profil\u0101 \u2013 pievienojies, lai uzzin\u0101tu svar\u012bg\u0101ko un interesant\u0101ko pirmais!<\/p>\n<p>Publik\u0101cijas saturs vai t\u0101s jebk\u0101da apjoma da\u013ca ir aizsarg\u0101ts autorties\u012bbu objekts Autorties\u012bbu likuma izpratn\u0113, un t\u0101 izmanto\u0161ana bez izdev\u0113ja at\u013caujas ir aizliegta. Vair\u0101k lasi  <a target=\"_blank\" href=\"https:\/\/www.delfi.lv\/noteikumi#autortiesibas\" rel=\"nofollow noopener\">\u0161eit<\/a><script async src=\"\/\/www.instagram.com\/embed.js\"><\/script><\/p>\n","protected":false},"excerpt":{"rendered":"Darb\u012bbas aptur\u0113\u0161ana uz nenoteiktu laiku veikta, lai \u012bstenotu b\u016btiskus lietotnes uzlabojumus, kuru nepiecie\u0161am\u012bba tika identific\u0113ta, uzs\u0101kot re\u0101lu, intens\u012bvu&hellip;\n","protected":false},"author":2,"featured_media":86586,"comment_status":"","ping_status":"","sticky":false,"template":"","format":"standard","meta":{"footnotes":""},"categories":[12],"tags":[23,28,29,32,33,22,30,31,35,39,38,36,37,34,40,20,26,27,24,25,8490,21],"class_list":{"0":"post-86585","1":"post","2":"type-post","3":"status-publish","4":"format-standard","5":"has-post-thumbnail","7":"category-latvija","8":"tag-aktualitates","9":"tag-breaking-news","10":"tag-breakingnews","11":"tag-featured-news","12":"tag-featurednews","13":"tag-headlines","14":"tag-latest-news","15":"tag-latestnews","16":"tag-latvia","17":"tag-latvian","18":"tag-latviesu","19":"tag-latviesu-valoda","20":"tag-latviesuvaloda","21":"tag-latvija","22":"tag-lv","23":"tag-news","24":"tag-popularakas-zinas","25":"tag-popularakaszinas","26":"tag-top-stories","27":"tag-topstories","28":"tag-transporta-nozare","29":"tag-zinas"},"share_on_mastodon":{"url":"https:\/\/pubeurope.com\/@lv\/115785652159503142","error":""},"_links":{"self":[{"href":"https:\/\/www.europesays.com\/lv\/wp-json\/wp\/v2\/posts\/86585","targetHints":{"allow":["GET"]}}],"collection":[{"href":"https:\/\/www.europesays.com\/lv\/wp-json\/wp\/v2\/posts"}],"about":[{"href":"https:\/\/www.europesays.com\/lv\/wp-json\/wp\/v2\/types\/post"}],"author":[{"embeddable":true,"href":"https:\/\/www.europesays.com\/lv\/wp-json\/wp\/v2\/users\/2"}],"replies":[{"embeddable":true,"href":"https:\/\/www.europesays.com\/lv\/wp-json\/wp\/v2\/comments?post=86585"}],"version-history":[{"count":0,"href":"https:\/\/www.europesays.com\/lv\/wp-json\/wp\/v2\/posts\/86585\/revisions"}],"wp:featuredmedia":[{"embeddable":true,"href":"https:\/\/www.europesays.com\/lv\/wp-json\/wp\/v2\/media\/86586"}],"wp:attachment":[{"href":"https:\/\/www.europesays.com\/lv\/wp-json\/wp\/v2\/media?parent=86585"}],"wp:term":[{"taxonomy":"category","embeddable":true,"href":"https:\/\/www.europesays.com\/lv\/wp-json\/wp\/v2\/categories?post=86585"},{"taxonomy":"post_tag","embeddable":true,"href":"https:\/\/www.europesays.com\/lv\/wp-json\/wp\/v2\/tags?post=86585"}],"curies":[{"name":"wp","href":"https:\/\/api.w.org\/{rel}","templated":true}]}}