{"id":86587,"date":"2025-12-26T11:35:06","date_gmt":"2025-12-26T11:35:06","guid":{"rendered":"https:\/\/www.europesays.com\/lv\/86587\/"},"modified":"2025-12-26T11:35:06","modified_gmt":"2025-12-26T11:35:06","slug":"spurs-basketbolisti-treso-reizi-sosezon-parspej-ligas-lideri-thunder-tvnet-sports","status":"publish","type":"post","link":"https:\/\/www.europesays.com\/lv\/86587\/","title":{"rendered":"&quot;Spurs&quot; basketbolisti tre\u0161o reizi \u0161osezon p\u0101rsp\u0113j l\u012bgas l\u012bderi &quot;Thunder&quot; &#8211; TVNET Sports"},"content":{"rendered":"<ol>\n<li><a href=\"https:\/\/news.google.com\/rss\/articles\/CBMiogFBVV95cUxNT2hvZHZxWnBBVGNMUUZjdzVnQWVVZnVvSy1IS2tMb2UzMWVwdVlBLVh5aFdXa0g0M2R1MjNTMm9KWm9zbE5Ic2FUNndxR3Y4Z2gwLUlwYTJCZm1yaEVSWEtXa2dsUk5zTlRiWFdBZzdWVTlTTEF3TlcxaWRVQ2xIc05sWkdOa3pTUTQ5NDJ1VU9GTml0eVlqZk9zN1hValI4R2c?oc=5\" target=\"_blank\" rel=\"nofollow noopener\">&#8220;Spurs&#8221; basketbolisti tre\u0161o reizi \u0161osezon p\u0101rsp\u0113j l\u012bgas l\u012bderi &#8220;Thunder&#8221;<\/a>&nbsp;&nbsp;TVNET Sports<\/li>\n<li><a href=\"https:\/\/news.google.com\/rss\/articles\/CBMilAFBVV95cUxNWGViU1BuOEt6MnU4UVFTT2JnZ3BUWG9iZFVOLXIxc2NZWVkwRmFwLTViM1BmMjNHUlppTUw4WG8wanpWQU13bGFxWlI3clI4RjdWcWtpSzZzQnNncXQwRlZCd2s3MDlvREJYQmM1Vm9sLWJuSG1YbUxIMFVHanJDTGdES1QyNjJnVFZodTY5ZlN0clFM?oc=5\" target=\"_blank\" rel=\"nofollow noopener\">Spurs\u2033 v\u0113lreiz sar\u016bgtina \u010dempioni, jaun\u0101 zvaigzne Flegs nogremd\u0113 \u2033Nuggets\u2033 \u2013 Basketbols<\/a>&nbsp;&nbsp;Sportacentrs.com<\/li>\n<li><a href=\"https:\/\/news.google.com\/rss\/articles\/CBMiugFBVV95cUxNbjFLSEtQM0ljdU5MUVVuYUQxQWR5TmNMdUxDVmlQQ1k1d0ZzVWwxQkdXbXFSVVkwYlM0MHlIN0pseHFzMEVBQXBmZ0lZeEZHM01oQUZhY2o5Y0ROalR4UkpNRF9BT0xqeUk4bzgxcmdjWnNrUk9tclVob2pXLTRZMGg1RkFya3RRajdGRDQtVzVJWnRMT1hrYzlBY0tZWWhJUmxhVnFPb3IxYnFuQkJjLTd3RGh1ck1TaEE?oc=5\" target=\"_blank\" rel=\"nofollow noopener\">Spurs basketbolisti sag\u0101d\u0101 Thunder ceturto zaud\u0113jumu sezon\u0101<\/a>&nbsp;&nbsp;Diena<\/li>\n<li><a href=\"https:\/\/news.google.com\/rss\/articles\/CBMiogFBVV95cUxQOHp0UlFobWduTzN2T0R2NFpQYVo3REhTbHJ0cTNBQmN6N2dfdFhJa3RIQmdZZkZaYUJ6NXdCYnNLVTFSUU80MExGWl8wVm5OWEVBQmhmV2hpQlRxZWxpVklfNWxFb0xXY1ZkUGJtZTJkaG5JQ3FvZGlNU0xiRW5pQzJvZTVBZGdWRTBsc0V4dElzWGxHX3BicmhCR2U1QVRaYWc?oc=5\" target=\"_blank\" rel=\"nofollow noopener\">VIDEO: Vembanjamas &#8220;Spurs&#8221; NBA Ziemassv\u0113tku sp\u0113l\u0113 v\u0113lreiz uzvar &#8220;Thunder&#8221;<\/a>&nbsp;&nbsp;tv3.lv<\/li>\n<li><a href=\"https:\/\/news.google.com\/rss\/articles\/CBMi4wFBVV95cUxQek9HamJzR3pBYmgtY0REdTlKZ2VaaFVUWmctUXZmLTdWenFNSzB3SVZyaThCMlFXY2NaMkYyby01VmVubHF0c0thdGk2cjNSWEx6NElBWThmdEtYb2o3dnZpRlRpZ2NZN25NWC0zY1Ric3Etc2dZOVA2Ql96M3hlY3hYWEk5a2p6YXlKQ3JXSnJmOXpaaVU4WFpGNW9ERVF5ZG9FbVM1ZGRWTWs5SE5mbWVNWjBRNDdXRG5QSHM4SXktOXoyTy1aZGx2S3dtMzVZLWxTN204V3E5Wmh0WTZuODBfRQ?oc=5\" target=\"_blank\" rel=\"nofollow noopener\">Neaizmirstam\u0101 Nakts NBA: \u00abSpurs\u00bb Atkal P\u0101rsteidz \u010cempionus, Flegs Aiz\u0113no \u00abNuggets\u00bb Uzvar\u0101 P\u0101r \u00abThunder\u00bb<\/a>&nbsp;&nbsp;Lente.lv<\/li>\n<\/ol>\n","protected":false},"excerpt":{"rendered":"&#8220;Spurs&#8221; basketbolisti tre\u0161o reizi \u0161osezon p\u0101rsp\u0113j l\u012bgas l\u012bderi &#8220;Thunder&#8221;&nbsp;&nbsp;TVNET Sports Spurs\u2033 v\u0113lreiz sar\u016bgtina \u010dempioni, jaun\u0101 zvaigzne Flegs nogremd\u0113&hellip;\n","protected":false},"author":2,"featured_media":86588,"comment_status":"","ping_status":"","sticky":false,"template":"","format":"standard","meta":{"footnotes":""},"categories":[17],"tags":[35,39,38,36,37,34,40,1258,1262,9925,67],"class_list":{"0":"post-86587","1":"post","2":"type-post","3":"status-publish","4":"format-standard","5":"has-post-thumbnail","7":"category-sports","8":"tag-latvia","9":"tag-latvian","10":"tag-latviesu","11":"tag-latviesu-valoda","12":"tag-latviesuvaloda","13":"tag-latvija","14":"tag-lv","15":"tag-nba","16":"tag-oklahomasitijas-thunder","17":"tag-sanantonio-spurs","18":"tag-sports"},"share_on_mastodon":{"url":"https:\/\/pubeurope.com\/@lv\/115785664022259594","error":""},"_links":{"self":[{"href":"https:\/\/www.europesays.com\/lv\/wp-json\/wp\/v2\/posts\/86587","targetHints":{"allow":["GET"]}}],"collection":[{"href":"https:\/\/www.europesays.com\/lv\/wp-json\/wp\/v2\/posts"}],"about":[{"href":"https:\/\/www.europesays.com\/lv\/wp-json\/wp\/v2\/types\/post"}],"author":[{"embeddable":true,"href":"https:\/\/www.europesays.com\/lv\/wp-json\/wp\/v2\/users\/2"}],"replies":[{"embeddable":true,"href":"https:\/\/www.europesays.com\/lv\/wp-json\/wp\/v2\/comments?post=86587"}],"version-history":[{"count":0,"href":"https:\/\/www.europesays.com\/lv\/wp-json\/wp\/v2\/posts\/86587\/revisions"}],"wp:featuredmedia":[{"embeddable":true,"href":"https:\/\/www.europesays.com\/lv\/wp-json\/wp\/v2\/media\/86588"}],"wp:attachment":[{"href":"https:\/\/www.europesays.com\/lv\/wp-json\/wp\/v2\/media?parent=86587"}],"wp:term":[{"taxonomy":"category","embeddable":true,"href":"https:\/\/www.europesays.com\/lv\/wp-json\/wp\/v2\/categories?post=86587"},{"taxonomy":"post_tag","embeddable":true,"href":"https:\/\/www.europesays.com\/lv\/wp-json\/wp\/v2\/tags?post=86587"}],"curies":[{"name":"wp","href":"https:\/\/api.w.org\/{rel}","templated":true}]}}