{"id":86589,"date":"2025-12-26T11:39:10","date_gmt":"2025-12-26T11:39:10","guid":{"rendered":"https:\/\/www.europesays.com\/lv\/86589\/"},"modified":"2025-12-26T11:39:10","modified_gmt":"2025-12-26T11:39:10","slug":"saules-aptumsums-planetu-parade-un-kometa-ko-nakamgad-vares-redzet-latvijas-debesis","status":"publish","type":"post","link":"https:\/\/www.europesays.com\/lv\/86589\/","title":{"rendered":"Saules aptumsums, plan\u0113tu par\u0101de un kom\u0113ta \u2013 ko n\u0101kamgad var\u0113s redz\u0113t Latvijas debes\u012bs"},"content":{"rendered":"<p>Febru\u0101r\u012b un marta s\u0101kum\u0101 vakaros debes\u012bs b\u016bs redzama t\u0101 d\u0113v\u0113t\u0101 plan\u0113tu par\u0101de, kad neliel\u0101 att\u0101lum\u0101 cita no citas rietumu pus\u0113 vienlaikus b\u016bs saskat\u0101mas \u010detras spo\u017e\u0101k\u0101s plan\u0113tas. Visa gada laik\u0101 b\u016bs iesp\u0113jams nov\u0113rot ar\u012b visas piecas spo\u017e\u0101k\u0101s Saules sist\u0113mas plan\u0113tas &#8211; Merkuru, Veneru, Marsu, Jupiteru un Saturnu.<\/p>\n<p>Visspo\u017e\u0101k\u0101 no t\u0101m &#8211; Venera &#8211; b\u016bs redzama vakaros no febru\u0101ra l\u012bdz augusta vidum, bet gada nogal\u0113, novembr\u012b un decembr\u012b, to var\u0113s v\u0113rot no r\u012btiem pirms saull\u0113kta. 9. j\u016bnij\u0101 p\u0113c saulrieta Venera atrad\u012bsies \u013coti tuvu Jupiteram, ab\u0101m plan\u0113t\u0101m veidojot spilgtu sp\u012bdek\u013cu p\u0101ri vakara debes\u012bs.<\/p>\n<p>Marss b\u016bs redzams r\u012btos j\u016bnij\u0101 un j\u016blij\u0101, vasaras beig\u0101s &#8211; nakts otraj\u0101 pus\u0113, bet no oktobra l\u012bdz gada beig\u0101m &#8211; visu nakti. Savuk\u0101rt 16. novembr\u012b Marss un Jupiters b\u016bs redzami \u013coti tuvu viens otram Lauvas zvaigzn\u0101j\u0101.<\/p>\n<p>Jupiters gada pirmaj\u0101 pus\u0113 b\u016bs redzams vakaros, ruden\u012b &#8211; r\u012btos un nakt\u012b, bet decembr\u012b to var\u0113s v\u0113rot visas nakts garum\u0101. Saturns b\u016bs redzams vakaros no janv\u0101ra l\u012bdz febru\u0101ra vidum, k\u0101 ar\u012b no novembra l\u012bdz gada beig\u0101m, savuk\u0101rt vasar\u0101 un ruden\u012b &#8211; ar\u012b nakts stund\u0101s.<\/p>\n","protected":false},"excerpt":{"rendered":"Febru\u0101r\u012b un marta s\u0101kum\u0101 vakaros debes\u012bs b\u016bs redzama t\u0101 d\u0113v\u0113t\u0101 plan\u0113tu par\u0101de, kad neliel\u0101 att\u0101lum\u0101 cita no citas&hellip;\n","protected":false},"author":2,"featured_media":86590,"comment_status":"","ping_status":"","sticky":false,"template":"","format":"standard","meta":{"footnotes":"","_share_on_mastodon":"0"},"categories":[5],"tags":[23,22056,28,29,32,33,22,12839,30,31,35,39,38,36,37,34,40,22057,20,26,27,22055,24,25,21],"class_list":["post-86589","post","type-post","status-publish","format-standard","has-post-thumbnail","category-aktualitates","tag-aktualitates","tag-aptumsums","tag-breaking-news","tag-breakingnews","tag-featured-news","tag-featurednews","tag-headlines","tag-kosmoss","tag-latest-news","tag-latestnews","tag-latvia","tag-latvian","tag-latviesu","tag-latviesu-valoda","tag-latviesuvaloda","tag-latvija","tag-lv","tag-meness-aptumsums","tag-news","tag-popularakas-zinas","tag-popularakaszinas","tag-saules-aptumsums","tag-top-stories","tag-topstories","tag-zinas"],"share_on_mastodon":{"url":"https:\/\/pubeurope.com\/@lv\/115785679701773336","error":""},"_links":{"self":[{"href":"https:\/\/www.europesays.com\/lv\/wp-json\/wp\/v2\/posts\/86589","targetHints":{"allow":["GET"]}}],"collection":[{"href":"https:\/\/www.europesays.com\/lv\/wp-json\/wp\/v2\/posts"}],"about":[{"href":"https:\/\/www.europesays.com\/lv\/wp-json\/wp\/v2\/types\/post"}],"author":[{"embeddable":true,"href":"https:\/\/www.europesays.com\/lv\/wp-json\/wp\/v2\/users\/2"}],"replies":[{"embeddable":true,"href":"https:\/\/www.europesays.com\/lv\/wp-json\/wp\/v2\/comments?post=86589"}],"version-history":[{"count":0,"href":"https:\/\/www.europesays.com\/lv\/wp-json\/wp\/v2\/posts\/86589\/revisions"}],"wp:featuredmedia":[{"embeddable":true,"href":"https:\/\/www.europesays.com\/lv\/wp-json\/wp\/v2\/media\/86590"}],"wp:attachment":[{"href":"https:\/\/www.europesays.com\/lv\/wp-json\/wp\/v2\/media?parent=86589"}],"wp:term":[{"taxonomy":"category","embeddable":true,"href":"https:\/\/www.europesays.com\/lv\/wp-json\/wp\/v2\/categories?post=86589"},{"taxonomy":"post_tag","embeddable":true,"href":"https:\/\/www.europesays.com\/lv\/wp-json\/wp\/v2\/tags?post=86589"}],"curies":[{"name":"wp","href":"https:\/\/api.w.org\/{rel}","templated":true}]}}