{"id":8662,"date":"2025-09-30T09:38:10","date_gmt":"2025-09-30T09:38:10","guid":{"rendered":"https:\/\/www.europesays.com\/lv\/8662\/"},"modified":"2025-09-30T09:38:10","modified_gmt":"2025-09-30T09:38:10","slug":"lietuva-tiks-stiprinata-pretgaisa-aizsardziba","status":"publish","type":"post","link":"https:\/\/www.europesays.com\/lv\/8662\/","title":{"rendered":"Lietuv\u0101 tiks stiprin\u0101ta pretgaisa aizsardz\u012bba"},"content":{"rendered":"<p>Lietuvas Valsts aizsardz\u012bbas padome ir apstiprin\u0101jusi Aizsardz\u012bbas ministrijas ierosin\u0101to pl\u0101nu pretgaisa aizsardz\u012bbas pastiprin\u0101\u0161anai, pirmdien pazi\u0146oja Lietuvas prezidenta Gitana Naus\u0113das galvenais nacion\u0101l\u0101s dro\u0161\u012bbas padomnieks Deivids Matu\u013conis.<\/p>\n<p>&#8220;Nolemts ar\u012b n\u0101kamaj\u0101 Valsts aizsardz\u012bbas padomes san\u0101ksm\u0113 prezent\u0113t integr\u0113tu pretgaisa aizsardz\u012bbas koncepciju un paredz\u0113t papildu pas\u0101kumus kritisk\u0101s infrastrukt\u016bras objektu aizsardz\u012bbai,&#8221; vi\u0146\u0161 teica p\u0113c san\u0101ksmes.<\/p>\n<p>Lietuvas aizsardz\u012bbas ministre Dovile \u0160akaliene sac\u012bja, ka pa\u0161laik priorit\u0101te ir pretdronu sist\u0113mu ieg\u0101de.<\/p>\n<p>&#8220;Run\u0101jot par to, cik svar\u012bgi ir stiprin\u0101t aizsardz\u012bbu pret droniem, t\u0101 ir \u012bpa\u0161i steidzama priorit\u0101te, un m\u0113s cen\u0161amies virz\u012bties uz priek\u0161u p\u0113c iesp\u0113jas \u0101tr\u0101k,&#8221; vi\u0146a sac\u012bja, piebilstot, ka &#8220;tuv\u0101kaj\u0101s ned\u0113\u013c\u0101s tiks parakst\u012bti l\u012bgumi par vair\u0101ku veidu radariem, da\u017eiem papildu sensoriem un pretdronu sist\u0113m\u0101m&#8221;.<\/p>\n<p>Vasar\u0101 Lietuvas gaisa telpu p\u0101rk\u0101pa divi bezpilota lidapar\u0101ti no Baltkrievijas, no kuriem viens nesa spr\u0101gstvielas. Septembr\u012b aptuveni 20 Krievijas bezpilota lidapar\u0101ti p\u0101rk\u0101pa Polijas gaisa telpu, un Igaunij\u0101 ielidoja tr\u012bs Krievijas izn\u012bcin\u0101t\u0101ji.<\/p>\n<p>P\u0113c tam, kad Krievija un Baltkrievija vair\u0101kk\u0101rt bija p\u0101rk\u0101pusi alianses gaisa telpu, NATO 12.septembr\u012b s\u0101ka oper\u0101ciju &#8220;Eastern Sentry&#8221; (&#8220;Austrumu sargs&#8221;), lai nostiprin\u0101tu savu austrumu flangu.<\/p>\n<p>Oper\u0101cij\u0101 iesaist\u012bju\u0161ies vair\u0101ki NATO sabiedrotie, piem\u0113ram, D\u0101nija, Francija, Lielbrit\u0101nija un V\u0101cija.<\/p>\n<p>Lietuvas Valsts aizsardz\u012bbas padomi veido valsts prezidents, premjerministrs, parlamenta priek\u0161s\u0113d\u0113t\u0101js, aizsardz\u012bbas ministrs un bru\u0146oto sp\u0113ku komandieris. Padome izskata un koordin\u0113 noz\u012bm\u012bg\u0101kos Lietuvas valsts aizsardz\u012bbas jaut\u0101jumus.<\/p>\n","protected":false},"excerpt":{"rendered":"Lietuvas Valsts aizsardz\u012bbas padome ir apstiprin\u0101jusi Aizsardz\u012bbas ministrijas ierosin\u0101to pl\u0101nu pretgaisa aizsardz\u012bbas pastiprin\u0101\u0161anai, pirmdien pazi\u0146oja Lietuvas prezidenta Gitana&hellip;\n","protected":false},"author":2,"featured_media":8663,"comment_status":"","ping_status":"","sticky":false,"template":"","format":"standard","meta":{"footnotes":""},"categories":[14],"tags":[129,1450,3360,23,57,28,29,32,33,22,30,31,35,39,38,36,37,34,40,20,26,27,1451,3361,1452,3362,24,25,54,55,56,21,58],"class_list":{"0":"post-8662","1":"post","2":"type-post","3":"status-publish","4":"format-standard","5":"has-post-thumbnail","7":"category-zinas-no-arvalstim","8":"tag-__typenameadvicekeyword","9":"tag-id1045","10":"tag-id789","11":"tag-aktualitates","12":"tag-arvalstim","13":"tag-breaking-news","14":"tag-breakingnews","15":"tag-featured-news","16":"tag-featurednews","17":"tag-headlines","18":"tag-latest-news","19":"tag-latestnews","20":"tag-latvia","21":"tag-latvian","22":"tag-latviesu","23":"tag-latviesu-valoda","24":"tag-latviesuvaloda","25":"tag-latvija","26":"tag-lv","27":"tag-news","28":"tag-popularakas-zinas","29":"tag-popularakaszinas","30":"tag-slugdrosiba","31":"tag-sluglietuva","32":"tag-titledrosiba","33":"tag-titlelietuva","34":"tag-top-stories","35":"tag-topstories","36":"tag-world","37":"tag-world-news","38":"tag-worldnews","39":"tag-zinas","40":"tag-zinas-no-arvalstim"},"share_on_mastodon":{"url":"","error":""},"_links":{"self":[{"href":"https:\/\/www.europesays.com\/lv\/wp-json\/wp\/v2\/posts\/8662","targetHints":{"allow":["GET"]}}],"collection":[{"href":"https:\/\/www.europesays.com\/lv\/wp-json\/wp\/v2\/posts"}],"about":[{"href":"https:\/\/www.europesays.com\/lv\/wp-json\/wp\/v2\/types\/post"}],"author":[{"embeddable":true,"href":"https:\/\/www.europesays.com\/lv\/wp-json\/wp\/v2\/users\/2"}],"replies":[{"embeddable":true,"href":"https:\/\/www.europesays.com\/lv\/wp-json\/wp\/v2\/comments?post=8662"}],"version-history":[{"count":0,"href":"https:\/\/www.europesays.com\/lv\/wp-json\/wp\/v2\/posts\/8662\/revisions"}],"wp:featuredmedia":[{"embeddable":true,"href":"https:\/\/www.europesays.com\/lv\/wp-json\/wp\/v2\/media\/8663"}],"wp:attachment":[{"href":"https:\/\/www.europesays.com\/lv\/wp-json\/wp\/v2\/media?parent=8662"}],"wp:term":[{"taxonomy":"category","embeddable":true,"href":"https:\/\/www.europesays.com\/lv\/wp-json\/wp\/v2\/categories?post=8662"},{"taxonomy":"post_tag","embeddable":true,"href":"https:\/\/www.europesays.com\/lv\/wp-json\/wp\/v2\/tags?post=8662"}],"curies":[{"name":"wp","href":"https:\/\/api.w.org\/{rel}","templated":true}]}}