{"id":86626,"date":"2025-12-26T12:20:08","date_gmt":"2025-12-26T12:20:08","guid":{"rendered":"https:\/\/www.europesays.com\/lv\/86626\/"},"modified":"2025-12-26T12:20:08","modified_gmt":"2025-12-26T12:20:08","slug":"smite-nosauc-konkurences-padomes-nakama-gada-prioritates","status":"publish","type":"post","link":"https:\/\/www.europesays.com\/lv\/86626\/","title":{"rendered":"\u0160mite nosauc Konkurences padomes n\u0101kam\u0101 gada priorit\u0101tes"},"content":{"rendered":"<p>Vi\u0146a nor\u0101d\u012bja, ka priorit\u0101tes b\u016bs ar\u012b konkurences ierobe\u017eojumu uzraudz\u012bba mazumtirdzniec\u012bbas p\u0101rtikas tirg\u016b.<\/p>\n<p>\u0160mite pauda, ka turpin\u0101sies darbs pie 11 akt\u012bv\u0101m izp\u0113tes liet\u0101m, tiks nosl\u0113gti tirgus uzraudz\u012bbas un digitaliz\u0101cijas projekti. T\u0101pat tiks dom\u0101ts par risin\u0101jumiem, k\u0101 stiprin\u0101t publisko personu uzraudz\u012bbu.<\/p>\n<p>Pl\u0101nots s\u0101kt &#8220;ex-post&#8221; nov\u0113rt\u0113jumus nozar\u0113s, kur\u0101s KP \u012bstenojusi uzraudz\u012bbas pas\u0101kumus, lai nov\u0113rt\u0113tu ietekmi un konkurences situ\u0101cijas izmai\u0146as, vi\u0146a min\u0113ja.<\/p>\n<p>\u0160mite atz\u012bm\u0113ja, ka 2026. gad\u0101 KP pl\u0101no stiprin\u0101t sadarb\u012bbu ar Baltijas konkurences iest\u0101d\u0113m, kas \u013cautu apvienot sp\u0113kus, kop\u012bgi uzraugot tirgus un sektorus, kas noz\u012bm\u012bgi vis\u0101 Baltij\u0101.<\/p>\n<p>T\u0101pat n\u0101kamaj\u0101 gad\u0101 sagaid\u0101ms visaptvero\u0161s Ekonomisk\u0101s sadarb\u012bbas un att\u012bst\u012bbas organiz\u0101cijas (OECD) veiktais nov\u0113rt\u0113jums par konkurences politikas un t\u0101s \u012bsteno\u0161anas efektivit\u0101ti Latvij\u0101, kas sniegs ieteikumus KP turpm\u0101kajiem att\u012bst\u012bbas virzieniem.<\/p>\n<p>Vienlaikus \u0160mite nor\u0101d\u012bja, ka KP turpina \u012bstenot savu v\u012bziju &#8211; k\u013c\u016bt par efekt\u012bvu un sabiedr\u012bbai atv\u0113rtu iest\u0101di, kurai uzticas, un vienlaikus nodro\u0161in\u0101t akt\u012bvu un rezultat\u012bvu iesaisti tirgu att\u012bst\u012bbas un p\u0101rk\u0101pumu nov\u0113r\u0161anas procesos, balans\u0113jot \u0161o darb\u012bbu apjomu ar pieejamajiem resursiem un ierobe\u017eoto darbinieku skaitu.<\/p>\n","protected":false},"excerpt":{"rendered":"Vi\u0146a nor\u0101d\u012bja, ka priorit\u0101tes b\u016bs ar\u012b konkurences ierobe\u017eojumu uzraudz\u012bba mazumtirdzniec\u012bbas p\u0101rtikas tirg\u016b. \u0160mite pauda, ka turpin\u0101sies darbs pie&hellip;\n","protected":false},"author":2,"featured_media":86627,"comment_status":"","ping_status":"","sticky":false,"template":"","format":"standard","meta":{"footnotes":""},"categories":[12],"tags":[23,28,29,32,33,22,669,667,30,31,35,39,38,36,37,34,40,20,26,27,24,25,21],"class_list":{"0":"post-86626","1":"post","2":"type-post","3":"status-publish","4":"format-standard","5":"has-post-thumbnail","7":"category-latvija","8":"tag-aktualitates","9":"tag-breaking-news","10":"tag-breakingnews","11":"tag-featured-news","12":"tag-featurednews","13":"tag-headlines","14":"tag-ieva-smite","15":"tag-konkurences-padome","16":"tag-latest-news","17":"tag-latestnews","18":"tag-latvia","19":"tag-latvian","20":"tag-latviesu","21":"tag-latviesu-valoda","22":"tag-latviesuvaloda","23":"tag-latvija","24":"tag-lv","25":"tag-news","26":"tag-popularakas-zinas","27":"tag-popularakaszinas","28":"tag-top-stories","29":"tag-topstories","30":"tag-zinas"},"share_on_mastodon":{"url":"https:\/\/pubeurope.com\/@lv\/115785841090360870","error":""},"_links":{"self":[{"href":"https:\/\/www.europesays.com\/lv\/wp-json\/wp\/v2\/posts\/86626","targetHints":{"allow":["GET"]}}],"collection":[{"href":"https:\/\/www.europesays.com\/lv\/wp-json\/wp\/v2\/posts"}],"about":[{"href":"https:\/\/www.europesays.com\/lv\/wp-json\/wp\/v2\/types\/post"}],"author":[{"embeddable":true,"href":"https:\/\/www.europesays.com\/lv\/wp-json\/wp\/v2\/users\/2"}],"replies":[{"embeddable":true,"href":"https:\/\/www.europesays.com\/lv\/wp-json\/wp\/v2\/comments?post=86626"}],"version-history":[{"count":0,"href":"https:\/\/www.europesays.com\/lv\/wp-json\/wp\/v2\/posts\/86626\/revisions"}],"wp:featuredmedia":[{"embeddable":true,"href":"https:\/\/www.europesays.com\/lv\/wp-json\/wp\/v2\/media\/86627"}],"wp:attachment":[{"href":"https:\/\/www.europesays.com\/lv\/wp-json\/wp\/v2\/media?parent=86626"}],"wp:term":[{"taxonomy":"category","embeddable":true,"href":"https:\/\/www.europesays.com\/lv\/wp-json\/wp\/v2\/categories?post=86626"},{"taxonomy":"post_tag","embeddable":true,"href":"https:\/\/www.europesays.com\/lv\/wp-json\/wp\/v2\/tags?post=86626"}],"curies":[{"name":"wp","href":"https:\/\/api.w.org\/{rel}","templated":true}]}}