{"id":86638,"date":"2025-12-26T12:31:14","date_gmt":"2025-12-26T12:31:14","guid":{"rendered":"https:\/\/www.europesays.com\/lv\/86638\/"},"modified":"2025-12-26T12:31:14","modified_gmt":"2025-12-26T12:31:14","slug":"iesaistitas-puses-aizvien-vairak-sak-nogurt-no-kara-eksperts-skaidro-kapec-2026-gads-var-but-izskiross","status":"publish","type":"post","link":"https:\/\/www.europesays.com\/lv\/86638\/","title":{"rendered":"Iesaist\u012bt\u0101s puses aizvien vair\u0101k s\u0101k nogurt no kara! Eksperts skaidro, k\u0101p\u0113c 2026. gads var b\u016bt iz\u0161\u0137iro\u0161s"},"content":{"rendered":"<p>    <img decoding=\"async\" src=\"https:\/\/www.europesays.com\/lv\/wp-content\/uploads\/2025\/11\/1764144431_382_2025-01-22t145118z_1476966202_rc2ceca5u5nm_rtrmadp_3_ukraine-crisis-pokrovsk-1-800x538.jpg\" alt=\"&#10;\"\/><\/p>\n<p>Foto: Reuters\/SCANPIX\n<\/p>\n<p>10:33, 26. decembris 2025<\/p>\n<p>Iesp\u0113jas pan\u0101kt kara beigas Ukrain\u0101 2026. gad\u0101 ir liel\u0101kas nek\u0101 t\u0101s bija \u0161ogad, t\u0101du viedokli pauda Nacion\u0101l\u0101s aizsardz\u012bbas akad\u0113mijas Dro\u0161\u012bbas un strat\u0113\u0123isk\u0101s p\u0113tniec\u012bbas centra direktors Toms Rostoks.<\/p>\n<p>        Las\u012bt\u0101kie<br \/>\n        <a data-imagesrc=\"{&quot;300&quot;:&quot;https:\\\/\\\/lastatic.ams3.cdn.digitaloceanspaces.com\\\/2022\\\/11\\\/shutterstock_2130762086-300x200.jpg&quot;,&quot;768&quot;:&quot;https:\\\/\\\/lastatic.ams3.cdn.digitaloceanspaces.com\\\/2022\\\/11\\\/shutterstock_2130762086-768x513.jpg&quot;,&quot;200&quot;:&quot;https:\\\/\\\/lastatic.ams3.cdn.digitaloceanspaces.com\\\/2022\\\/11\\\/shutterstock_2130762086-200x134.jpg&quot;,&quot;400&quot;:&quot;https:\\\/\\\/lastatic.ams3.cdn.digitaloceanspaces.com\\\/2022\\\/11\\\/shutterstock_2130762086-400x267.jpg&quot;,&quot;500&quot;:&quot;https:\\\/\\\/lastatic.ams3.cdn.digitaloceanspaces.com\\\/2022\\\/11\\\/shutterstock_2130762086-500x334.jpg&quot;,&quot;800&quot;:&quot;https:\\\/\\\/lastatic.ams3.cdn.digitaloceanspaces.com\\\/2022\\\/11\\\/shutterstock_2130762086.jpg&quot;}\" data-focuspoint=\"&quot;&quot;\" data-p=\"2482369\" href=\"https:\/\/www.la.lv\/iestajas-slimnica-ar-metastatisku-resnas-zarnas-vezi-kuru-ka-hemoroidus-arstejusi-kaiminiene-profesors-nobazijies-par-sabiedribas-bezatbildibu\" class=\"content-item lazy-load\" wp_automatic_readability=\"27\" rel=\"nofollow noopener\" target=\"_blank\"><\/p>\n<p>                                <img decoding=\"async\" src=\"\" alt=\"\" style=\"\" data-imageid=\"\"\/><\/p>\n<p>                                Veselam<\/p>\n<p>                                            \u201cIest\u0101jas slimn\u012bc\u0101 ar metast\u0101tisku resn\u0101s zarnas v\u0113zi, kuru k\u0101 hemoro\u012bdus \u201c\u0101rst\u0113jusi\u201d kaimi\u0146iene!\u201d Profesors noba\u017e\u012bjies par sabiedr\u012bbas bezatbild\u012bbu\n                            <\/p>\n<p><\/a><a data-imagesrc=\"{&quot;300&quot;:&quot;https:\\\/\\\/lastatic.ams3.cdn.digitaloceanspaces.com\\\/2019\\\/12\\\/Tirdzins_19_DB-300x200.jpg&quot;,&quot;768&quot;:&quot;https:\\\/\\\/lastatic.ams3.cdn.digitaloceanspaces.com\\\/2019\\\/12\\\/Tirdzins_19_DB-768x512.jpg&quot;,&quot;200&quot;:&quot;https:\\\/\\\/lastatic.ams3.cdn.digitaloceanspaces.com\\\/2019\\\/12\\\/Tirdzins_19_DB-200x133.jpg&quot;,&quot;400&quot;:&quot;https:\\\/\\\/lastatic.ams3.cdn.digitaloceanspaces.com\\\/2019\\\/12\\\/Tirdzins_19_DB-400x267.jpg&quot;,&quot;500&quot;:&quot;https:\\\/\\\/lastatic.ams3.cdn.digitaloceanspaces.com\\\/2019\\\/12\\\/Tirdzins_19_DB-500x334.jpg&quot;,&quot;800&quot;:&quot;https:\\\/\\\/lastatic.ams3.cdn.digitaloceanspaces.com\\\/2019\\\/12\\\/Tirdzins_19_DB-800x534.jpg&quot;,&quot;1000&quot;:&quot;https:\\\/\\\/lastatic.ams3.cdn.digitaloceanspaces.com\\\/2019\\\/12\\\/Tirdzins_19_DB.jpg&quot;}\" data-focuspoint=\"&quot;&quot;\" data-p=\"2474405\" href=\"https:\/\/www.la.lv\/cik-ilgi-so-toleresim-vecriga-ridzinieci-sadusmo-uz-ielam-tirgoto-precu-sortiments\" class=\"content-item lazy-load\" wp_automatic_readability=\"26\" rel=\"nofollow noopener\" target=\"_blank\"><\/p>\n<p>                                <img decoding=\"async\" src=\"\" alt=\"\" style=\"\" data-imageid=\"\"\/><\/p>\n<p>                                RAKSTA REDAKTORS<\/p>\n<p>\n                                                \u201cCik ilgi \u0161o toler\u0113sim Vecr\u012bg\u0101?\u201d R\u012bdzinieci sadusmo uz iel\u0101m tirgoto pre\u010du sortiments\n                            <\/p>\n<p><\/a><a data-imagesrc=\"{&quot;300&quot;:&quot;https:\\\/\\\/lastatic.ams3.cdn.digitaloceanspaces.com\\\/2025\\\/11\\\/ugunsgreks-300x213.jpg&quot;,&quot;1024&quot;:&quot;https:\\\/\\\/lastatic.ams3.cdn.digitaloceanspaces.com\\\/2025\\\/11\\\/ugunsgreks-1024x728.jpg&quot;,&quot;1536&quot;:&quot;https:\\\/\\\/lastatic.ams3.cdn.digitaloceanspaces.com\\\/2025\\\/11\\\/ugunsgreks-1536x1092.jpg&quot;,&quot;500&quot;:&quot;https:\\\/\\\/lastatic.ams3.cdn.digitaloceanspaces.com\\\/2025\\\/11\\\/ugunsgreks-500x355.jpg&quot;,&quot;800&quot;:&quot;https:\\\/\\\/lastatic.ams3.cdn.digitaloceanspaces.com\\\/2025\\\/11\\\/ugunsgreks-800x569.jpg&quot;,&quot;2560&quot;:&quot;https:\\\/\\\/lastatic.ams3.cdn.digitaloceanspaces.com\\\/2025\\\/11\\\/ugunsgreks-scaled.jpg&quot;}\" data-focuspoint=\"&quot;&quot;\" data-p=\"2485818\" href=\"https:\/\/www.la.lv\/amerikani-tiktu-iznicinati-tris-sekundes-ukrainas-komandieris-atklati-par-asv-planiem-drosibas-garantijam-un-krievijas-patiesajiem-merkiem\" class=\"content-item lazy-load\" wp_automatic_readability=\"27\" rel=\"nofollow noopener\" target=\"_blank\"><\/p>\n<p>                                <img decoding=\"async\" src=\"\" alt=\"\" style=\"\" data-imageid=\"\"\/><\/p>\n<p>\n                                                \u201cAmerik\u0101\u0146i tiktu izn\u012bcin\u0101ti tr\u012bs sekund\u0113s.\u201d Ukrainas komandieris atkl\u0101ti par ASV pl\u0101niem, dro\u0161\u012bbas garantij\u0101m un Krievijas patiesajiem m\u0113r\u0137iem\n                            <\/p>\n<p><\/a><br \/>\n        <a class=\"read-more\" href=\"https:\/\/www.la.lv\/top\" rel=\"nofollow noopener\" target=\"_blank\">Las\u012bt citas zi\u0146as<\/a><\/p>\n<p>Vi\u0146\u0161 uzsv\u0113ra, ka nevar dro\u0161i apgalvot, ka 2026. gad\u0101 kar\u0161 var\u0113tu beigties, ta\u010du iesp\u0113jas ir krietni liel\u0101kas nek\u0101 t\u0101s bija \u0161ogad, un tam ir vair\u0101ki iemesli. Eksperts skaidroja, ka starptautiskaj\u0101m sarun\u0101m par kara izbeig\u0161anu vajadz\u012bgs laiks, jo sarunas ir sare\u017e\u0123\u012btas ne tikai t\u0101p\u0113c, ka karojo\u0161o pu\u0161u nost\u0101jas ir krasi at\u0161\u0137ir\u012bgas, bet ar\u012b t\u0101p\u0113c, ka sarunu laik\u0101 j\u0101rod risin\u0101jums sare\u017e\u0123\u012bt\u0101m probl\u0113m\u0101m.<\/p>\n<blockquote><p>Rostoks akcent\u0113ja, ka konflikt\u0101 iesaist\u012bt\u0101s puses aizvien vair\u0101k nogurst no kara.<\/p><\/blockquote>\n<p>    CITI \u0160OBR\u012aD LASA<\/p>\n<p>Turkl\u0101t 2026. gada gait\u0101 var\u0113tu samilzt probl\u0113mas Krievijas ekonomik\u0101, kas var\u0113tu pastiprin\u0101t spiedienu uz Krievijas prezidentu izbeigt karu, neraugoties uz to, ka \u201cspeci\u0101l\u0101s milit\u0101r\u0101s oper\u0101cijas\u201d m\u0113r\u0137i nav sasniegti. Vi\u0146\u0161 piebilda, ka n\u0101kam\u0101 gada ruden\u012b notiks starpv\u0113l\u0113\u0161anas ASV, t\u0101p\u0113c ASV r\u012bc\u012bbu var\u0113tu ietekm\u0113t gan pav\u0113rsieni priek\u0161v\u0113l\u0113\u0161anu kampa\u0146\u0101, gan ar\u012b v\u0113l\u0113\u0161anu izn\u0101kums novembr\u012b.<\/p>\n<p>Tauj\u0101ts, vai n\u0101kamo se\u0161u m\u0113ne\u0161u laik\u0101 Rietumu politika pret Ukrainu var\u0113tu main\u012bties, pastiprinot atbalstu vai to v\u0101jinot, Nacion\u0101l\u0101s aizsardz\u012bbas akad\u0113mijas Dro\u0161\u012bbas un strat\u0113\u0123isk\u0101s p\u0113tniec\u012bbas centra direktors nor\u0101d\u012bja, ka \u201csp\u0113les nosac\u012bjumi\u201d attiec\u012bb\u0101 uz atbalsta snieg\u0161anu Ukrainai patlaban ir diezgan skaidri un tie, visticam\u0101k, nemain\u012bsies.<\/p>\n<p>Vi\u0146\u0161 kl\u0101st\u012bja, ka ASV sniedz Ukrainai izl\u016bkinform\u0101ciju un p\u0101rdod iero\u010dus Eiropai, kura tos t\u0101l\u0101k nodod Ukrainas r\u012bc\u012bb\u0101. Savuk\u0101rt Eiropas valstis gandr\u012bz piln\u012bb\u0101 nodro\u0161ina milit\u0101ro un ekonomisko pal\u012bdz\u012bbu Ukrainai un cen\u0161as k\u0101pin\u0101t savas milit\u0101r\u0101s sp\u0113jas un milit\u0101r\u0101s industrijas kapacit\u0101ti. Rostoka ieskat\u0101 var main\u012bties \u0161\u012b izk\u0101rtojuma nianses, ta\u010du ne b\u016bt\u012bba.<\/p>\n<p>Jaut\u0101ts, kur\u0101 br\u012bd\u012b ASV aizkuli\u0161u spiediens uz mieru no procesa var\u0113tu k\u013c\u016bt par politisku faktu, kas s\u0101k ietekm\u0113t Ukrainas un Eiropas l\u0113mumus, eksperts uzsv\u0113ra, ka ASV ir milz\u012bga ietekme uz Eiropas valstu un Ukrainas r\u012bc\u012bbu. Vi\u0146\u0161 v\u0113rsa uzman\u012bbu uz to, ka p\u0113c b\u016bt\u012bbas diplom\u0101tisko procesu vada ASV, kas tai dod b\u016btiskas priek\u0161roc\u012bbas attiec\u012bb\u0101s ar Eiropas sabiedrotajiem un Ukrainu. Rostoka v\u0113rt\u0113jum\u0101 noz\u012bm\u012bgs m\u0113r\u0137is Eiropas valst\u012bm un Ukrainai 2026. gad\u0101 b\u016bs mazin\u0101t atkar\u012bbu no ASV, kas t\u0101m dotu liel\u0101ku neatkar\u012bbu l\u0113mumu pie\u0146em\u0161an\u0101 no ASV.<\/p>\n<p>Run\u0101jot par to, kas Krievijai n\u0101kam\u0101 pusgada laik\u0101 b\u016bs svar\u012bg\u0101ks \u2013 re\u0101ls progress front\u0113 vai iespaids, ka progress notiek, Rostoks uzsv\u0113ra, ka Krievija v\u0113las pan\u0101kt re\u0101lu progresu front\u0113. Savuk\u0101rt, ja tas neizdodas, tad m\u0113r\u0137is ir progresa \u0161\u0137ietam\u012bbas rad\u012b\u0161ana. Vi\u0146\u0161 turpin\u0101ja, nor\u0101dot, ka tam ir gan strat\u0113\u0123iski m\u0113r\u0137i, tostarp ietekm\u0113t starptautisko sarunu procesu par kara izbeig\u0161anu, gan ar\u012b organizatoriski savt\u012bgi m\u0113r\u0137i \u2013 Krievijas bru\u0146oto sp\u0113ku centieni v\u0113lamo uzdot par eso\u0161o, jo no t\u0101 atkar\u012bga politisko l\u0113mumu pie\u0146\u0113m\u0113ju labv\u0113l\u012bba, paaugstin\u0101jumi amat\u0101 un apbalvojumi.<\/p>\n<p>ASV novembr\u012b pied\u0101v\u0101ja miera pl\u0101nu, kas paredz, ka Ukrainai b\u016btu j\u0101nodod Krievijas kontrol\u0113 t\u0101s Doneckas un Luhanskas apgabalu da\u013cas, kuras t\u0101 v\u0113l nekontrol\u0113. Doneckas un Luhanskas apgabali, k\u0101 ar\u012b Krima tiktu atz\u012bti par de facto Krievijas kontrol\u0113t\u0101m teritorij\u0101m, un Donbas\u0101 tiktu izveidota demilitariz\u0113ta zona. Savuk\u0101rt Zapori\u017ejas un Hersonas apgabalos, kurus Krievija pasludin\u0101jusi par savu teritoriju, ta\u010du piln\u012bb\u0101 nekontrol\u0113, frontes l\u012bnija tiktu iesald\u0113ta. Krievijas karasp\u0113kam b\u016btu j\u0101atst\u0101j ie\u0146emt\u0101s teritorijas citos Ukrainas apgabalos.<\/p>\n<p>Jaut\u0101ts, k\u0101du l\u0113mumu Ukrainai n\u0101kamo se\u0161u m\u0113ne\u0161u laik\u0101 b\u016bs visgr\u016bt\u0101k pie\u0146emt, ja pieaugs \u0101r\u0113jais spiediens, Rostoks uzsv\u0113ra, ka vissmag\u0101kie l\u0113mumi ir saist\u012bti ar teritori\u0101lajiem jaut\u0101jumiem Donbasa re\u0123ion\u0101. <\/p>\n<blockquote><p>Vi\u0146\u0161 atz\u012bm\u0113ja, ka Ukraina noteikti nev\u0113l\u0113tos kara nosl\u0113gum\u0101 padoties spiedienam piekrist principam \u201cteritorija pret mieru\u201d.<\/p><\/blockquote>\n<p>Vi\u0146apr\u0101t, tas rad\u012btu iespaidu, ka Ukraina kar\u0101 ir zaud\u0113jusi, ja tai n\u0101kas \u0161\u0101di piek\u0101pties. Rostoka ieskat\u0101 tas ar\u012b pasliktin\u0101tu Ukrainas iesp\u0113jas sevi aizst\u0101v\u0113t pret potenci\u0101lu Krievijas agresiju n\u0101kotn\u0113. Vi\u0146\u0161 akcent\u0113ja, ka svar\u012bgi ir ar\u012b citi jaut\u0101jumi, piem\u0113ram, par ASV vai Rietumu dro\u0161\u012bbas garantij\u0101m.<\/p>\n<p>\u201cB\u016btu slikti, ja Ukrainai n\u0101ktos piek\u0101pties un piekrist neskaidr\u0101m dro\u0161\u012bbas garantij\u0101m gad\u012bjum\u0101, ja Krievija n\u0101kotn\u0113 ats\u0101ktu agresiju,\u201d uzsv\u0113ra Nacion\u0101l\u0101s aizsardz\u012bbas akad\u0113mijas Dro\u0161\u012bbas un strat\u0113\u0123isk\u0101s p\u0113tniec\u012bbas centra direktors.<\/p>\n<p>Jau rakst\u012bts, ka ASV decembr\u012b ierosin\u0101ja jaunu sarunu form\u0101tu ar Ukrainu un Krieviju, bet nav pan\u0101kta vieno\u0161an\u0101s par mieru vai pamieru. Atsevi\u0161\u0137i str\u012bda punkti ir Krievijas v\u0113lme saglab\u0101t vai papla\u0161in\u0101t kontroli p\u0101r okup\u0113taj\u0101m teritorij\u0101m un Ukrainas pras\u012bba p\u0113c skaidr\u0101m dro\u0161\u012bbas garantij\u0101m, ko Ukraina uzskata par priek\u0161nosac\u012bjumu jebkuram ilgtermi\u0146a mieram.<\/p>\n<p>T\u0113mas<\/p>\n<p>    SAIST\u012aTIE RAKSTI<\/p>\n","protected":false},"excerpt":{"rendered":"Foto: Reuters\/SCANPIX 10:33, 26. decembris 2025 Iesp\u0113jas pan\u0101kt kara beigas Ukrain\u0101 2026. gad\u0101 ir liel\u0101kas nek\u0101 t\u0101s bija&hellip;\n","protected":false},"author":2,"featured_media":41730,"comment_status":"","ping_status":"","sticky":false,"template":"","format":"standard","meta":{"footnotes":""},"categories":[14],"tags":[23,57,28,29,32,33,22,30,31,35,39,38,36,37,34,40,20,26,27,24,25,54,55,56,21,58],"class_list":{"0":"post-86638","1":"post","2":"type-post","3":"status-publish","4":"format-standard","5":"has-post-thumbnail","7":"category-zinas-no-arvalstim","8":"tag-aktualitates","9":"tag-arvalstim","10":"tag-breaking-news","11":"tag-breakingnews","12":"tag-featured-news","13":"tag-featurednews","14":"tag-headlines","15":"tag-latest-news","16":"tag-latestnews","17":"tag-latvia","18":"tag-latvian","19":"tag-latviesu","20":"tag-latviesu-valoda","21":"tag-latviesuvaloda","22":"tag-latvija","23":"tag-lv","24":"tag-news","25":"tag-popularakas-zinas","26":"tag-popularakaszinas","27":"tag-top-stories","28":"tag-topstories","29":"tag-world","30":"tag-world-news","31":"tag-worldnews","32":"tag-zinas","33":"tag-zinas-no-arvalstim"},"share_on_mastodon":{"url":"https:\/\/pubeurope.com\/@lv\/115785884357128399","error":""},"_links":{"self":[{"href":"https:\/\/www.europesays.com\/lv\/wp-json\/wp\/v2\/posts\/86638","targetHints":{"allow":["GET"]}}],"collection":[{"href":"https:\/\/www.europesays.com\/lv\/wp-json\/wp\/v2\/posts"}],"about":[{"href":"https:\/\/www.europesays.com\/lv\/wp-json\/wp\/v2\/types\/post"}],"author":[{"embeddable":true,"href":"https:\/\/www.europesays.com\/lv\/wp-json\/wp\/v2\/users\/2"}],"replies":[{"embeddable":true,"href":"https:\/\/www.europesays.com\/lv\/wp-json\/wp\/v2\/comments?post=86638"}],"version-history":[{"count":0,"href":"https:\/\/www.europesays.com\/lv\/wp-json\/wp\/v2\/posts\/86638\/revisions"}],"wp:featuredmedia":[{"embeddable":true,"href":"https:\/\/www.europesays.com\/lv\/wp-json\/wp\/v2\/media\/41730"}],"wp:attachment":[{"href":"https:\/\/www.europesays.com\/lv\/wp-json\/wp\/v2\/media?parent=86638"}],"wp:term":[{"taxonomy":"category","embeddable":true,"href":"https:\/\/www.europesays.com\/lv\/wp-json\/wp\/v2\/categories?post=86638"},{"taxonomy":"post_tag","embeddable":true,"href":"https:\/\/www.europesays.com\/lv\/wp-json\/wp\/v2\/tags?post=86638"}],"curies":[{"name":"wp","href":"https:\/\/api.w.org\/{rel}","templated":true}]}}