{"id":86659,"date":"2025-12-26T13:14:07","date_gmt":"2025-12-26T13:14:07","guid":{"rendered":"https:\/\/www.europesays.com\/lv\/86659\/"},"modified":"2025-12-26T13:14:07","modified_gmt":"2025-12-26T13:14:07","slug":"rigas-satiksme-sanem-sodu-par-virsstundu-darbu","status":"publish","type":"post","link":"https:\/\/www.europesays.com\/lv\/86659\/","title":{"rendered":"&#8220;R\u012bgas satiksme&#8221; sa\u0146em sodu par virsstundu darbu"},"content":{"rendered":"<p>Uz\u0146\u0113mumam piem\u0113rots sods par diviem Darba likuma p\u0101rk\u0101pumiem. Konstat\u0113ts, ka summ\u0113t\u0101 darba laika uzskait\u0113 darbinieki tiku\u0161i nodarbin\u0101ti ilg\u0101k, nek\u0101 pie\u013cauj likums. Darba likums nosaka, ka aizliegts nodarbin\u0101t darbinieku ilg\u0101k par 24 stund\u0101m p\u0113c k\u0101rtas un ilg\u0101k nek\u0101 56 stundas ned\u0113\u013c\u0101.<\/p>\n<p>T\u0101pat konstat\u0113ts p\u0101rk\u0101pums saist\u012bb\u0101 ar virsstundu darba apjomu. Likums paredz, ka virsstundu <a href=\"https:\/\/www.apollo.lv\/term\/564609\/darbs\" class=\"topicLink\" target=\"_blank\" rel=\"nofollow noopener\">darbs<\/a> nedr\u012bkst p\u0101rsniegt vid\u0113ji asto\u0146as stundas septi\u0146u dienu period\u0101, ko apr\u0113\u0137ina p\u0101rskata period\u0101, kas nep\u0101rsniedz \u010detrus m\u0113ne\u0161us.<\/p>\n<p>VDI p\u0101rbaude saist\u012bb\u0101 ar virsstundu darbu uz\u0146\u0113mum\u0101 s\u0101kta p\u0113c tam, kad biju\u0161ais &#8220;R\u012bgas satiksmes&#8221; darbinieks pag\u0101ju\u0161\u0101 gada nogal\u0113 iesniedza trauksmes c\u0113l\u0113ja zi\u0146ojumu par, vi\u0146apr\u0101t, nelikum\u012bg\u0101m virsstund\u0101m \u0161oferiem.<\/p>\n<p>TV3 raid\u012bjums &#8220;Nek\u0101 person\u012bga&#8221; iepriek\u0161 v\u0113st\u012bja, ka biju\u0161ais \u0161oferis trauksmes c\u0113l\u0113ja zi\u0146ojum\u0101 nor\u0101d\u012bjis, ka \u0161oferi p\u0101rstr\u0101d\u0101 likum\u0101 noteikto virsstundu skaitu, bet kapit\u0101lsabiedr\u012bba liek str\u0101d\u0101t vair\u0101k, aizbildinoties, ka tr\u016bkstot \u0161oferu un bez virsstund\u0101m sabiedrisk\u0101 transporta pakalpojumus eso\u0161aj\u0101 apjom\u0101 nevar nodro\u0161in\u0101t.<\/p>\n<p>Atbilsto\u0161i likumam \u0161oferus aizliegts nodarbin\u0101t ilg\u0101k par 56 stund\u0101m ned\u0113\u013c\u0101 un at\u013cauts str\u0101d\u0101t asto\u0146as virsstundas septi\u0146u dienu period\u0101. \u0160oferis zi\u0146ojum\u0101 paudis, ka vair\u0101k nek\u0101 550 darbiniekiem ir virsstundas un, p\u0113c vi\u0146am zin\u0101majiem datiem, vair\u0101k nek\u0101 100 darbinieki ir p\u0101rstr\u0101d\u0101ju\u0161i noteikto p\u0101rskata perioda maksim\u0101li at\u013cauto darba laiku.<\/p>\n","protected":false},"excerpt":{"rendered":"Uz\u0146\u0113mumam piem\u0113rots sods par diviem Darba likuma p\u0101rk\u0101pumiem. Konstat\u0113ts, ka summ\u0113t\u0101 darba laika uzskait\u0113 darbinieki tiku\u0161i nodarbin\u0101ti ilg\u0101k,&hellip;\n","protected":false},"author":2,"featured_media":86660,"comment_status":"","ping_status":"","sticky":false,"template":"","format":"standard","meta":{"footnotes":""},"categories":[12],"tags":[23,28,29,51,22063,32,33,22,30,31,35,39,38,36,37,34,40,20,26,27,1612,24,25,21],"class_list":{"0":"post-86659","1":"post","2":"type-post","3":"status-publish","4":"format-standard","5":"has-post-thumbnail","7":"category-latvija","8":"tag-aktualitates","9":"tag-breaking-news","10":"tag-breakingnews","11":"tag-darbs","12":"tag-datu-valsts-inspekcija","13":"tag-featured-news","14":"tag-featurednews","15":"tag-headlines","16":"tag-latest-news","17":"tag-latestnews","18":"tag-latvia","19":"tag-latvian","20":"tag-latviesu","21":"tag-latviesu-valoda","22":"tag-latviesuvaloda","23":"tag-latvija","24":"tag-lv","25":"tag-news","26":"tag-popularakas-zinas","27":"tag-popularakaszinas","28":"tag-rigas-satiksme","29":"tag-top-stories","30":"tag-topstories","31":"tag-zinas"},"share_on_mastodon":{"url":"https:\/\/pubeurope.com\/@lv\/115786053322631638","error":""},"_links":{"self":[{"href":"https:\/\/www.europesays.com\/lv\/wp-json\/wp\/v2\/posts\/86659","targetHints":{"allow":["GET"]}}],"collection":[{"href":"https:\/\/www.europesays.com\/lv\/wp-json\/wp\/v2\/posts"}],"about":[{"href":"https:\/\/www.europesays.com\/lv\/wp-json\/wp\/v2\/types\/post"}],"author":[{"embeddable":true,"href":"https:\/\/www.europesays.com\/lv\/wp-json\/wp\/v2\/users\/2"}],"replies":[{"embeddable":true,"href":"https:\/\/www.europesays.com\/lv\/wp-json\/wp\/v2\/comments?post=86659"}],"version-history":[{"count":0,"href":"https:\/\/www.europesays.com\/lv\/wp-json\/wp\/v2\/posts\/86659\/revisions"}],"wp:featuredmedia":[{"embeddable":true,"href":"https:\/\/www.europesays.com\/lv\/wp-json\/wp\/v2\/media\/86660"}],"wp:attachment":[{"href":"https:\/\/www.europesays.com\/lv\/wp-json\/wp\/v2\/media?parent=86659"}],"wp:term":[{"taxonomy":"category","embeddable":true,"href":"https:\/\/www.europesays.com\/lv\/wp-json\/wp\/v2\/categories?post=86659"},{"taxonomy":"post_tag","embeddable":true,"href":"https:\/\/www.europesays.com\/lv\/wp-json\/wp\/v2\/tags?post=86659"}],"curies":[{"name":"wp","href":"https:\/\/api.w.org\/{rel}","templated":true}]}}