{"id":86670,"date":"2025-12-26T13:31:22","date_gmt":"2025-12-26T13:31:22","guid":{"rendered":"https:\/\/www.europesays.com\/lv\/86670\/"},"modified":"2025-12-26T13:31:22","modified_gmt":"2025-12-26T13:31:22","slug":"kapec-magnetisko-vetru-skaits-2025-gada-var-parspet-pedejo-10-gadu-rekordu","status":"publish","type":"post","link":"https:\/\/www.europesays.com\/lv\/86670\/","title":{"rendered":"K\u0101p\u0113c magn\u0113tisko v\u0113tru skaits 2025. gad\u0101 var p\u0101rsp\u0113t p\u0113d\u0113jo 10 gadu rekordu"},"content":{"rendered":"<p>Tuvojo\u0161ais 2025. gads var k\u013c\u016bt par rekordu magn\u0113tisko v\u0113tru skaita zi\u0146\u0101 p\u0113d\u0113jo 10 gadu laik\u0101.<\/p>\n<p>\u00abMagn\u0113tisko v\u0113tru dienu skaits 2025. gad\u0101 ir k\u013cuvis par liel\u0101ko p\u0113d\u0113jo 10 gadu laik\u0101. Kop\u0113jais \u0123eomagn\u0113tiski trauc\u0113to dienu skaits sasniedzis 20 gadu maksimumu\u00bb, \u2014 teikts Krievijas Zin\u0101t\u0146u akad\u0113mijas Kosmisko p\u0113t\u012bjumu instit\u016bta (IKI) Saules astronomijas laboratorijas zi\u0146ojum\u0101.<\/p>\n<p>T\u0101, kop\u0161 2025. gada s\u0101kuma magn\u0113tisk\u0101s v\u0113tras nov\u0113rotas 69 gad\u012bjumos (2024. gad\u0101 to bija 44). V\u0113l noz\u012bm\u012bg\u0101ks izr\u0101d\u012bj\u0101s pieaugums kop\u0113jo \u0123eomagn\u0113tiski trauc\u0113to dienu skait\u0101. T\u0101du bija 164 pret 94 pag\u0101ju\u0161aj\u0101 gad\u0101.<\/p>\n<p>V\u0113l noz\u012bm\u012bg\u0101ks bija pieaugums kop\u0113j\u0101 \u0123eomagn\u0113tiski trauc\u0113to dienu skait\u0101, kad Kp indekss sasniedza 4 un vair\u0101k (dzeltenais un sarkanais l\u012bmenis). T\u0101du bija 164 pret 94, tas ir, par 75 % vair\u0101k.<\/p>\n<p>Sal\u012bdzin\u0101mas vai liel\u0101kas magn\u0113tisko v\u0113tru dienu skaita v\u0113rt\u012bbas p\u0113d\u0113jo reizi tika fiks\u0113tas 2015. (79 gad\u012bjumi) un 2016. (69 gad\u012bjumi) gados, tas ir, pirms 10 gadiem.<\/p>\n<p>Vienlaikus, p\u0113c ekspertu teikt\u0101, 2016. gada r\u0101d\u012bt\u0101ji var tikt p\u0101rsniegti p\u0101r\u0113j\u0101s gada ned\u0113\u013cas laik\u0101, jo uz Zemes turpina iedarboties liels koron\u0101lais caurums.<\/p>\n<p>Savuk\u0101rt p\u0113c kop\u0113j\u0101 \u0123eomagn\u0113tiski trauc\u0113to dienu skaita p\u0113d\u0113jo reizi augst\u0101kas v\u0113rt\u012bbas (169 dienas) nov\u0113rotas tikai 2005. gad\u0101, tas ir, pirms 20 gadiem.<\/p>\n<p>Liel\u0101kais rekords XXI gadsimt\u0101 l\u012bdz \u0161im ir 2003. gads, kad tika re\u0123istr\u0113tas 272 \u0123eomagn\u0113tiski trauc\u0113tas dienas, un taj\u0101 gad\u0101 154 dien\u0101s nov\u0113rotas magn\u0113tisk\u0101s v\u0113tras.<\/p>\n<p>\n                            Valodas k\u013c\u016bda rakst\u0101?<br \/>Iez\u012bm\u0113jiet tekstu un spiediet Zi\u0146ot par k\u013c\u016bdu pogas   , lai nos\u016bt\u012btu labojamo teksta fragmentu redaktoram!<\/p>\n<p>                                Zi\u0146ot par k\u013c\u016bdu<\/p>\n","protected":false},"excerpt":{"rendered":"Tuvojo\u0161ais 2025. gads var k\u013c\u016bt par rekordu magn\u0113tisko v\u0113tru skaita zi\u0146\u0101 p\u0113d\u0113jo 10 gadu laik\u0101. \u00abMagn\u0113tisko v\u0113tru dienu&hellip;\n","protected":false},"author":2,"featured_media":86671,"comment_status":"","ping_status":"","sticky":false,"template":"","format":"standard","meta":{"footnotes":""},"categories":[14],"tags":[23,57,28,29,32,33,22,30,31,35,39,38,36,37,34,40,20,26,27,24,25,54,55,56,21,58],"class_list":{"0":"post-86670","1":"post","2":"type-post","3":"status-publish","4":"format-standard","5":"has-post-thumbnail","7":"category-zinas-no-arvalstim","8":"tag-aktualitates","9":"tag-arvalstim","10":"tag-breaking-news","11":"tag-breakingnews","12":"tag-featured-news","13":"tag-featurednews","14":"tag-headlines","15":"tag-latest-news","16":"tag-latestnews","17":"tag-latvia","18":"tag-latvian","19":"tag-latviesu","20":"tag-latviesu-valoda","21":"tag-latviesuvaloda","22":"tag-latvija","23":"tag-lv","24":"tag-news","25":"tag-popularakas-zinas","26":"tag-popularakaszinas","27":"tag-top-stories","28":"tag-topstories","29":"tag-world","30":"tag-world-news","31":"tag-worldnews","32":"tag-zinas","33":"tag-zinas-no-arvalstim"},"share_on_mastodon":{"url":"https:\/\/pubeurope.com\/@lv\/115786120206600204","error":""},"_links":{"self":[{"href":"https:\/\/www.europesays.com\/lv\/wp-json\/wp\/v2\/posts\/86670","targetHints":{"allow":["GET"]}}],"collection":[{"href":"https:\/\/www.europesays.com\/lv\/wp-json\/wp\/v2\/posts"}],"about":[{"href":"https:\/\/www.europesays.com\/lv\/wp-json\/wp\/v2\/types\/post"}],"author":[{"embeddable":true,"href":"https:\/\/www.europesays.com\/lv\/wp-json\/wp\/v2\/users\/2"}],"replies":[{"embeddable":true,"href":"https:\/\/www.europesays.com\/lv\/wp-json\/wp\/v2\/comments?post=86670"}],"version-history":[{"count":0,"href":"https:\/\/www.europesays.com\/lv\/wp-json\/wp\/v2\/posts\/86670\/revisions"}],"wp:featuredmedia":[{"embeddable":true,"href":"https:\/\/www.europesays.com\/lv\/wp-json\/wp\/v2\/media\/86671"}],"wp:attachment":[{"href":"https:\/\/www.europesays.com\/lv\/wp-json\/wp\/v2\/media?parent=86670"}],"wp:term":[{"taxonomy":"category","embeddable":true,"href":"https:\/\/www.europesays.com\/lv\/wp-json\/wp\/v2\/categories?post=86670"},{"taxonomy":"post_tag","embeddable":true,"href":"https:\/\/www.europesays.com\/lv\/wp-json\/wp\/v2\/tags?post=86670"}],"curies":[{"name":"wp","href":"https:\/\/api.w.org\/{rel}","templated":true}]}}