{"id":86693,"date":"2025-12-26T14:14:09","date_gmt":"2025-12-26T14:14:09","guid":{"rendered":"https:\/\/www.europesays.com\/lv\/86693\/"},"modified":"2025-12-26T14:14:09","modified_gmt":"2025-12-26T14:14:09","slug":"latvija-462-darbinieku-butu-gatavi-uzticet-darba-grafiku-planosanu-maksligajam-intelektam","status":"publish","type":"post","link":"https:\/\/www.europesays.com\/lv\/86693\/","title":{"rendered":"Latvij\u0101 46,2% darbinieku b\u016btu gatavi uztic\u0113t darba grafiku pl\u0101no\u0161anu m\u0101ksl\u012bgajam intelektam"},"content":{"rendered":"<p>Latvij\u0101 46,2% darbinieku b\u016btu gatavi uztic\u0113t m\u0101ksl\u012bg\u0101 intelekta (MI) r\u012bkiem darbinieku noslodzes pl\u0101no\u0161anu un darba grafiku veido\u0161anu, inform\u0113ja biznesa un gr\u0101matved\u012bbas vad\u012bbas sist\u0113mas izstr\u0101d\u0101t\u0101js SIA &#8220;Jumis Pro&#8221;, atsaucoties uz veikto aptauju.<\/p>\n<p>Augst\u0101k\u0101 un vid\u0113j\u0101 l\u012bme\u0146a vad\u012bt\u0101ju vid\u016b 49% aptauj\u0101to apsver domu uztic\u0113t MI r\u012bkiem str\u0101d\u0101jo\u0161o noslodzes pl\u0101no\u0161anu un darba grafiku veido\u0161anu.<\/p>\n<p>&#8220;Jumis Pro&#8221; nor\u0101da, ka tr\u012bs gados, kop\u0161 \u0123enerat\u012bv\u0101 MI mode\u013ci tika padar\u012bti pieejami pla\u0161\u0101kai sabiedr\u012bbai, tie paguvu\u0161i ie\u0146emt noz\u012bm\u012bgu vietu uz\u0146\u0113mumu ikdienas darb\u0101. P\u0113t\u012bjum\u0101 &#8220;Vad\u012bt\u0101ja digit\u0101lais portrets 2025&#8221; noskaidrots, ka l\u012bdz \u0161im vispla\u0161\u0101k izmantoti teksta \u0123eneratori. Uz\u0146\u0113mumi MI v\u0113l\u0113tos uztic\u0113t daudz vair\u0101k un atbild\u012bg\u0101kus uzdevumus, tostarp person\u0101la noslodzes pl\u0101no\u0161anu un ofici\u0101lo dokumentu sagatavo\u0161anu.<\/p>\n<p>Otra popul\u0101r\u0101k\u0101 v\u0113lme ir uztic\u0113t MI jurista pal\u012bga vai lietve\u017ea pien\u0101kumus. \u0160obr\u012bd \u0123enerat\u012bvie sarunboti intens\u012bvi tiek izmantoti e-pasta v\u0113stu\u013cu un iesniegumu gatavo\u0161an\u0101, ta\u010du uz\u0146\u0113m\u0113ji v\u0113las, lai uz tiem var\u0113tu pa\u013cauties ar\u012b da\u017e\u0101du l\u012bgumu, r\u012bkojumu un citu lietved\u012bbas dokumentu sagatavo\u0161an\u0101. Ja biznesa vid\u0113 b\u016btu p\u0101rliec\u012bba, ka MI nepie\u013caus k\u013c\u016bdas, tad \u0161\u0101du speci\u0101listu pakalpojumus izmantotu 42,8% no visiem aptauj\u0101tajiem.<\/p>\n<p>Aptaujas dati r\u0101da, ka 37,2% aptauj\u0101to uztic\u0113tu MI iesaist\u012b\u0161anu soci\u0101lo t\u012bklu uztur\u0113\u0161an\u0101 un m\u0101rketinga materi\u0101lu gatavo\u0161an\u0101, kam\u0113r 31,7% n\u0101kotn\u0113 grib\u0113tu nodot MI rok\u0101s gr\u0101matved\u012bbu un 30,3% &#8211; klientu servisu.<\/p>\n<p>Maz\u0101ka tic\u012bba MI sp\u0113j\u0101m ir tikt gal\u0101 ar p\u0101rdo\u0161anas veicin\u0101\u0161anu un akt\u012bvu p\u0101rdo\u0161anu. \u0160aj\u0101 jom\u0101 uz sarunbotiem ir gatavi pa\u013cauties 20,7% uz\u0146\u0113mumu, bet 13,1% uz\u0146\u0113mumu pl\u0101no p\u0101rskat\u0101m\u0101 n\u0101kotn\u0113 pielaist MI pie ra\u017eo\u0161anas iek\u0101rtu un lo\u0123istikas t\u012bkla p\u0101rvald\u012b\u0161anas.<\/p>\n<p>&#8220;Jumis Pro&#8221; vad\u012bt\u0101js Viesturs Slaidi\u0146\u0161 atz\u012bm\u0113, ka tuv\u0101kie gadi skaidr\u0101k iez\u012bm\u0113s MI lomu uz\u0146\u0113m\u0113jdarb\u012bb\u0101, digit\u0101lajiem r\u012bkiem k\u013c\u016bstot no atsevi\u0161\u0137u darbinieku izmantotiem individu\u0101liem pal\u012bgiem specifisku uzdevumu veik\u0161an\u0101 par re\u0101liem kol\u0113\u0123iem ar prec\u012bzi defin\u0113tu darba aprakstu.<\/p>\n<p>Slaidi\u0146\u0161 nor\u0101da, ka gan darba dev\u0113jiem, gan darbiniekiem n\u0101ksies piel\u0101goties fundament\u0101laj\u0101m p\u0101rmai\u0146\u0101m un to izrais\u012btajiem izaicin\u0101jumiem, ta\u010du ilgtermi\u0146\u0101 transform\u0101cija noved\u012bs pie produkt\u012bv\u0101ka darba, augst\u0101ka iek\u0161zemes kopprodukta (IKP), labkl\u0101j\u012bg\u0101kas sabiedr\u012bbas un, iesp\u0113jams, pal\u012bdz\u0113s risin\u0101t darbasp\u0113ka tr\u016bkuma jaut\u0101jumu.<\/p>\n<p>Aptauja veikta 2025. gada ruden\u012b, aptauj\u0101jot 145 Latvijas uz\u0146\u0113mumu vad\u012bt\u0101jus, noda\u013cu vad\u012bt\u0101jus un darbiniekus.<\/p>\n","protected":false},"excerpt":{"rendered":"Latvij\u0101 46,2% darbinieku b\u016btu gatavi uztic\u0113t m\u0101ksl\u012bg\u0101 intelekta (MI) r\u012bkiem darbinieku noslodzes pl\u0101no\u0161anu un darba grafiku veido\u0161anu, inform\u0113ja&hellip;\n","protected":false},"author":2,"featured_media":86694,"comment_status":"","ping_status":"","sticky":false,"template":"","format":"standard","meta":{"footnotes":""},"categories":[12],"tags":[23,28,29,47,32,33,22,381,64,30,31,35,39,38,36,37,34,40,20,385,26,27,172,382,384,383,24,25,21],"class_list":{"0":"post-86693","1":"post","2":"type-post","3":"status-publish","4":"format-standard","5":"has-post-thumbnail","7":"category-latvija","8":"tag-aktualitates","9":"tag-breaking-news","10":"tag-breakingnews","11":"tag-ekonomika","12":"tag-featured-news","13":"tag-featurednews","14":"tag-headlines","15":"tag-jaunumi","16":"tag-kultura","17":"tag-latest-news","18":"tag-latestnews","19":"tag-latvia","20":"tag-latvian","21":"tag-latviesu","22":"tag-latviesu-valoda","23":"tag-latviesuvaloda","24":"tag-latvija","25":"tag-lv","26":"tag-news","27":"tag-pieriga","28":"tag-popularakas-zinas","29":"tag-popularakaszinas","30":"tag-riga","31":"tag-sabiedriba","32":"tag-sludinajumi","33":"tag-sports-afisa","34":"tag-top-stories","35":"tag-topstories","36":"tag-zinas"},"share_on_mastodon":{"url":"https:\/\/pubeurope.com\/@lv\/115786289187383995","error":""},"_links":{"self":[{"href":"https:\/\/www.europesays.com\/lv\/wp-json\/wp\/v2\/posts\/86693","targetHints":{"allow":["GET"]}}],"collection":[{"href":"https:\/\/www.europesays.com\/lv\/wp-json\/wp\/v2\/posts"}],"about":[{"href":"https:\/\/www.europesays.com\/lv\/wp-json\/wp\/v2\/types\/post"}],"author":[{"embeddable":true,"href":"https:\/\/www.europesays.com\/lv\/wp-json\/wp\/v2\/users\/2"}],"replies":[{"embeddable":true,"href":"https:\/\/www.europesays.com\/lv\/wp-json\/wp\/v2\/comments?post=86693"}],"version-history":[{"count":0,"href":"https:\/\/www.europesays.com\/lv\/wp-json\/wp\/v2\/posts\/86693\/revisions"}],"wp:featuredmedia":[{"embeddable":true,"href":"https:\/\/www.europesays.com\/lv\/wp-json\/wp\/v2\/media\/86694"}],"wp:attachment":[{"href":"https:\/\/www.europesays.com\/lv\/wp-json\/wp\/v2\/media?parent=86693"}],"wp:term":[{"taxonomy":"category","embeddable":true,"href":"https:\/\/www.europesays.com\/lv\/wp-json\/wp\/v2\/categories?post=86693"},{"taxonomy":"post_tag","embeddable":true,"href":"https:\/\/www.europesays.com\/lv\/wp-json\/wp\/v2\/tags?post=86693"}],"curies":[{"name":"wp","href":"https:\/\/api.w.org\/{rel}","templated":true}]}}