{"id":86697,"date":"2025-12-26T14:25:08","date_gmt":"2025-12-26T14:25:08","guid":{"rendered":"https:\/\/www.europesays.com\/lv\/86697\/"},"modified":"2025-12-26T14:25:08","modified_gmt":"2025-12-26T14:25:08","slug":"spradziens-un-ugunsgreks-pansionata-filadelfija-divi-bojagajusie","status":"publish","type":"post","link":"https:\/\/www.europesays.com\/lv\/86697\/","title":{"rendered":"Spr\u0101dziens un ugunsgr\u0113ks pansion\u0101t\u0101 Filadelfij\u0101: divi boj\u0101g\u0101ju\u0161ie"},"content":{"rendered":"<p class=\"descr\">Otrdien Filadelfijas nomal\u0113 notiku\u0161aj\u0101 ugunsgr\u0113k\u0101 un spr\u0101dzien\u0101 pansion\u0101t\u0101 g\u0101ju\u0161i boj\u0101 divi cilv\u0113ki, pamudinot viet\u0113jos gl\u0101b\u0113jus, gar\u0101mg\u0101j\u0113jus un darbiniekus steidzami gl\u0101bt vec\u0101ka gadag\u0101juma iedz\u012bvot\u0101jus, pazi\u0146oja Pensilv\u0101nijas gubernators D\u017eo\u0161s \u0160apiro.<\/p>\n<p>CNN raksta, ka viens no boj\u0101g\u0101ju\u0161ajiem bija darbinieks, bet otrs bija iem\u012btnieks, tre\u0161dien preses konferenc\u0113 pazi\u0146oja Bristoles policijas priek\u0161nieks \u010c\u0101rlzs Viniks.<\/p>\n<p>S\u0101kotn\u0113ji divdesmit cilv\u0113ki tika hospitaliz\u0113ti, bet viens jau ir izrakst\u012bts. Viens no stacion\u0113tajiem ir kritisk\u0101 st\u0101vokl\u012b. <\/p>\n<p>Varas iest\u0101des iepriek\u0161 bija zi\u0146oju\u0161as, ka da\u017ei cilv\u0113ki ir pazudu\u0161i, bet Viniks apstiprin\u0101ja, ka visi pansion\u0101ta iem\u012btnieki un darbinieki esot atrasti.<\/p>\n<p>Amatpersonu s\u0101kotn\u0113jais uzskats ir t\u0101ds, ka <a href=\"https:\/\/nra.lv\/pasaule\/482227-berns-aviokatastrofa-gust-90-kermena-apdegumu.htm\" data-item-link=\"true\" data-item-id=\"482227\" rel=\"nofollow noopener\" target=\"_blank\">spr\u0101dzienu izrais\u012bja<\/a> g\u0101zes nopl\u016bde, otrdienas vakar\u0101 preses konferenc\u0113 sac\u012bja \u0160apiro. Izmekl\u0113\u0161anu vada Nacion\u0101l\u0101 transporta dro\u0161\u012bbas padome.<\/p>\n<p>Viet\u0113jais komun\u0101lo pakalpojumu uz\u0146\u0113mums &#8220;Peco&#8221; pazi\u0146ojum\u0101 nor\u0101d\u012bja: &#8220;Pa\u0161laik nav zin\u0101ms, vai \u0161aj\u0101 incident\u0101 bija iesaist\u012btas &#8220;Peco&#8221; iek\u0101rtas vai dabasg\u0101ze.&#8221;<\/p>\n<p>Ar\u012b pati \u0113ka cieta no post\u012bjumiem &#8211; pirmais st\u0101vs da\u013c\u0113ji sabruka pagrabst\u0101v\u0101, sac\u012bja Dipolito. Ugunsdz\u0113s\u012bbas priek\u0161nieks pazi\u0146oja, ka sabrukums notika \u0113kas da\u013c\u0101, kur atrodas kafejn\u012bca, un zem t\u0101s atrodas saimniec\u012bbas telpa. <\/p>\n<p>&#8220;Spr\u0101dziens bija patie\u0161\u0101m katastrof\u0101ls,&#8221; otrdienas vakar\u0101 sac\u012bja \u0160apiro.<\/p>\n<p>\t\t\t\t\t\tinfo<\/p>\n<p>Uzzini pirmais<br \/>kas interesants noticis Latvij\u0101 un pasaul\u0113,<br \/>pievienojoties mums <a href=\"https:\/\/t.me\/neatkariga\" rel=\"nofollow\">Telegram<\/a> vai <a href=\"https:\/\/whatsapp.com\/channel\/0029VaMLFUH5K3zLU5s4wm3y\" rel=\"nofollow noopener\" target=\"_blank\">Whatsapp<\/a> kan\u0101l\u0101<\/p>\n","protected":false},"excerpt":{"rendered":"Otrdien Filadelfijas nomal\u0113 notiku\u0161aj\u0101 ugunsgr\u0113k\u0101 un spr\u0101dzien\u0101 pansion\u0101t\u0101 g\u0101ju\u0161i boj\u0101 divi cilv\u0113ki, pamudinot viet\u0113jos gl\u0101b\u0113jus, gar\u0101mg\u0101j\u0113jus un darbiniekus&hellip;\n","protected":false},"author":2,"featured_media":86698,"comment_status":"","ping_status":"","sticky":false,"template":"","format":"standard","meta":{"footnotes":""},"categories":[14],"tags":[23,57,28,29,32,33,22,30,31,35,39,38,36,37,34,40,20,26,27,24,25,54,55,56,21,58],"class_list":{"0":"post-86697","1":"post","2":"type-post","3":"status-publish","4":"format-standard","5":"has-post-thumbnail","7":"category-zinas-no-arvalstim","8":"tag-aktualitates","9":"tag-arvalstim","10":"tag-breaking-news","11":"tag-breakingnews","12":"tag-featured-news","13":"tag-featurednews","14":"tag-headlines","15":"tag-latest-news","16":"tag-latestnews","17":"tag-latvia","18":"tag-latvian","19":"tag-latviesu","20":"tag-latviesu-valoda","21":"tag-latviesuvaloda","22":"tag-latvija","23":"tag-lv","24":"tag-news","25":"tag-popularakas-zinas","26":"tag-popularakaszinas","27":"tag-top-stories","28":"tag-topstories","29":"tag-world","30":"tag-world-news","31":"tag-worldnews","32":"tag-zinas","33":"tag-zinas-no-arvalstim"},"share_on_mastodon":{"url":"https:\/\/pubeurope.com\/@lv\/115786332501342839","error":""},"_links":{"self":[{"href":"https:\/\/www.europesays.com\/lv\/wp-json\/wp\/v2\/posts\/86697","targetHints":{"allow":["GET"]}}],"collection":[{"href":"https:\/\/www.europesays.com\/lv\/wp-json\/wp\/v2\/posts"}],"about":[{"href":"https:\/\/www.europesays.com\/lv\/wp-json\/wp\/v2\/types\/post"}],"author":[{"embeddable":true,"href":"https:\/\/www.europesays.com\/lv\/wp-json\/wp\/v2\/users\/2"}],"replies":[{"embeddable":true,"href":"https:\/\/www.europesays.com\/lv\/wp-json\/wp\/v2\/comments?post=86697"}],"version-history":[{"count":0,"href":"https:\/\/www.europesays.com\/lv\/wp-json\/wp\/v2\/posts\/86697\/revisions"}],"wp:featuredmedia":[{"embeddable":true,"href":"https:\/\/www.europesays.com\/lv\/wp-json\/wp\/v2\/media\/86698"}],"wp:attachment":[{"href":"https:\/\/www.europesays.com\/lv\/wp-json\/wp\/v2\/media?parent=86697"}],"wp:term":[{"taxonomy":"category","embeddable":true,"href":"https:\/\/www.europesays.com\/lv\/wp-json\/wp\/v2\/categories?post=86697"},{"taxonomy":"post_tag","embeddable":true,"href":"https:\/\/www.europesays.com\/lv\/wp-json\/wp\/v2\/tags?post=86697"}],"curies":[{"name":"wp","href":"https:\/\/api.w.org\/{rel}","templated":true}]}}