{"id":86718,"date":"2025-12-26T14:43:07","date_gmt":"2025-12-26T14:43:07","guid":{"rendered":"https:\/\/www.europesays.com\/lv\/86718\/"},"modified":"2025-12-26T14:43:07","modified_gmt":"2025-12-26T14:43:07","slug":"malaizijas-ekspremjeram-piespriez-15-gadu-cietumsodu-par-valsts-attistibas-fonda-lidzeklu-izlaupisanu","status":"publish","type":"post","link":"https:\/\/www.europesays.com\/lv\/86718\/","title":{"rendered":"Malaizijas ekspremjeram piesprie\u017e 15 gadu cietumsodu par valsts att\u012bst\u012bbas fonda l\u012bdzek\u013cu izlaup\u012b\u0161anu"},"content":{"rendered":"<p>Vi\u0146am ar\u012b piespriests 13,5 miljardu ringitu (2,8 miljardi eiro) naudassods. Ja naudassods netiks samaks\u0101ts, Nad\u017eibam draud papildu desmit gadu cietumsods.<\/p>\n<p>Tiesa atzina 72 gadus veco Nad\u017eibu par vain\u012bgu \u010detr\u0101s aps\u016bdz\u012bb\u0101s par \u013caunpr\u0101t\u012bgu varas izmanto\u0161anu un 21 aps\u016bdz\u012bb\u0101 par naudas atmazg\u0101\u0161anu, v\u0113st\u012bja Malaizijas mediji.<\/p>\n<p>Nad\u017eibs tiek aps\u016bdz\u0113ts, ka vi\u0146\u0161 no 1MDB l\u012bdzek\u013ciem nelikum\u012bgi piesavin\u0101jies 2,28 miljardus ringitu (450 miljoni eiro).<\/p>\n<p>Fondu valsts ekonomikas att\u012bst\u012bbai Nad\u017eibs izveidoja 2009. gad\u0101 dr\u012bz p\u0113c tam, kad k\u013cuva par premjerministru. Skand\u0101la d\u0113\u013c par l\u012bdzek\u013cu izlaup\u012b\u0161anu no 1MDB Nad\u017eiba vad\u012bt\u0101 partija &#8220;Apvienot\u0101 malajie\u0161u nacion\u0101l\u0101 organiz\u0101cija&#8221; 2018. gad\u0101 cieta sak\u0101vi parlamenta v\u0113l\u0113\u0161an\u0101s, un Nad\u017eibs zaud\u0113ja premjera amatu.<\/p>\n<p>2022. gad\u0101 vi\u0146am saist\u012bb\u0101 ar 1MDB lietu tika piespriests 12 gadu cietumsods un 210 miljonu ringitu (42 miljoni eiro) naudassods. P\u0113rn tiesa cietumsodu samazin\u0101ja l\u012bdz se\u0161iem gadiem. Piektdien piespriestais cietumsods Nad\u017eibam b\u016bs j\u0101s\u0101k izciest p\u0113c iepriek\u0161\u0113j\u0101 soda termi\u0146a beig\u0101m.<\/p>\n<p>Nad\u017eibs neatz\u012bst savu vainu un apgalvo, ka vi\u0146u ir maldin\u0101ju\u0161i finan\u0161u konsultanti, kas nodarboj\u0101s ar kr\u0101pniec\u012bbu.<\/p>\n","protected":false},"excerpt":{"rendered":"Vi\u0146am ar\u012b piespriests 13,5 miljardu ringitu (2,8 miljardi eiro) naudassods. Ja naudassods netiks samaks\u0101ts, Nad\u017eibam draud papildu desmit&hellip;\n","protected":false},"author":2,"featured_media":86719,"comment_status":"","ping_status":"","sticky":false,"template":"","format":"standard","meta":{"footnotes":""},"categories":[14],"tags":[23,57,28,29,1181,32,33,22,278,30,31,35,39,38,36,37,34,40,16453,2755,20,26,27,24,25,54,55,56,21,58],"class_list":{"0":"post-86718","1":"post","2":"type-post","3":"status-publish","4":"format-standard","5":"has-post-thumbnail","7":"category-zinas-no-arvalstim","8":"tag-aktualitates","9":"tag-arvalstim","10":"tag-breaking-news","11":"tag-breakingnews","12":"tag-cietums","13":"tag-featured-news","14":"tag-featurednews","15":"tag-headlines","16":"tag-krapnieciba","17":"tag-latest-news","18":"tag-latestnews","19":"tag-latvia","20":"tag-latvian","21":"tag-latviesu","22":"tag-latviesu-valoda","23":"tag-latviesuvaloda","24":"tag-latvija","25":"tag-lv","26":"tag-malaizija","27":"tag-naudas-krapnieciba","28":"tag-news","29":"tag-popularakas-zinas","30":"tag-popularakaszinas","31":"tag-top-stories","32":"tag-topstories","33":"tag-world","34":"tag-world-news","35":"tag-worldnews","36":"tag-zinas","37":"tag-zinas-no-arvalstim"},"share_on_mastodon":{"url":"https:\/\/pubeurope.com\/@lv\/115786403192982294","error":""},"_links":{"self":[{"href":"https:\/\/www.europesays.com\/lv\/wp-json\/wp\/v2\/posts\/86718","targetHints":{"allow":["GET"]}}],"collection":[{"href":"https:\/\/www.europesays.com\/lv\/wp-json\/wp\/v2\/posts"}],"about":[{"href":"https:\/\/www.europesays.com\/lv\/wp-json\/wp\/v2\/types\/post"}],"author":[{"embeddable":true,"href":"https:\/\/www.europesays.com\/lv\/wp-json\/wp\/v2\/users\/2"}],"replies":[{"embeddable":true,"href":"https:\/\/www.europesays.com\/lv\/wp-json\/wp\/v2\/comments?post=86718"}],"version-history":[{"count":0,"href":"https:\/\/www.europesays.com\/lv\/wp-json\/wp\/v2\/posts\/86718\/revisions"}],"wp:featuredmedia":[{"embeddable":true,"href":"https:\/\/www.europesays.com\/lv\/wp-json\/wp\/v2\/media\/86719"}],"wp:attachment":[{"href":"https:\/\/www.europesays.com\/lv\/wp-json\/wp\/v2\/media?parent=86718"}],"wp:term":[{"taxonomy":"category","embeddable":true,"href":"https:\/\/www.europesays.com\/lv\/wp-json\/wp\/v2\/categories?post=86718"},{"taxonomy":"post_tag","embeddable":true,"href":"https:\/\/www.europesays.com\/lv\/wp-json\/wp\/v2\/tags?post=86718"}],"curies":[{"name":"wp","href":"https:\/\/api.w.org\/{rel}","templated":true}]}}