{"id":86720,"date":"2025-12-26T14:49:06","date_gmt":"2025-12-26T14:49:06","guid":{"rendered":"https:\/\/www.europesays.com\/lv\/86720\/"},"modified":"2025-12-26T14:49:06","modified_gmt":"2025-12-26T14:49:06","slug":"leons-xiv-ludz-sveto-stefanu-par-tiem-kas-ticibas-del-tiek-vajati","status":"publish","type":"post","link":"https:\/\/www.europesays.com\/lv\/86720\/","title":{"rendered":"Leons XIV l\u016bdz sv\u0113to Stefanu par tiem, kas tic\u012bbas d\u0113\u013c tiek vaj\u0101ti"},"content":{"rendered":"<p>Pirm\u0101 Bazn\u012bcas mocek\u013ca sv\u0113t\u0101 Stefana sv\u0113tkos, 26. decembr\u012b, p\u0101vests p\u0113c l\u016bg\u0161anas \u201cKunga e\u0146\u0123elis\u201d aicin\u0101ja starptautisko sabiedr\u012bbu neaizmirst tos, kuri par savu tic\u012bbu un centieniem p\u0113c miera ir spiesti atdot savu dz\u012bv\u012bbu. <\/p>\n<p>J\u0101nis Evertovskis \u2013 Vatik\u0101ns<\/p>\n<p>Sirsn\u012bgi apsveicis Sv\u0113t\u0101 P\u0113tera laukum\u0101 sapulc\u0113ju\u0161os Romas tic\u012bgos un sv\u0113tce\u013cniekus no daudz\u0101m zem\u0113m un atk\u0101rtoti nov\u0113l\u0113jis visiem mieru un harmoniju \u201cKunga dzim\u0161anas gaism\u0101\u201d, Leons XIV piemin\u0113ja pirmo mocekli sv\u0113to Stefanu. \u201cL\u016bgsim vi\u0146a aizbildniec\u012bbu, lai vi\u0146\u0161 stiprin\u0101tu m\u016bsu tic\u012bbu un atbalst\u012btu kopienas, kas visvair\u0101k cie\u0161 par savu krist\u012bgo liec\u012bbu\u201d, aicin\u0101ja Romas b\u012bskaps. \u201cLai vi\u0146a l\u0113npr\u0101t\u012bbas, drosmes un piedo\u0161anas piem\u0113rs pavada visus, kas konfliktu situ\u0101cij\u0101s iesaist\u0101s dialoga, izl\u012bguma un miera veicin\u0101\u0161an\u0101.\u201d<\/p>\n","protected":false},"excerpt":{"rendered":"Pirm\u0101 Bazn\u012bcas mocek\u013ca sv\u0113t\u0101 Stefana sv\u0113tkos, 26. decembr\u012b, p\u0101vests p\u0113c l\u016bg\u0161anas \u201cKunga e\u0146\u0123elis\u201d aicin\u0101ja starptautisko sabiedr\u012bbu neaizmirst tos,&hellip;\n","protected":false},"author":2,"featured_media":86721,"comment_status":"","ping_status":"","sticky":false,"template":"","format":"standard","meta":{"footnotes":""},"categories":[14],"tags":[23,57,28,29,32,33,22,30,31,35,39,38,36,37,34,40,20,26,27,24,25,54,55,56,21,58],"class_list":{"0":"post-86720","1":"post","2":"type-post","3":"status-publish","4":"format-standard","5":"has-post-thumbnail","7":"category-zinas-no-arvalstim","8":"tag-aktualitates","9":"tag-arvalstim","10":"tag-breaking-news","11":"tag-breakingnews","12":"tag-featured-news","13":"tag-featurednews","14":"tag-headlines","15":"tag-latest-news","16":"tag-latestnews","17":"tag-latvia","18":"tag-latvian","19":"tag-latviesu","20":"tag-latviesu-valoda","21":"tag-latviesuvaloda","22":"tag-latvija","23":"tag-lv","24":"tag-news","25":"tag-popularakas-zinas","26":"tag-popularakaszinas","27":"tag-top-stories","28":"tag-topstories","29":"tag-world","30":"tag-world-news","31":"tag-worldnews","32":"tag-zinas","33":"tag-zinas-no-arvalstim"},"share_on_mastodon":{"url":"https:\/\/pubeurope.com\/@lv\/115786426821805586","error":""},"_links":{"self":[{"href":"https:\/\/www.europesays.com\/lv\/wp-json\/wp\/v2\/posts\/86720","targetHints":{"allow":["GET"]}}],"collection":[{"href":"https:\/\/www.europesays.com\/lv\/wp-json\/wp\/v2\/posts"}],"about":[{"href":"https:\/\/www.europesays.com\/lv\/wp-json\/wp\/v2\/types\/post"}],"author":[{"embeddable":true,"href":"https:\/\/www.europesays.com\/lv\/wp-json\/wp\/v2\/users\/2"}],"replies":[{"embeddable":true,"href":"https:\/\/www.europesays.com\/lv\/wp-json\/wp\/v2\/comments?post=86720"}],"version-history":[{"count":0,"href":"https:\/\/www.europesays.com\/lv\/wp-json\/wp\/v2\/posts\/86720\/revisions"}],"wp:featuredmedia":[{"embeddable":true,"href":"https:\/\/www.europesays.com\/lv\/wp-json\/wp\/v2\/media\/86721"}],"wp:attachment":[{"href":"https:\/\/www.europesays.com\/lv\/wp-json\/wp\/v2\/media?parent=86720"}],"wp:term":[{"taxonomy":"category","embeddable":true,"href":"https:\/\/www.europesays.com\/lv\/wp-json\/wp\/v2\/categories?post=86720"},{"taxonomy":"post_tag","embeddable":true,"href":"https:\/\/www.europesays.com\/lv\/wp-json\/wp\/v2\/tags?post=86720"}],"curies":[{"name":"wp","href":"https:\/\/api.w.org\/{rel}","templated":true}]}}