{"id":86781,"date":"2025-12-26T16:35:07","date_gmt":"2025-12-26T16:35:07","guid":{"rendered":"https:\/\/www.europesays.com\/lv\/86781\/"},"modified":"2025-12-26T16:35:07","modified_gmt":"2025-12-26T16:35:07","slug":"si-gada-tour-de-ski-ar-daudzajam-klasikam-nav-man-parocigs-bet-iesu-un-cinisos-ziemas-sports-sportacentrs-com","status":"publish","type":"post","link":"https:\/\/www.europesays.com\/lv\/86781\/","title":{"rendered":"&#8220;\u0160\u012b gada &#8220;Tour de ski&#8221; ar daudzaj\u0101m klasik\u0101m nav man paroc\u012bgs, bet ie\u0161u un c\u012bn\u012b\u0161os&#8221; \u2013 Ziemas sports \u2013 Sportacentrs.com"},"content":{"rendered":"<p>Pasaules kausa posmos \u0161osezon \u010detras reizes tr\u012bsdesmitniek\u0101 tikus\u012b Patr\u012bcija Eiduka past\u0101sta, ka \u0161oreiz p\u0113c \u0160veices posma decembra vid\u016b uz m\u0101j\u0101m nav braukusi, bet palikusi tren\u0113ties It\u0101lij\u0101. \u201cP\u0113c Pasaules kausa posma Davos\u0101 p\u0101rbraucu uz It\u0101liju, kur ar\u012b gatavojos visu \u0161o laiku \u201cTour de ski\u201d. T\u0101 k\u0101 Latvij\u0101 \u0161obr\u012bd nav labi apst\u0101k\u013ci saist\u012bb\u0101 ar sniegu, tad uz m\u0101j\u0101m \u0161oreiz pirms t\u016bres neaizbraucu. L\u012bdz ar to ar\u012b maz\u0101k ce\u013co\u0161anas dienas, t\u0101p\u0113c pie\u0146\u0113m\u0101m l\u0113mumu, ka \u0161\u0101di ir lab\u0101k gatavo\u0161an\u0101s procesam t\u016brei.\u201d<\/p>\n<p>Eiduka atz\u012bst, ka \u0161obr\u012bd j\u016btas labi un treni\u0146process norit\u0113jis k\u0101 pl\u0101nots. Ta\u010du saist\u012bb\u0101 ar t\u016bres \u0161\u012b gada konceptu vi\u0146a nav \u013coti priec\u012bga, bet ir ap\u0146\u0113m\u012bbas pilna c\u012bn\u012bties. \u201cNedom\u0101ju, ka \u0161ogad \u201cTour de ski\u201d form\u0101ts man b\u016btu pateic\u012bg\u0101kais, jo ir diezgan daudz posmu klasik\u0101, bet slidsol\u012b ir tikai sprints, 5km masu starts pa grup\u0101m un p\u0113d\u0113jais posmos pret kalnu, bet 10km interv\u0101la starts, 20km iedz\u012b\u0161ana un otrs sprints b\u016bs klasik\u0101. L\u012bdz ar to iesp\u0113jas sevi pier\u0101d\u012bt ir maz\u0101kas, jo klasika joproj\u0101m ir mans v\u0101j\u0101kais punkts. Ta\u010du, neskatoties uz to, esmu \u201cTour de ski\u201d gatava. Ie\u0161u katru dienu uz maksimumu, c\u012bn\u012b\u0161os un  dar\u012b\u0161u visu, ko varu.\u201d<\/p>\n<p>Iepriek\u0161 inforn\u0113j\u0101m, ka <a href=\"https:\/\/sportacentrs.com\/ziemas_sports\/sleposana\/23122025-jubilejas_tour_de_ski_ar_mazak_posmiem_un\" target=\"_self\" rel=\"nofollow noopener\">\u201cTour de ski\u201d s\u0101ksies \u0161o sv\u0113tdien ar sprintu slidsol\u012b un b\u016bs ar se\u0161iem posmiem<\/a>, kas ir maz\u0101k nek\u0101 citus gadus.<\/p>\n","protected":false},"excerpt":{"rendered":"Pasaules kausa posmos \u0161osezon \u010detras reizes tr\u012bsdesmitniek\u0101 tikus\u012b Patr\u012bcija Eiduka past\u0101sta, ka \u0161oreiz p\u0113c \u0160veices posma decembra vid\u016b&hellip;\n","protected":false},"author":2,"featured_media":23940,"comment_status":"","ping_status":"","sticky":false,"template":"","format":"standard","meta":{"footnotes":""},"categories":[17],"tags":[35,39,38,36,37,34,40,67,620],"class_list":{"0":"post-86781","1":"post","2":"type-post","3":"status-publish","4":"format-standard","5":"has-post-thumbnail","7":"category-sports","8":"tag-latvia","9":"tag-latvian","10":"tag-latviesu","11":"tag-latviesu-valoda","12":"tag-latviesuvaloda","13":"tag-latvija","14":"tag-lv","15":"tag-sports","16":"tag-ziemas-sports"},"share_on_mastodon":{"url":"https:\/\/pubeurope.com\/@lv\/115786843668938722","error":""},"_links":{"self":[{"href":"https:\/\/www.europesays.com\/lv\/wp-json\/wp\/v2\/posts\/86781","targetHints":{"allow":["GET"]}}],"collection":[{"href":"https:\/\/www.europesays.com\/lv\/wp-json\/wp\/v2\/posts"}],"about":[{"href":"https:\/\/www.europesays.com\/lv\/wp-json\/wp\/v2\/types\/post"}],"author":[{"embeddable":true,"href":"https:\/\/www.europesays.com\/lv\/wp-json\/wp\/v2\/users\/2"}],"replies":[{"embeddable":true,"href":"https:\/\/www.europesays.com\/lv\/wp-json\/wp\/v2\/comments?post=86781"}],"version-history":[{"count":0,"href":"https:\/\/www.europesays.com\/lv\/wp-json\/wp\/v2\/posts\/86781\/revisions"}],"wp:featuredmedia":[{"embeddable":true,"href":"https:\/\/www.europesays.com\/lv\/wp-json\/wp\/v2\/media\/23940"}],"wp:attachment":[{"href":"https:\/\/www.europesays.com\/lv\/wp-json\/wp\/v2\/media?parent=86781"}],"wp:term":[{"taxonomy":"category","embeddable":true,"href":"https:\/\/www.europesays.com\/lv\/wp-json\/wp\/v2\/categories?post=86781"},{"taxonomy":"post_tag","embeddable":true,"href":"https:\/\/www.europesays.com\/lv\/wp-json\/wp\/v2\/tags?post=86781"}],"curies":[{"name":"wp","href":"https:\/\/api.w.org\/{rel}","templated":true}]}}