{"id":86782,"date":"2025-12-26T16:36:08","date_gmt":"2025-12-26T16:36:08","guid":{"rendered":"https:\/\/www.europesays.com\/lv\/86782\/"},"modified":"2025-12-26T16:36:08","modified_gmt":"2025-12-26T16:36:08","slug":"rog-matrix-rtx-5090-ar-neslipu-barosanas-ligzdu-ir-dala-no-dizaina-lente-lv","status":"publish","type":"post","link":"https:\/\/www.europesays.com\/lv\/86782\/","title":{"rendered":"ROG Matrix RTX 5090 ar \u00abne\u0161\u013c\u012bpu\u00bb baro\u0161anas ligzdu ir da\u013ca no dizaina\u00a0\u2014\u00a0Lente.lv"},"content":{"rendered":"<p>ASUS atbild uz pirc\u0113ja s\u016bdz\u012bbu<\/p>\n<p>Ra\u017eot\u0101js ASUS ir rea\u0123\u0113jis uz pirc\u0113ja s\u016bdz\u012bbu par baro\u0161anas savienot\u0101ja izvietojumu uz ROG Matrix Platinum GeForce RTX 5090 30th Anniversary Edition videokartes. Uz\u0146\u0113mums skaidro, ka ligzdas novirze ir apzin\u0101ta un iepl\u0101nota jau dizaina izstr\u0101des stadij\u0101.<\/p>\n<p>Probl\u0113ma publiski izskan\u0113ja p\u0113c tam, kad viens no pirc\u0113jiem zi\u0146oja, ka vi\u0146a videokartei 12V-2\u00d76 baro\u0161anas savienot\u0101js bija novietots pa labi attiec\u012bb\u0101 pret dzes\u0113\u0161anas sist\u0113mas p\u0101rsega izgriezumu. P\u0113c vi\u0146a teikt\u0101, tas rad\u012bjis nepietiekamu telpu, lai pilnv\u0113rt\u012bgi pievienotu baro\u0161anas kabeli.<\/p>\n<p>Ofici\u0101lais ASUS pazi\u0146ojums<\/p>\n<p>Sav\u0101 ofici\u0101laj\u0101 pazi\u0146ojum\u0101 ASUS nor\u0101da: \u00abP\u0113c m\u016bsu in\u017eenieru komandas p\u0101rbaudes tika apstiprin\u0101ts, ka nestandarta baro\u0161anas savienot\u0101ja novietojums ir da\u013ca no ori\u0123in\u0101l\u0101 produkta dizaina, kas noteikts, \u0146emot v\u0113r\u0101 kop\u0113jo struktur\u0101lo un elektrisko izk\u0101rtojumu.\u00bb<\/p>\n<p>12V-2\u00d76 savienot\u0101js prasa piln\u012bgu un cie\u0161u pievienojumu, \u012bpa\u0161i flagma\u0146a klases RTX 5090 modelim. Ja dzes\u0113t\u0101ja r\u0101mis kaut da\u013c\u0113ji aizsedz savienot\u0101ja korpusu, kabelis var netikt pien\u0101c\u012bgi fiks\u0113ts. Tas ir kritiski svar\u012bgi videokartei, ko ASUS pozicion\u0113 ar uzsvaru uz \u00abdubulto baro\u0161anu\u00bb: kop\u0101 ar sader\u012bgu BTF m\u0101tesplati un 12V-2\u00d76 kabeli karte sp\u0113j pat\u0113r\u0113t l\u012bdz 800 W ener\u0123ijas.<\/p>\n<p>Ierobe\u017eojumi un pirc\u0113ju ba\u017eas<\/p>\n<p>Lai gan viens entuziasts ir iev\u0113rojami p\u0101rsniedzis ROG Matrix RTX 5090 baro\u0161anas limitus, pievadot 750 W jaudu tikai caur 12V-2\u00d76, kas parasti ir ierobe\u017eots l\u012bdz 600 W, Reddit lietot\u0101js, kur\u0161 piev\u0113rsa uzman\u012bbu \u0161ai probl\u0113mai, nesp\u0113j izmantot videokarti paredz\u0113taj\u0101 800 W re\u017e\u012bm\u0101. Turkl\u0101t, bez BTF m\u0101tesplates, \u0161o modeli, iesp\u0113jams, visp\u0101r nevar\u0113s norm\u0101li ekspluat\u0113t.<\/p>\n<p>\u0160\u012b situ\u0101cija sakr\u012bt ar iepriek\u0161\u0113j\u0101m zi\u0146\u0101m par to, ka ASUS \u012bslaic\u012bgi aiztur\u0113ja ROG Matrix Platinum GeForce RTX 5090 30th Anniversary Edition pieg\u0101des partneriem, str\u0101d\u0101jot pie produktu izmai\u0146\u0101m saist\u012bb\u0101 ar \u00abkvalit\u0101tes probl\u0113mu\u00bb. V\u0113l\u0101k uz\u0146\u0113mums pazi\u0146oja par pieejam\u012bbas atjauno\u0161anu, ta\u010du ofici\u0101li neviens nesaist\u012bja aizturi tie\u0161i ar baro\u0161anas savienot\u0101ja probl\u0113mu.<\/p>\n<p>P\u0113c ASUS pazi\u0146ojuma rodas lo\u0123isks jaut\u0101jums: k\u0101du tie\u0161i kabeli un k\u0101du telpas rezervi korpus\u0101 pirc\u0113jiem vajadz\u0113tu paredz\u0113t? Un k\u0101p\u0113c uz\u0146\u0113mums iepriek\u0161 nebr\u012bdina, ka savienot\u0101js ir t\u012b\u0161i novirz\u012bts un neatbalsta visus 16-kontaktu kabe\u013cus? Kam\u0113r ASUS nav sniedzis skaidras praktiskas rekomend\u0101cijas, tas \u0161\u0137iet d\u012bvaini 3999 ASV dol\u0101ru v\u0113rtai ierobe\u017eot\u0101 s\u0113rijas videokartei.<\/p>\n<p>Atgrie\u0161ana un turpm\u0101kie so\u013ci<\/p>\n<p>Neskatoties uz to, ka ASUS neatz\u012bst defektu, uz\u0146\u0113mums ir apstiprin\u0101jis, ka videokarte joproj\u0101m ir 30 dienu atgrie\u0161anas period\u0101. K\u0101 zi\u0146o Reddit lietot\u0101js ar segv\u0101rdu Adrenaline424, vi\u0146\u0161 pl\u0101no preci atgriezt.<\/p>\n","protected":false},"excerpt":{"rendered":"ASUS atbild uz pirc\u0113ja s\u016bdz\u012bbu Ra\u017eot\u0101js ASUS ir rea\u0123\u0113jis uz pirc\u0113ja s\u016bdz\u012bbu par baro\u0161anas savienot\u0101ja izvietojumu uz ROG&hellip;\n","protected":false},"author":2,"featured_media":86783,"comment_status":"","ping_status":"","sticky":false,"template":"","format":"standard","meta":{"footnotes":""},"categories":[16],"tags":[22088,22090,77,76,9178,35,39,38,36,37,34,40,22089,22091],"class_list":{"0":"post-86782","1":"post","2":"type-post","3":"status-publish","4":"format-standard","5":"has-post-thumbnail","7":"category-bizness","8":"tag-asus","9":"tag-barosanas-ligzda","10":"tag-bizness","11":"tag-business","12":"tag-dizains","13":"tag-latvia","14":"tag-latvian","15":"tag-latviesu","16":"tag-latviesu-valoda","17":"tag-latviesuvaloda","18":"tag-latvija","19":"tag-lv","20":"tag-rtx-5090","21":"tag-videokarte"},"share_on_mastodon":{"url":"https:\/\/pubeurope.com\/@lv\/115786847538368698","error":""},"_links":{"self":[{"href":"https:\/\/www.europesays.com\/lv\/wp-json\/wp\/v2\/posts\/86782","targetHints":{"allow":["GET"]}}],"collection":[{"href":"https:\/\/www.europesays.com\/lv\/wp-json\/wp\/v2\/posts"}],"about":[{"href":"https:\/\/www.europesays.com\/lv\/wp-json\/wp\/v2\/types\/post"}],"author":[{"embeddable":true,"href":"https:\/\/www.europesays.com\/lv\/wp-json\/wp\/v2\/users\/2"}],"replies":[{"embeddable":true,"href":"https:\/\/www.europesays.com\/lv\/wp-json\/wp\/v2\/comments?post=86782"}],"version-history":[{"count":0,"href":"https:\/\/www.europesays.com\/lv\/wp-json\/wp\/v2\/posts\/86782\/revisions"}],"wp:featuredmedia":[{"embeddable":true,"href":"https:\/\/www.europesays.com\/lv\/wp-json\/wp\/v2\/media\/86783"}],"wp:attachment":[{"href":"https:\/\/www.europesays.com\/lv\/wp-json\/wp\/v2\/media?parent=86782"}],"wp:term":[{"taxonomy":"category","embeddable":true,"href":"https:\/\/www.europesays.com\/lv\/wp-json\/wp\/v2\/categories?post=86782"},{"taxonomy":"post_tag","embeddable":true,"href":"https:\/\/www.europesays.com\/lv\/wp-json\/wp\/v2\/tags?post=86782"}],"curies":[{"name":"wp","href":"https:\/\/api.w.org\/{rel}","templated":true}]}}