{"id":86784,"date":"2025-12-26T16:38:08","date_gmt":"2025-12-26T16:38:08","guid":{"rendered":"https:\/\/www.europesays.com\/lv\/86784\/"},"modified":"2025-12-26T16:38:08","modified_gmt":"2025-12-26T16:38:08","slug":"latvijas-ekonomiku-sogad-raksturo-minimala-izaugsme-vai-stagnacija-komente-ltrk-vaditaja","status":"publish","type":"post","link":"https:\/\/www.europesays.com\/lv\/86784\/","title":{"rendered":"Latvijas ekonomiku \u0161ogad raksturo minim\u0101la izaugsme vai stagn\u0101cija, koment\u0113 LTRK vad\u012bt\u0101ja"},"content":{"rendered":"<p>Vi\u0146a nor\u0101d\u012bja, ka k\u0101pumi un kritumi ir neat\u0146emama ekonomikas sast\u0101vda\u013ca. Centr\u0101l\u0101s statistikas p\u0101rvaldes dati liecina, ka 2025. gada 2. ceturksn\u012b iek\u0161zemes kopprodukts (IKP) sal\u012bdzin\u0101maj\u0101s cen\u0101s palielin\u0101jies par 1,7%, bet, sal\u012bdzinot ar iepriek\u0161\u0113jo ceturksni, IKP pieaudzis par 0,4%. Savuk\u0101rt Latvijas Bankas prognozes nor\u0101da, ka t\u0101s redz\u0113jums par IKP izaugsmi 2025. gadam ir pesimistisk\u0101ks nek\u0101 iepriek\u0161 public\u0113taj\u0101s prognoz\u0113s, l\u0113\u0161ot vairs tikai 1,2% pieaugumu.<\/p>\n<p>&#8220;V\u0113rt\u0113jot \u0161os r\u0101d\u012bt\u0101jus, j\u0101saka, ka \u0161o gadu Latvijas ekonomik\u0101 var\u0113tu raksturot k\u0101 minim\u0101li pieaugo\u0161u vai vair\u0101k uz vietas st\u0101vo\u0161u &#8211; uz\u0146\u0113m\u0113ji noteikti grib liel\u0101ku dinamiku,&#8221; vi\u0146a pauda.<\/p>\n<p>Zari\u0146a atz\u012bm\u0113ja, ka eksports vis\u0101 pasaul\u0113 piedz\u012bvojis interesantus br\u012b\u017eus, jo ASV prezidenta retorika un faktisk\u0101 r\u012bc\u012bba saist\u012bb\u0101 ar tarifu politiku bijusi \u013coti main\u012bga. Pie \u0161\u012bs nenoteikt\u012bbas ekonomiskie procesi vis\u0101 pasaul\u0113 norisin\u0101j\u0101s ar zin\u0101mu piesardz\u012bbu. Eksporta statistika nor\u0101da, ka no 2024. gada decembra l\u012bdz \u0161\u0101 gada martam bija v\u0113rojams eksporta k\u0101pums, kam sekojis kritums, un tikai septembr\u012b tika p\u0101rsniegti marta r\u0101d\u012bt\u0101ji. Ta\u010du Latvij\u0101 eksports aizvien nav atgriezies 2022. gada l\u012bmen\u012b.<\/p>\n","protected":false},"excerpt":{"rendered":"Vi\u0146a nor\u0101d\u012bja, ka k\u0101pumi un kritumi ir neat\u0146emama ekonomikas sast\u0101vda\u013ca. Centr\u0101l\u0101s statistikas p\u0101rvaldes dati liecina, ka 2025. gada&hellip;\n","protected":false},"author":2,"featured_media":86785,"comment_status":"","ping_status":"","sticky":false,"template":"","format":"standard","meta":{"footnotes":""},"categories":[12],"tags":[23,28,29,47,6575,32,33,22,30,31,35,39,38,36,37,34,6600,40,20,26,27,24,25,21],"class_list":{"0":"post-86784","1":"post","2":"type-post","3":"status-publish","4":"format-standard","5":"has-post-thumbnail","7":"category-latvija","8":"tag-aktualitates","9":"tag-breaking-news","10":"tag-breakingnews","11":"tag-ekonomika","12":"tag-ekonomikas-zinas","13":"tag-featured-news","14":"tag-featurednews","15":"tag-headlines","16":"tag-latest-news","17":"tag-latestnews","18":"tag-latvia","19":"tag-latvian","20":"tag-latviesu","21":"tag-latviesu-valoda","22":"tag-latviesuvaloda","23":"tag-latvija","24":"tag-ltrk","25":"tag-lv","26":"tag-news","27":"tag-popularakas-zinas","28":"tag-popularakaszinas","29":"tag-top-stories","30":"tag-topstories","31":"tag-zinas"},"share_on_mastodon":{"url":"https:\/\/pubeurope.com\/@lv\/115786855444579961","error":""},"_links":{"self":[{"href":"https:\/\/www.europesays.com\/lv\/wp-json\/wp\/v2\/posts\/86784","targetHints":{"allow":["GET"]}}],"collection":[{"href":"https:\/\/www.europesays.com\/lv\/wp-json\/wp\/v2\/posts"}],"about":[{"href":"https:\/\/www.europesays.com\/lv\/wp-json\/wp\/v2\/types\/post"}],"author":[{"embeddable":true,"href":"https:\/\/www.europesays.com\/lv\/wp-json\/wp\/v2\/users\/2"}],"replies":[{"embeddable":true,"href":"https:\/\/www.europesays.com\/lv\/wp-json\/wp\/v2\/comments?post=86784"}],"version-history":[{"count":0,"href":"https:\/\/www.europesays.com\/lv\/wp-json\/wp\/v2\/posts\/86784\/revisions"}],"wp:featuredmedia":[{"embeddable":true,"href":"https:\/\/www.europesays.com\/lv\/wp-json\/wp\/v2\/media\/86785"}],"wp:attachment":[{"href":"https:\/\/www.europesays.com\/lv\/wp-json\/wp\/v2\/media?parent=86784"}],"wp:term":[{"taxonomy":"category","embeddable":true,"href":"https:\/\/www.europesays.com\/lv\/wp-json\/wp\/v2\/categories?post=86784"},{"taxonomy":"post_tag","embeddable":true,"href":"https:\/\/www.europesays.com\/lv\/wp-json\/wp\/v2\/tags?post=86784"}],"curies":[{"name":"wp","href":"https:\/\/api.w.org\/{rel}","templated":true}]}}