{"id":86798,"date":"2025-12-26T16:49:27","date_gmt":"2025-12-26T16:49:27","guid":{"rendered":"https:\/\/www.europesays.com\/lv\/86798\/"},"modified":"2025-12-26T16:49:27","modified_gmt":"2025-12-26T16:49:27","slug":"refleksijas-par-progresu-un-saubu-enu-lente-lv","status":"publish","type":"post","link":"https:\/\/www.europesays.com\/lv\/86798\/","title":{"rendered":"Refleksijas par progresu un \u0161aubu \u0113nu\u00a0\u2014\u00a0Lente.lv"},"content":{"rendered":"<p>Otrajos Ziemassv\u0113tkos \u2013 domas raiso\u0161a Vairas V\u012b\u0137es-Freibergas uzruna<\/p>\n<p>\u0160odien, otrajos Ziemassv\u0113tkos, 26. decembr\u012b, Latvijas sabiedr\u012bba sa\u0146\u0113musi \u012bpa\u0161u apceres v\u0113sti no valsts eksprezidentes Vairas V\u012b\u0137es-Freibergas. Sav\u0101 \u0161oreiz\u0113j\u0101 uzrun\u0101, kas izskan\u0113jusi Latvijas Radio \u0113ter\u0101, vi\u0146a aicina ne tikai baud\u012bt sv\u0113tku gaismu, bet ar\u012b kritiski v\u0113rt\u0113t sasniegto un saskat\u012bt n\u0101kotnes izaicin\u0101jumus. K\u0101 inform\u0113 port\u0101ls NRA, eksprezidentes v\u0113st\u012bjums \u0161ogad liek padom\u0101t par valsts un indiv\u012bda att\u012bst\u012bbas virzieniem. Lai ar\u012b Ziemassv\u0113tki ir laiks mieram un p\u0101rdom\u0101m, V\u012b\u0137es-Freibergas v\u0101rdi alla\u017e nes iez\u012bmi sabiedriska spogul\u0113juma sl\u0101ni, aicinot iedz\u012bvot\u0101jus ieskat\u012bties dzi\u013c\u0101k ikdienas realit\u0101t\u0113.<\/p>\n<p>Progresa atz\u012b\u0161ana un psiholo\u0123isk\u0101 plaisa<\/p>\n<p>Eksprezidente tradicion\u0101li neizvair\u0101s no v\u0113rt\u0113juma par Latvijas att\u012bst\u012bbu. Vi\u0146a uzsv\u0113rusi, ka, objekt\u012bvi izv\u0113rt\u0113jot visus r\u0101d\u012bt\u0101jus, valsts ir sp\u0113rusi \u013coti iev\u0113rojamu progresu kop\u0161 neatkar\u012bbas atjauno\u0161anas. \u0160is progress, vi\u0146aspr\u0101t, ir fakts, par kuru ir v\u0113rts priec\u0101ties un kuru ir j\u0101saglab\u0101. Tom\u0113r, k\u0101 alla\u017e, V\u012b\u0137e-Freiberga piebilst, ka starp ofici\u0101lo statistiku un tautas uztveri past\u0101v b\u016btiska korel\u0101cijas tr\u016bkums. \u0160\u012b plaisa, k\u0101 vi\u0146a iepriek\u0161 skaidrojusi, ir da\u013c\u0113ji psiholo\u0123iska mantojuma sekas p\u0113c ilga totalit\u0101r\u0101 re\u017e\u012bma, kad ik dienas tika sludin\u0101ta iluzoriska labkl\u0101j\u012bba, bet re\u0101l\u0101 dz\u012bve atkl\u0101ja citu ainu ar negod\u012bgiem cilv\u0113kiem, alkat\u012bbu un sh\u0113m\u0101m.<\/p>\n<p>Aicin\u0101jums uz god\u012bgumu un uz\u0146\u0113m\u0113jdarb\u012bbas vides sak\u0101rto\u0161anu<\/p>\n<p>V\u0113st\u012bjum\u0101 atkal izskan\u0113jusi nepiecie\u0161am\u012bba p\u0113c sp\u0113c\u012bgas iek\u0161\u0113j\u0101s mor\u0101les un akt\u012bvas pilsonisk\u0101s l\u012bdzdal\u012bbas. Eksprezidente nor\u0101da, ka Latvij\u0101 joproj\u0101m ir neskait\u0101mi br\u012bni\u0161\u0137\u012bgi, sp\u0113j\u012bgi un god\u012bgi cilv\u0113ki, kuru potenci\u0101ls ir piln\u012bb\u0101 j\u0101izmanto. Vienlaikus tiek kritiski nov\u0113rt\u0113ta uz\u0146\u0113m\u0113jvides sak\u0101rto\u0161ana. Tiek uzsv\u0113rts, ka valsts apar\u0101tam, \u012bpa\u0161i ier\u0113dniec\u012bbai un ministrij\u0101m, ir j\u0101p\u0101rtrauc likt \u0161\u0137\u0113r\u0161\u013cus biznesa att\u012bst\u012bbai. \u0160is ir uzdevums, kas, vi\u0146aspr\u0101t, prasa nekav\u0113\u0161anos un ap\u0146\u0113m\u012bgu r\u012bc\u012bbu no atbild\u012bgaj\u0101m instit\u016bcij\u0101m. T\u0101pat, k\u0101 b\u0113rniem zem egl\u012btes ir j\u0101nov\u0113l lab\u0101kais, t\u0101 valstij ir j\u0101rada lab\u0101kie apst\u0101k\u013ci saviem akt\u012bv\u0101kajiem pilso\u0146iem.<\/p>\n<p>Sv\u0113tku gaismas un individu\u0101l\u0101 atbild\u012bba<\/p>\n<p>Ziemassv\u0113tku v\u0113st\u012bjums vienm\u0113r ir bijis saist\u012bts ar gaismu, mieru un \u0123imeniskumu. Vaira V\u012b\u0137e-Freiberga, atsaucoties uz kristiet\u012bbas pamatiem, atg\u0101dina par d\u0101vin\u0101\u0161anas, m\u012blest\u012bbas un l\u012bdzj\u016bt\u012bbas noz\u012bmi. \u0160is tum\u0161\u0101kais gada laiks, kad daba ir iesnaudusies, ir \u012bstais br\u012bdis, lai katrs ietotos sav\u0101 m\u0101jokl\u012b un p\u0101rdom\u0101tu savu apk\u0101rtni \u2013 gan fizisko, gan gar\u012bgo. B\u016btiska sv\u0113tku ideja ir atcer\u0113ties tos, kas ir vieni, vientu\u013ci vai aizmirsti. Prieks, ko rad\u0101m sev apk\u0101rt, ir tie\u0161i atkar\u012bgs no m\u016bsu pa\u0161u sp\u0113jas to izjust un sniegt. Piem\u0113ram, k\u0101 atz\u012bm\u0113ts k\u0101d\u0101 no iepriek\u0161\u0113jiem gadiem, vism\u012b\u013c\u0101kie ir tie Ziemassv\u0113tku rot\u0101jumi, ko mazas roci\u0146as veidoju\u0161as pa\u0161u m\u0101j\u0101s, nevis eleganti pirktie no veikala \u2014 tas simboliz\u0113 person\u012bg\u0101s ieguld\u012bjuma v\u0113rt\u012bbu.<\/p>\n<p>Atsauces uz iepriek\u0161\u0113jo gadu v\u0113st\u012bjumiem un aktualit\u0101tes<\/p>\n<p>Lai gan \u0161oreiz\u0113jais zi\u0146ojums koncentr\u0113jas uz \u0161odienas situ\u0101ciju, atsevi\u0161\u0137i mot\u012bvi caurvij gadu no gada Vairas V\u012b\u0137es-Freibergas run\u0101s. Piem\u0113ram, agr\u0101k vi\u0146a ir uzsv\u0113rusi, ka valsts aug un veidojas tie\u0161i no katras \u0123imenes un m\u0101jas pavarda kop\u0161anas. T\u0101pat vi\u0146a nekad nav izvair\u012bjusies no dro\u0161\u012bbas jaut\u0101jumu piemin\u0113\u0161anas, nesen izsakoties par NATO stabilit\u0101ti un cit\u0101m \u0101rpolitisk\u0101m t\u0113m\u0101m. \u0160\u012b gada uzruna, kas iek\u013cauta \u0161odienas Latvijas Radio programm\u0101 (piem\u0113ram, 25. decembr\u012b ir piemin\u0113ts raid\u012bjums par \u201craibu gadu\u201d), ir k\u0101 atg\u0101din\u0101jums par nemain\u012bgo nepiecie\u0161am\u012bbu b\u016bt modriem, bet sv\u0113tku laik\u0101 \u2013 siltiem viens pret otru. Tie\u0161i \u0161is kontrasts \u2013 stingra kritika un sirsn\u012bgs aicin\u0101jums p\u0113c sirsn\u012bbas \u2013 liek \u0161\u012b gada Vairas V\u012b\u0137es-Freibergas Ziemassv\u0113tku apsveikumam \u012bpa\u0161u noz\u012bmi.<\/p>\n","protected":false},"excerpt":{"rendered":"Otrajos Ziemassv\u0113tkos \u2013 domas raiso\u0161a Vairas V\u012b\u0137es-Freibergas uzruna \u0160odien, otrajos Ziemassv\u0113tkos, 26. decembr\u012b, Latvijas sabiedr\u012bba sa\u0146\u0113musi \u012bpa\u0161u apceres&hellip;\n","protected":false},"author":2,"featured_media":86799,"comment_status":"","ping_status":"","sticky":false,"template":"","format":"standard","meta":{"footnotes":""},"categories":[14],"tags":[23,57,28,29,32,33,22,30,31,35,39,38,36,37,34,22095,8574,40,20,22096,26,27,24,25,10308,54,55,56,22094,21,58],"class_list":{"0":"post-86798","1":"post","2":"type-post","3":"status-publish","4":"format-standard","5":"has-post-thumbnail","7":"category-zinas-no-arvalstim","8":"tag-aktualitates","9":"tag-arvalstim","10":"tag-breaking-news","11":"tag-breakingnews","12":"tag-featured-news","13":"tag-featurednews","14":"tag-headlines","15":"tag-latest-news","16":"tag-latestnews","17":"tag-latvia","18":"tag-latvian","19":"tag-latviesu","20":"tag-latviesu-valoda","21":"tag-latviesuvaloda","22":"tag-latvija","23":"tag-latvijas-progress","24":"tag-latvijas-radio","25":"tag-lv","26":"tag-news","27":"tag-otra-ziemassvetku-diena","28":"tag-popularakas-zinas","29":"tag-popularakaszinas","30":"tag-top-stories","31":"tag-topstories","32":"tag-vaira-vike-freiberga","33":"tag-world","34":"tag-world-news","35":"tag-worldnews","36":"tag-ziemassvetku-apsveikums","37":"tag-zinas","38":"tag-zinas-no-arvalstim"},"share_on_mastodon":{"url":"https:\/\/pubeurope.com\/@lv\/115786898964601562","error":""},"_links":{"self":[{"href":"https:\/\/www.europesays.com\/lv\/wp-json\/wp\/v2\/posts\/86798","targetHints":{"allow":["GET"]}}],"collection":[{"href":"https:\/\/www.europesays.com\/lv\/wp-json\/wp\/v2\/posts"}],"about":[{"href":"https:\/\/www.europesays.com\/lv\/wp-json\/wp\/v2\/types\/post"}],"author":[{"embeddable":true,"href":"https:\/\/www.europesays.com\/lv\/wp-json\/wp\/v2\/users\/2"}],"replies":[{"embeddable":true,"href":"https:\/\/www.europesays.com\/lv\/wp-json\/wp\/v2\/comments?post=86798"}],"version-history":[{"count":0,"href":"https:\/\/www.europesays.com\/lv\/wp-json\/wp\/v2\/posts\/86798\/revisions"}],"wp:featuredmedia":[{"embeddable":true,"href":"https:\/\/www.europesays.com\/lv\/wp-json\/wp\/v2\/media\/86799"}],"wp:attachment":[{"href":"https:\/\/www.europesays.com\/lv\/wp-json\/wp\/v2\/media?parent=86798"}],"wp:term":[{"taxonomy":"category","embeddable":true,"href":"https:\/\/www.europesays.com\/lv\/wp-json\/wp\/v2\/categories?post=86798"},{"taxonomy":"post_tag","embeddable":true,"href":"https:\/\/www.europesays.com\/lv\/wp-json\/wp\/v2\/tags?post=86798"}],"curies":[{"name":"wp","href":"https:\/\/api.w.org\/{rel}","templated":true}]}}