{"id":86800,"date":"2025-12-26T16:50:27","date_gmt":"2025-12-26T16:50:27","guid":{"rendered":"https:\/\/www.europesays.com\/lv\/86800\/"},"modified":"2025-12-26T16:50:27","modified_gmt":"2025-12-26T16:50:27","slug":"robezu-pastiprinati-apsargas-lidz-nakama-gada-vidum","status":"publish","type":"post","link":"https:\/\/www.europesays.com\/lv\/86800\/","title":{"rendered":"Robe\u017eu pastiprin\u0101ti apsarg\u0101s l\u012bdz n\u0101kam\u0101 gada vidum"},"content":{"rendered":"<p><a rel=\"noopener nofollow\" target=\"_blank\" href=\"https:\/\/www.delfi.lv\/temas\/35591879\/ministru-kabinets\" tag-id=\"35591879\">Ministru kabinets<\/a> l\u012bdz n\u0101kam\u0101 gada 30. j\u016bnijam pagarin\u0101ja pastiprin\u0101t\u0101 robe\u017eapsardz\u012bbas sist\u0113mas darb\u012bbas re\u017e\u012bmu, port\u0101lu &#8220;Delfi&#8221; inform\u0113ja Iek\u0161lietu ministrij\u0101 (IeM).<\/p>\n<p>Pastiprin\u0101tais robe\u017eapsardz\u012bbas sist\u0113mas darb\u012bbas re\u017e\u012bms turpin\u0101sies Ludzas novad\u0101, Kr\u0101slavas novad\u0101, Aug\u0161daugavas novad\u0101, Daugavpil\u012b un R\u0113zeknes novada Kaunatas pagast\u0101.<\/p>\n<p>R\u012bkojums izdots, lai nodro\u0161in\u0101tu valsts robe\u017eas neaizskaram\u012bbu un valsts apdraud\u0113juma nov\u0113r\u0161anu, jo arvien tiek konstat\u0113ts nesam\u0113r\u012bgi liels nelikum\u012bgu valsts robe\u017eas \u0161\u0137\u0113rso\u0161anas m\u0113\u0123in\u0101jumu skaits uz Latvijas-Baltkrievijas\u202f robe\u017eas.<\/p>\n<p>Kopum\u0101 no \u0161\u0101 gada 1. janv\u0101ra l\u012bdz 22. decembrim nov\u0113rsti 12 025 valsts robe\u017eas nelikum\u012bgas \u0161\u0137\u0113rso\u0161anas m\u0113\u0123in\u0101jumi. \u0160ogad hum\u0101nu apsv\u0113rumu d\u0113\u013c robe\u017eas \u0161\u0137\u0113rso\u0161ana at\u013cauta 31 cilv\u0113kam.<\/p>\n<p>2025. gada j\u016blij\u0101 no valsts robe\u017eas nelikum\u012bgas \u0161\u0137\u0113rso\u0161anas attur\u0113tas personas 2049 gad\u012bjumos, 2025. gada august\u0101 &#8211; 1222 gad\u012bjumos, 2025. gada septembr\u012b &#8211; 1023 gad\u012bjumos, 2025. gada oktobr\u012b &#8211; 975 gad\u012bjumos, 2025. gada novembr\u012b &#8211; 664, bet uz 2025. gada 22. decembri no valsts robe\u017eas nelikum\u012bgas \u0161\u0137\u0113rso\u0161anas attur\u0113tas personas 146 gad\u012bjumos.<\/p>\n<p>IeM secina, ka neleg\u0101l\u0101s <a rel=\"noopener nofollow\" target=\"_blank\" href=\"https:\/\/www.delfi.lv\/temas\/39439795\/imigracija\" tag-id=\"39439795\">imigr\u0101cijas<\/a> spiediens joproj\u0101m ir nemain\u012bgs un augsts. Lai gan uz Latvijas-Baltkrievijas robe\u017eas izb\u016bv\u0113tais \u017eogs kalpo k\u0101 \u0161\u0137\u0113rslis, liedzot person\u0101m nelikum\u012bgi \u0161\u0137\u0113rsot valsts robe\u017eu jebkur\u0101 viet\u0101, tom\u0113r tiek konstat\u0113ti gad\u012bjumi, kad izb\u016bv\u0113t\u0101 \u017eoga infrastrukt\u016bra tiek boj\u0101ta un personas nelikum\u012bgi m\u0113\u0123ina \u0161\u0137\u0113rsot valsts robe\u017eu. T\u0101d\u0113j\u0101di nor\u0101d\u012bto apst\u0101k\u013cu kontekst\u0101 it \u012bpa\u0161i ir b\u016btiska tehnisko l\u012bdzek\u013cu infrastrukt\u016bras izb\u016bve neleg\u0101l\u0101s imigr\u0101cijas ierobe\u017eo\u0161anai, kuru pl\u0101nots izb\u016bv\u0113t l\u012bdz 2026. gada beig\u0101m.<\/p>\n<p>T\u0101pat ir b\u016btiski nodro\u0161in\u0101t starpvalstu vienotu koordin\u0113tu r\u012bc\u012bbu attiec\u012bb\u0101 uz \u0161\u0101du nelikum\u012bgu valsts robe\u017eas \u0161\u0137\u0113rso\u0161anu, lai saglab\u0101tu l\u012bdzv\u0113rt\u012bgu visa re\u0123iona valstu robe\u017eu ar Baltkrieviju apsardz\u012bbu.<\/p>\n<p>Ar\u012b Krievijas uzs\u0101ktais un Baltkrievijas atkl\u0101ti atbalst\u012btais kar\u0161 pret Ukrainu ir v\u0113rt\u0113jams k\u0101 papildus riska apst\u0101klis un iesp\u0113jama motiv\u0101cija Baltkrievijai turpin\u0101t centienus destabiliz\u0113t situ\u0101ciju uz valsts robe\u017eas ar Latviju.<\/p>\n<p>Pastiprin\u0101tu robe\u017eapsardz\u012bbas sist\u0113mas darb\u012bbas re\u017e\u012bmu saska\u0146\u0101 ar Latvijas valsts robe\u017eas likumu izsludina uz laiku l\u012bdz se\u0161iem m\u0113ne\u0161iem ar iesp\u0113ju, ja nepiecie\u0161ams, min\u0113to termi\u0146u pagarin\u0101t l\u012bdz attiec\u012bg\u0101 apdraud\u0113juma nov\u0113r\u0161anai vai p\u0101rvar\u0113\u0161anai.<\/p>\n<p>Jau \u0161obr\u012bd <a rel=\"noopener nofollow\" target=\"_blank\" href=\"https:\/\/www.delfi.lv\/temas\/52016007\/valsts-robezsardze\" tag-id=\"52016007\">Valsts robe\u017esardze<\/a> (VRS) nodro\u0161ina nep\u0101rtrauktu austrumu robe\u017eas aizsardz\u012bbu. Ta\u010du, \u0146emot v\u0113r\u0101 pieaugo\u0161o nelikum\u012bgas robe\u017e\u0161\u0137\u0113rso\u0161anas m\u0113\u0123in\u0101jumu skaitu, Valsts policijai (VP) un Nacion\u0101lajiem bru\u0146otajiem sp\u0113kiem (NBS) ir uzdots sniegt nepiecie\u0161amo atbalstu VRS valsts \u0101r\u0113j\u0101s robe\u017eas robe\u017eapsardz\u012bbas nodro\u0161in\u0101\u0161an\u0101, lai nepie\u013cautu valsts \u0101r\u0113j\u0101s robe\u017eas nelikum\u012bgu \u0161\u0137\u0113rso\u0161anu.<\/p>\n<p>Robe\u017eu kontrole ir b\u016btiska valsts funkcija, kas Eiropas Savien\u012bbas (ES) ietvaros kalpo ne tikai dal\u012bbvalsts, bet ar\u012b attiec\u012bgi visas ES \u0101r\u0113jo robe\u017eu aizsardz\u012bbai. Turkl\u0101t par atbalst\u0101mu ir uzskat\u0101ma tikai likum\u012bga iece\u013co\u0161ana valst\u012b jeb valsts robe\u017eas \u0161\u0137\u0113rso\u0161ana tai paredz\u0113taj\u0101s viet\u0101s un k\u0101rt\u012bb\u0101.<\/p>\n<p class=\"m-0\">Seko &#8220;Delfi&#8221; ar\u012b  <a target=\"_blank\" href=\"https:\/\/www.instagram.com\/delfi.lv\/\" rel=\"nofollow noopener\">Instagram<\/a>  un <a target=\"_blank\" href=\"https:\/\/www.youtube.com\/channel\/UCw5foWtcJvAbUm64rv7jwUQ\" rel=\"nofollow noopener\">YouTube<\/a>  profil\u0101 \u2013 pievienojies, lai uzzin\u0101tu svar\u012bg\u0101ko un interesant\u0101ko pirmais!<\/p>\n<p>Publik\u0101cijas saturs vai t\u0101s jebk\u0101da apjoma da\u013ca ir aizsarg\u0101ts autorties\u012bbu objekts Autorties\u012bbu likuma izpratn\u0113, un t\u0101 izmanto\u0161ana bez izdev\u0113ja at\u013caujas ir aizliegta. Vair\u0101k lasi  <a target=\"_blank\" href=\"https:\/\/www.delfi.lv\/noteikumi#autortiesibas\" rel=\"nofollow noopener\">\u0161eit<\/a><script async src=\"\/\/www.instagram.com\/embed.js\"><\/script><\/p>\n","protected":false},"excerpt":{"rendered":"Ministru kabinets l\u012bdz n\u0101kam\u0101 gada 30. j\u016bnijam pagarin\u0101ja pastiprin\u0101t\u0101 robe\u017eapsardz\u012bbas sist\u0113mas darb\u012bbas re\u017e\u012bmu, port\u0101lu &#8220;Delfi&#8221; inform\u0113ja Iek\u0161lietu ministrij\u0101&hellip;\n","protected":false},"author":2,"featured_media":86801,"comment_status":"","ping_status":"","sticky":false,"template":"","format":"standard","meta":{"footnotes":""},"categories":[12],"tags":[23,28,29,32,33,22,9995,30,31,35,39,38,36,37,34,40,5604,20,26,27,6542,24,25,21],"class_list":{"0":"post-86800","1":"post","2":"type-post","3":"status-publish","4":"format-standard","5":"has-post-thumbnail","7":"category-latvija","8":"tag-aktualitates","9":"tag-breaking-news","10":"tag-breakingnews","11":"tag-featured-news","12":"tag-featurednews","13":"tag-headlines","14":"tag-imigracija","15":"tag-latest-news","16":"tag-latestnews","17":"tag-latvia","18":"tag-latvian","19":"tag-latviesu","20":"tag-latviesu-valoda","21":"tag-latviesuvaloda","22":"tag-latvija","23":"tag-lv","24":"tag-ministru-kabinets","25":"tag-news","26":"tag-popularakas-zinas","27":"tag-popularakaszinas","28":"tag-robezsardze","29":"tag-top-stories","30":"tag-topstories","31":"tag-zinas"},"share_on_mastodon":{"url":"https:\/\/pubeurope.com\/@lv\/115786903095993775","error":""},"_links":{"self":[{"href":"https:\/\/www.europesays.com\/lv\/wp-json\/wp\/v2\/posts\/86800","targetHints":{"allow":["GET"]}}],"collection":[{"href":"https:\/\/www.europesays.com\/lv\/wp-json\/wp\/v2\/posts"}],"about":[{"href":"https:\/\/www.europesays.com\/lv\/wp-json\/wp\/v2\/types\/post"}],"author":[{"embeddable":true,"href":"https:\/\/www.europesays.com\/lv\/wp-json\/wp\/v2\/users\/2"}],"replies":[{"embeddable":true,"href":"https:\/\/www.europesays.com\/lv\/wp-json\/wp\/v2\/comments?post=86800"}],"version-history":[{"count":0,"href":"https:\/\/www.europesays.com\/lv\/wp-json\/wp\/v2\/posts\/86800\/revisions"}],"wp:featuredmedia":[{"embeddable":true,"href":"https:\/\/www.europesays.com\/lv\/wp-json\/wp\/v2\/media\/86801"}],"wp:attachment":[{"href":"https:\/\/www.europesays.com\/lv\/wp-json\/wp\/v2\/media?parent=86800"}],"wp:term":[{"taxonomy":"category","embeddable":true,"href":"https:\/\/www.europesays.com\/lv\/wp-json\/wp\/v2\/categories?post=86800"},{"taxonomy":"post_tag","embeddable":true,"href":"https:\/\/www.europesays.com\/lv\/wp-json\/wp\/v2\/tags?post=86800"}],"curies":[{"name":"wp","href":"https:\/\/api.w.org\/{rel}","templated":true}]}}