{"id":86818,"date":"2025-12-26T17:01:05","date_gmt":"2025-12-26T17:01:05","guid":{"rendered":"https:\/\/www.europesays.com\/lv\/86818\/"},"modified":"2025-12-26T17:01:05","modified_gmt":"2025-12-26T17:01:05","slug":"izraela-pirma-atzist-no-somalijas-atskelusas-somalilendas-neatkaribu","status":"publish","type":"post","link":"https:\/\/www.europesays.com\/lv\/86818\/","title":{"rendered":"Izra\u0113la pirm\u0101 atz\u012bst no Som\u0101lijas at\u0161\u0137\u0113lu\u0161\u0101s Som\u0101lilendas neatkar\u012bbu"},"content":{"rendered":"<p>&#8220;Premjerministrs \u0161odien pazi\u0146oja par Som\u0101lilendas Republikas k\u0101 neatkar\u012bgas un suver\u0113nas valsts ofici\u0101lu atz\u012b\u0161anu,&#8221; pazi\u0146oja vi\u0146a birojs, t\u0101d\u0113j\u0101di Izra\u0113la k\u013cuva par pirmo valsti, kas ofici\u0101li atzinusi Som\u0101lilendu par valsti.\u00a0Netanjahu biroj\u0101 uzsv\u0113ra, ka Som\u0101lilendas atz\u012b\u0161ana atbilst t\u0101 d\u0113v\u0113tajiem Abrahama l\u012bgumiem. Par Abrahama l\u012bgumiem, kas tika parakst\u012bti 2020. gad\u0101, tiek d\u0113v\u0113ti l\u012bgumi par attiec\u012bbu normaliz\u0101ciju starp Izra\u0113lu un vair\u0101k\u0101m ar\u0101bu un musulma\u0146u valst\u012bm.<\/p>\n","protected":false},"excerpt":{"rendered":"&#8220;Premjerministrs \u0161odien pazi\u0146oja par Som\u0101lilendas Republikas k\u0101 neatkar\u012bgas un suver\u0113nas valsts ofici\u0101lu atz\u012b\u0161anu,&#8221; pazi\u0146oja vi\u0146a birojs, t\u0101d\u0113j\u0101di Izra\u0113la&hellip;\n","protected":false},"author":2,"featured_media":86819,"comment_status":"","ping_status":"","sticky":false,"template":"","format":"standard","meta":{"footnotes":""},"categories":[14],"tags":[23,57,28,29,32,33,22,30,31,35,39,38,36,37,34,40,20,26,27,24,25,54,55,56,21,58],"class_list":{"0":"post-86818","1":"post","2":"type-post","3":"status-publish","4":"format-standard","5":"has-post-thumbnail","7":"category-zinas-no-arvalstim","8":"tag-aktualitates","9":"tag-arvalstim","10":"tag-breaking-news","11":"tag-breakingnews","12":"tag-featured-news","13":"tag-featurednews","14":"tag-headlines","15":"tag-latest-news","16":"tag-latestnews","17":"tag-latvia","18":"tag-latvian","19":"tag-latviesu","20":"tag-latviesu-valoda","21":"tag-latviesuvaloda","22":"tag-latvija","23":"tag-lv","24":"tag-news","25":"tag-popularakas-zinas","26":"tag-popularakaszinas","27":"tag-top-stories","28":"tag-topstories","29":"tag-world","30":"tag-world-news","31":"tag-worldnews","32":"tag-zinas","33":"tag-zinas-no-arvalstim"},"share_on_mastodon":{"url":"https:\/\/pubeurope.com\/@lv\/115786945956324316","error":""},"_links":{"self":[{"href":"https:\/\/www.europesays.com\/lv\/wp-json\/wp\/v2\/posts\/86818","targetHints":{"allow":["GET"]}}],"collection":[{"href":"https:\/\/www.europesays.com\/lv\/wp-json\/wp\/v2\/posts"}],"about":[{"href":"https:\/\/www.europesays.com\/lv\/wp-json\/wp\/v2\/types\/post"}],"author":[{"embeddable":true,"href":"https:\/\/www.europesays.com\/lv\/wp-json\/wp\/v2\/users\/2"}],"replies":[{"embeddable":true,"href":"https:\/\/www.europesays.com\/lv\/wp-json\/wp\/v2\/comments?post=86818"}],"version-history":[{"count":0,"href":"https:\/\/www.europesays.com\/lv\/wp-json\/wp\/v2\/posts\/86818\/revisions"}],"wp:featuredmedia":[{"embeddable":true,"href":"https:\/\/www.europesays.com\/lv\/wp-json\/wp\/v2\/media\/86819"}],"wp:attachment":[{"href":"https:\/\/www.europesays.com\/lv\/wp-json\/wp\/v2\/media?parent=86818"}],"wp:term":[{"taxonomy":"category","embeddable":true,"href":"https:\/\/www.europesays.com\/lv\/wp-json\/wp\/v2\/categories?post=86818"},{"taxonomy":"post_tag","embeddable":true,"href":"https:\/\/www.europesays.com\/lv\/wp-json\/wp\/v2\/tags?post=86818"}],"curies":[{"name":"wp","href":"https:\/\/api.w.org\/{rel}","templated":true}]}}