{"id":86851,"date":"2025-12-26T17:25:08","date_gmt":"2025-12-26T17:25:08","guid":{"rendered":"https:\/\/www.europesays.com\/lv\/86851\/"},"modified":"2025-12-26T17:25:08","modified_gmt":"2025-12-26T17:25:08","slug":"kina-nosaka-sankcijas-asv-aizsardzibas-uznemumiem-par-ierocu-pardosanu-taivanai","status":"publish","type":"post","link":"https:\/\/www.europesays.com\/lv\/86851\/","title":{"rendered":"\u0136\u012bna nosaka sankcijas ASV aizsardz\u012bbas uz\u0146\u0113mumiem par iero\u010du p\u0101rdo\u0161anu Taiv\u0101nai"},"content":{"rendered":"<p class=\"descr\">\u0136\u012bna piektdien noteica sankcijas 20 ASV aizsardz\u012bbas nozares uz\u0146\u0113mumiem un desmit uz\u0146\u0113mumu vad\u012bt\u0101jiem, t\u0101d\u0113j\u0101di rea\u0123\u0113jot uz Va\u0161ingtonas pirms ned\u0113\u013cas pazi\u0146oto iero\u010du p\u0101rdo\u0161anu Taiv\u0101nai.<\/p>\n<p>Sankcijas paredz uz\u0146\u0113mumu akt\u012bvu iesald\u0113\u0161anu \u0136\u012bn\u0101 un aizliedz priv\u0101tus un juridiskus dar\u012bjumus ar tiem, pazi\u0146oja \u0136\u012bnas \u0100rlietu ministrija.<\/p>\n<p>Komp\u0101niju, pret kur\u0101m v\u0113rstas sankcijas, vid\u016b ir t\u0101di uz\u0146\u0113mumi k\u0101 &#8220;Northrop Grumman Systems Corporation&#8221;, &#8220;L3Harris Maritime Services&#8221; un &#8220;Boeing&#8221; Sentluis\u0101.<\/p>\n<p>Starp uz\u0146\u0113mumu vad\u012bt\u0101jiem, kuriem aizliegti dar\u012bjumi un iebrauk\u0161ana \u0136\u012bn\u0101 ir &#8220;Anduril Industries&#8221; dibin\u0101t\u0101js Palmets Lakijs. \u0136\u012bna ar\u012b iesald\u0113jusi sankcij\u0101m pak\u013cauto uz\u0146\u0113m\u0113ju akt\u012bvus.<\/p>\n<p>ASV prezidenta Donalda Trampa administr\u0101cijas pazi\u0146ojumu par ASV iero\u010du p\u0101rdo\u0161anas paketi, kuras v\u0113rt\u012bba p\u0101rsniedz desmit miljardus ASV dol\u0101ru, \u0136\u012bna nosod\u012bja, jo uzskata Taiv\u0101nu par savu un apgalvo, ka Taiv\u0101nai j\u0101non\u0101k t\u0101s kontrol\u0113.<\/p>\n<p>Ja bru\u0146ojuma dar\u012bjumu apstiprin\u0101s ASV Kongress, tas b\u016bs l\u012bdz \u0161im liel\u0101k\u0101 ASV iero\u010du pakete Taiv\u0101nai.<\/p>\n<p>&#8220;M\u0113s v\u0113lreiz uzsveram, ka Taiv\u0101nas jaut\u0101jums ir \u0136\u012bnas pamatintere\u0161u kodols un pirm\u0101 sarkan\u0101 l\u012bnija, ko nedr\u012bkst p\u0101rk\u0101pt \u0136\u012bnas un ASV attiec\u012bb\u0101s,&#8221; piektdien uzsv\u0113ra \u0136\u012bnas \u0100rlietu ministrija. &#8220;Jebkur\u0161 uz\u0146\u0113mums vai priv\u0101tpersona, kas iesaist\u012bsies iero\u010du p\u0101rdo\u0161an\u0101 Taiv\u0101nai, maks\u0101s par p\u0101rk\u0101pumu,&#8221; piebilsts ministrijas pazi\u0146ojum\u0101.<\/p>\n<p>Ministrija ar\u012b aicin\u0101ja ASV p\u0101rtraukt to, ko t\u0101 d\u0113v\u0113 par &#8220;b\u012bstamu Taiv\u0101nas apbru\u0146o\u0161anu&#8221;.<\/p>\n<p>Taiv\u0101na ir viens no galvenajiem ASV un <a href=\"https:\/\/nra.lv\/pasaule\/503938-asv-un-kinas-tirdzniecibas-kars-eksperts-kinas-ieviesto-retzemju-metalu-eksporta-kontroli-pielidzina-kodolkaram.htm\" data-item-link=\"true\" data-item-id=\"503938\" rel=\"nofollow noopener\" target=\"_blank\">\u0136\u012bnas attiec\u012bbu str\u012bdus punktiem<\/a>, un anal\u012bti\u0137i ba\u017e\u012bjas, ka tas var\u0113tu p\u0101raugt milit\u0101r\u0101 konflikt\u0101 starp ab\u0101m lielvar\u0101m. \u0136\u012bna apgalvo, ka ASV iero\u010du p\u0101rdo\u0161ana Taiv\u0101nai b\u016btu pretrun\u0101 diplom\u0101tiskajiem l\u012bgumiem starp Pekinu un Va\u0161ingtonu.<\/p>\n<p>\u0136\u012bnas milit\u0101rie sp\u0113ki p\u0113d\u0113jos gados ir palielin\u0101ju\u0161i savu kl\u0101tb\u016btni Taiv\u0101nas debes\u012bs un \u016bde\u0146os, gandr\u012bz katru dienu net\u0101lu no salas r\u012bkojot kop\u012bgus vingrin\u0101jumus ar saviem karaku\u0123iem un izn\u012bcin\u0101t\u0101jiem.<\/p>\n<p>Feder\u0101lais likums noteic, ka ASV ir pien\u0101kums pal\u012bdz\u0113t Taiv\u0101nai t\u0101s pa\u0161aizsardz\u012bb\u0101, un \u0161is jaut\u0101jums ir k\u013cuvis arvien str\u012bd\u012bg\u0101ks attiec\u012bb\u0101s ar \u0136\u012bnu. Pekinai jau ir sasp\u012bl\u0113tas attiec\u012bbas ar Va\u0161ingtonu tirdzniec\u012bbas, tehnolo\u0123iju un cilv\u0113kties\u012bbu jaut\u0101jumu d\u0113\u013c.<\/p>\n<p>\t\t\t\t\t\tinfo<\/p>\n<p>Uzzini pirmais<br \/>kas interesants noticis Latvij\u0101 un pasaul\u0113,<br \/>pievienojoties mums <a href=\"https:\/\/t.me\/neatkariga\" rel=\"nofollow\">Telegram<\/a> vai <a href=\"https:\/\/whatsapp.com\/channel\/0029VaMLFUH5K3zLU5s4wm3y\" rel=\"nofollow noopener\" target=\"_blank\">Whatsapp<\/a> kan\u0101l\u0101<\/p>\n","protected":false},"excerpt":{"rendered":"\u0136\u012bna piektdien noteica sankcijas 20 ASV aizsardz\u012bbas nozares uz\u0146\u0113mumiem un desmit uz\u0146\u0113mumu vad\u012bt\u0101jiem, t\u0101d\u0113j\u0101di rea\u0123\u0113jot uz Va\u0161ingtonas pirms&hellip;\n","protected":false},"author":2,"featured_media":86852,"comment_status":"","ping_status":"","sticky":false,"template":"","format":"standard","meta":{"footnotes":""},"categories":[14],"tags":[23,57,28,29,32,33,22,30,31,35,39,38,36,37,34,40,20,26,27,24,25,54,55,56,21,58],"class_list":{"0":"post-86851","1":"post","2":"type-post","3":"status-publish","4":"format-standard","5":"has-post-thumbnail","7":"category-zinas-no-arvalstim","8":"tag-aktualitates","9":"tag-arvalstim","10":"tag-breaking-news","11":"tag-breakingnews","12":"tag-featured-news","13":"tag-featurednews","14":"tag-headlines","15":"tag-latest-news","16":"tag-latestnews","17":"tag-latvia","18":"tag-latvian","19":"tag-latviesu","20":"tag-latviesu-valoda","21":"tag-latviesuvaloda","22":"tag-latvija","23":"tag-lv","24":"tag-news","25":"tag-popularakas-zinas","26":"tag-popularakaszinas","27":"tag-top-stories","28":"tag-topstories","29":"tag-world","30":"tag-world-news","31":"tag-worldnews","32":"tag-zinas","33":"tag-zinas-no-arvalstim"},"share_on_mastodon":{"url":"https:\/\/pubeurope.com\/@lv\/115787040305339405","error":""},"_links":{"self":[{"href":"https:\/\/www.europesays.com\/lv\/wp-json\/wp\/v2\/posts\/86851","targetHints":{"allow":["GET"]}}],"collection":[{"href":"https:\/\/www.europesays.com\/lv\/wp-json\/wp\/v2\/posts"}],"about":[{"href":"https:\/\/www.europesays.com\/lv\/wp-json\/wp\/v2\/types\/post"}],"author":[{"embeddable":true,"href":"https:\/\/www.europesays.com\/lv\/wp-json\/wp\/v2\/users\/2"}],"replies":[{"embeddable":true,"href":"https:\/\/www.europesays.com\/lv\/wp-json\/wp\/v2\/comments?post=86851"}],"version-history":[{"count":0,"href":"https:\/\/www.europesays.com\/lv\/wp-json\/wp\/v2\/posts\/86851\/revisions"}],"wp:featuredmedia":[{"embeddable":true,"href":"https:\/\/www.europesays.com\/lv\/wp-json\/wp\/v2\/media\/86852"}],"wp:attachment":[{"href":"https:\/\/www.europesays.com\/lv\/wp-json\/wp\/v2\/media?parent=86851"}],"wp:term":[{"taxonomy":"category","embeddable":true,"href":"https:\/\/www.europesays.com\/lv\/wp-json\/wp\/v2\/categories?post=86851"},{"taxonomy":"post_tag","embeddable":true,"href":"https:\/\/www.europesays.com\/lv\/wp-json\/wp\/v2\/tags?post=86851"}],"curies":[{"name":"wp","href":"https:\/\/api.w.org\/{rel}","templated":true}]}}