{"id":86914,"date":"2025-12-26T18:43:08","date_gmt":"2025-12-26T18:43:08","guid":{"rendered":"https:\/\/www.europesays.com\/lv\/86914\/"},"modified":"2025-12-26T18:43:08","modified_gmt":"2025-12-26T18:43:08","slug":"afrikas-naciju-kausa-izcina-veiksmigu-startu-piedzivo-nigerija-un-tunisija-lente-lv","status":"publish","type":"post","link":"https:\/\/www.europesays.com\/lv\/86914\/","title":{"rendered":"\u0100frikas N\u0101ciju kausa izc\u012b\u0146\u0101 veiksm\u012bgu startu piedz\u012bvo Nig\u0113rija un Tunisija\u00a0\u2014\u00a0Lente.lv"},"content":{"rendered":"<p>Favor\u012btes uzs\u0101k ar uzvar\u0101m<\/p>\n<p>\u0100frikas N\u0101ciju kausa fin\u0101lturn\u012br\u0101, kas norisin\u0101s Marok\u0101, ar p\u0101rliecino\u0161\u0101m uzvar\u0101m savus sniegumus s\u0101ku\u0161as C apak\u0161grupas galven\u0101s favor\u012btes \u2013 Nig\u0113rija un Tunisija. Abas komandas apliecin\u0101ja savu statusu, izc\u012bnot svar\u012bgus punktus pret sav\u0101m pretiniec\u0113m.<\/p>\n<p>Nig\u0113rijas uzvara pret Tanz\u0101niju<\/p>\n<p>Nig\u0113rijas izlase, viena no kontinenta futbola lielvalst\u012bm, sav\u0101 pirmaj\u0101 sp\u0113l\u0113 tik\u0101s ar Tanz\u0101niju. Ma\u010ds nosl\u0113dz\u0101s ar rezult\u0101tu 2:1 par labu Nig\u0113rijai, kas apliecina komandas sp\u0113ku un gatav\u012bbu c\u012bn\u012bties par augst\u0101kaj\u0101m viet\u0101m turn\u012br\u0101. Lai gan rezult\u0101ts nebija graujo\u0161s, Nig\u0113rija demonstr\u0113ja savu pieredzi un sp\u0113ja g\u016bt uzvaru, kas ir \u013coti svar\u012bgi grupu turn\u012bra s\u0101kum\u0101.<\/p>\n<p>Tunisija p\u0101rsp\u0113j Ugandu<\/p>\n<p>Ar\u012b Tunisijas komanda veiksm\u012bgi uzs\u0101ka dal\u012bbu \u0100frikas N\u0101ciju kaus\u0101, sav\u0101 pirmaj\u0101 sp\u0113l\u0113 pieveicot Ugandu ar 3:1. \u0160is rezult\u0101ts par\u0101da Tunisijas sp\u0113ku un amb\u012bcijas turn\u012br\u0101. Uzvara ar p\u0101rliecino\u0161u p\u0101rsvaru dos komandai papildu p\u0101rliec\u012bbu turpm\u0101kaj\u0101m sp\u0113l\u0113m.<\/p>\n<p>Grupu turn\u012bra perspekt\u012bvas<\/p>\n<p>\u0160\u012bs divas uzvaras nostiprina Nig\u0113rijas un Tunisijas poz\u012bcijas C apak\u0161grup\u0101, padarot t\u0101s par re\u0101l\u0101m pretendents uz izsl\u0113g\u0161anas sp\u0113\u013cu f\u0101zi. Abi grandi apliecin\u0101ja savu favor\u012btu statusu un gatav\u012bbu c\u012bn\u012bties par \u0100frikas futbola presti\u017e\u0101ko trofeju. Turpm\u0101k\u0101s sp\u0113les grup\u0101 sol\u0101s b\u016bt interesantas, jo ar\u012b p\u0101r\u0113j\u0101m komand\u0101m b\u016bs iesp\u0113ja demonstr\u0113t savu sniegumu un pretend\u0113t uz punktiem.<\/p>\n","protected":false},"excerpt":{"rendered":"Favor\u012btes uzs\u0101k ar uzvar\u0101m \u0100frikas N\u0101ciju kausa fin\u0101lturn\u012br\u0101, kas norisin\u0101s Marok\u0101, ar p\u0101rliecino\u0161\u0101m uzvar\u0101m savus sniegumus s\u0101ku\u0161as C&hellip;\n","protected":false},"author":2,"featured_media":86915,"comment_status":"","ping_status":"","sticky":false,"template":"","format":"standard","meta":{"footnotes":""},"categories":[17],"tags":[20628,21022,35,39,38,36,37,34,40,21019,8752,67,22137],"class_list":{"0":"post-86914","1":"post","2":"type-post","3":"status-publish","4":"format-standard","5":"has-post-thumbnail","7":"category-sports","8":"tag-afrikas-naciju-kauss","9":"tag-futbola-turnirs","10":"tag-latvia","11":"tag-latvian","12":"tag-latviesu","13":"tag-latviesu-valoda","14":"tag-latviesuvaloda","15":"tag-latvija","16":"tag-lv","17":"tag-maroka","18":"tag-nigerija","19":"tag-sports","20":"tag-tunisija"},"share_on_mastodon":{"url":"https:\/\/pubeurope.com\/@lv\/115787346954018170","error":""},"_links":{"self":[{"href":"https:\/\/www.europesays.com\/lv\/wp-json\/wp\/v2\/posts\/86914","targetHints":{"allow":["GET"]}}],"collection":[{"href":"https:\/\/www.europesays.com\/lv\/wp-json\/wp\/v2\/posts"}],"about":[{"href":"https:\/\/www.europesays.com\/lv\/wp-json\/wp\/v2\/types\/post"}],"author":[{"embeddable":true,"href":"https:\/\/www.europesays.com\/lv\/wp-json\/wp\/v2\/users\/2"}],"replies":[{"embeddable":true,"href":"https:\/\/www.europesays.com\/lv\/wp-json\/wp\/v2\/comments?post=86914"}],"version-history":[{"count":0,"href":"https:\/\/www.europesays.com\/lv\/wp-json\/wp\/v2\/posts\/86914\/revisions"}],"wp:featuredmedia":[{"embeddable":true,"href":"https:\/\/www.europesays.com\/lv\/wp-json\/wp\/v2\/media\/86915"}],"wp:attachment":[{"href":"https:\/\/www.europesays.com\/lv\/wp-json\/wp\/v2\/media?parent=86914"}],"wp:term":[{"taxonomy":"category","embeddable":true,"href":"https:\/\/www.europesays.com\/lv\/wp-json\/wp\/v2\/categories?post=86914"},{"taxonomy":"post_tag","embeddable":true,"href":"https:\/\/www.europesays.com\/lv\/wp-json\/wp\/v2\/tags?post=86914"}],"curies":[{"name":"wp","href":"https:\/\/api.w.org\/{rel}","templated":true}]}}