{"id":86989,"date":"2025-12-26T20:16:08","date_gmt":"2025-12-26T20:16:08","guid":{"rendered":"https:\/\/www.europesays.com\/lv\/86989\/"},"modified":"2025-12-26T20:16:08","modified_gmt":"2025-12-26T20:16:08","slug":"nakamgad-plano-istenot-pilotprojektu-senioru-skolu-atbalstam","status":"publish","type":"post","link":"https:\/\/www.europesays.com\/lv\/86989\/","title":{"rendered":"N\u0101kamgad pl\u0101no \u012bstenot pilotprojektu senioru skolu atbalstam"},"content":{"rendered":"<p>\u0160\u0101ds l\u0113mums seko pozit\u012bvai pieredzei, ko guvusi LSKA, R\u012bg\u0101 jau tre\u0161o m\u0101c\u012bbu gadu \u012bstenojot projektu &#8220;Senioru skola R\u012bg\u0101&#8221;. Pilotprojekta m\u0113r\u0137is ir uzlabot senioru dz\u012bves kvalit\u0101ti, veicinot m\u016b\u017eizgl\u012bt\u012bbu, soci\u0101lo aktivit\u0101ti un l\u012bdzdal\u012bbu sabiedr\u012bb\u0101.<\/p>\n<p>&#8220;Senioru skola R\u012bg\u0101&#8221; \u0161aj\u0101 m\u0101c\u012bbu gad\u0101 pulc\u0113jusi ap 60 dal\u012bbnieku, pied\u0101v\u0101jot daudzveid\u012bgas lekcijas un praktiskas nodarb\u012bbas par vesel\u012bbu, soci\u0101lo dro\u0161\u012bbu, pensiju jaut\u0101jumiem, digit\u0101laj\u0101m prasm\u0113m, kiberdro\u0161\u012bbu un kr\u0101p\u0161anas riskiem. <a href=\"https:\/\/www.apollo.lv\/term\/566224\/seniori\" class=\"topicLink\" target=\"_blank\" rel=\"nofollow noopener\">Seniori<\/a> var\u0113ja tikties ar valsts un pa\u0161vald\u012bbu p\u0101rst\u0101vjiem, politi\u0137iem, akad\u0113misk\u0101 un nevalstisk\u0101 sektora ekspertiem, uzdot sev aktu\u0101lus jaut\u0101jumus un iesaist\u012bties diskusij\u0101s.<\/p>\n<p>Papildus m\u0101c\u012bb\u0101m nodro\u0161in\u0101tas bezmaksas inform\u0101cijas tehnolo\u0123iju konsult\u0101cijas, r\u012bkotas ekskursijas uz Latvijas kult\u016brv\u0113sturisk\u0101m viet\u0101m un meistarklases, k\u0101 ar\u012b kop\u012bgi pas\u0101kumi ar Ukrainas iedz\u012bvot\u0101jiem, veicinot savstarp\u0113ju integr\u0101ciju.<\/p>\n<p>Augst\u0101 apmekl\u0113t\u012bba, LSKA v\u0113rt\u0113jum\u0101, liecina par senioru interesi apg\u016bt jaunas zin\u0101\u0161anas un akt\u012bvi piedal\u012bties sabiedriskaj\u0101 dz\u012bv\u0113.<\/p>\n<p>Apvien\u012bbas pieredze \u0146emta v\u0113r\u0101 ar\u012b Tre\u0161\u0101s paaudzes universit\u0101\u0161u jeb U3A t\u012bkla att\u012bst\u012bb\u0101 Latvij\u0101. \u0160\u012bs iniciat\u012bvas rezult\u0101t\u0101 radusies iecere par valsts l\u012bme\u0146a pilotprojektu senioru skol\u0101m, ko pl\u0101nots \u012bstenot sadarb\u012bb\u0101 ar Labkl\u0101j\u012bbas ministriju.<\/p>\n<p>Projektu &#8220;Latvijas akt\u012bvie seniori&#8221;, kura laik\u0101 darbojas &#8220;Senioru skola R\u012bg\u0101&#8221;, finansi\u0101li atbalsta Sabiedr\u012bbas integr\u0101cijas fonds no valsts bud\u017eeta l\u012bdzek\u013ciem. Projekta \u012bsteno\u0161ana paredz\u0113ta l\u012bdz 2026. gada oktobrim.<\/p>\n","protected":false},"excerpt":{"rendered":"\u0160\u0101ds l\u0113mums seko pozit\u012bvai pieredzei, ko guvusi LSKA, R\u012bg\u0101 jau tre\u0161o m\u0101c\u012bbu gadu \u012bstenojot projektu &#8220;Senioru skola R\u012bg\u0101&#8221;.&hellip;\n","protected":false},"author":2,"featured_media":86990,"comment_status":"","ping_status":"","sticky":false,"template":"","format":"standard","meta":{"footnotes":""},"categories":[12],"tags":[23,28,29,32,33,22,336,30,31,35,39,38,36,37,34,40,20,26,27,6457,22153,24,25,21],"class_list":{"0":"post-86989","1":"post","2":"type-post","3":"status-publish","4":"format-standard","5":"has-post-thumbnail","7":"category-latvija","8":"tag-aktualitates","9":"tag-breaking-news","10":"tag-breakingnews","11":"tag-featured-news","12":"tag-featurednews","13":"tag-headlines","14":"tag-izglitiba","15":"tag-latest-news","16":"tag-latestnews","17":"tag-latvia","18":"tag-latvian","19":"tag-latviesu","20":"tag-latviesu-valoda","21":"tag-latviesuvaloda","22":"tag-latvija","23":"tag-lv","24":"tag-news","25":"tag-popularakas-zinas","26":"tag-popularakaszinas","27":"tag-seniori","28":"tag-seniors","29":"tag-top-stories","30":"tag-topstories","31":"tag-zinas"},"share_on_mastodon":{"url":"https:\/\/pubeurope.com\/@lv\/115787712663480726","error":""},"_links":{"self":[{"href":"https:\/\/www.europesays.com\/lv\/wp-json\/wp\/v2\/posts\/86989","targetHints":{"allow":["GET"]}}],"collection":[{"href":"https:\/\/www.europesays.com\/lv\/wp-json\/wp\/v2\/posts"}],"about":[{"href":"https:\/\/www.europesays.com\/lv\/wp-json\/wp\/v2\/types\/post"}],"author":[{"embeddable":true,"href":"https:\/\/www.europesays.com\/lv\/wp-json\/wp\/v2\/users\/2"}],"replies":[{"embeddable":true,"href":"https:\/\/www.europesays.com\/lv\/wp-json\/wp\/v2\/comments?post=86989"}],"version-history":[{"count":0,"href":"https:\/\/www.europesays.com\/lv\/wp-json\/wp\/v2\/posts\/86989\/revisions"}],"wp:featuredmedia":[{"embeddable":true,"href":"https:\/\/www.europesays.com\/lv\/wp-json\/wp\/v2\/media\/86990"}],"wp:attachment":[{"href":"https:\/\/www.europesays.com\/lv\/wp-json\/wp\/v2\/media?parent=86989"}],"wp:term":[{"taxonomy":"category","embeddable":true,"href":"https:\/\/www.europesays.com\/lv\/wp-json\/wp\/v2\/categories?post=86989"},{"taxonomy":"post_tag","embeddable":true,"href":"https:\/\/www.europesays.com\/lv\/wp-json\/wp\/v2\/tags?post=86989"}],"curies":[{"name":"wp","href":"https:\/\/api.w.org\/{rel}","templated":true}]}}