{"id":87026,"date":"2025-12-26T21:30:14","date_gmt":"2025-12-26T21:30:14","guid":{"rendered":"https:\/\/www.europesays.com\/lv\/87026\/"},"modified":"2025-12-26T21:30:14","modified_gmt":"2025-12-26T21:30:14","slug":"zinas-vieglaja-valoda-26-decembri-raksts","status":"publish","type":"post","link":"https:\/\/www.europesays.com\/lv\/87026\/","title":{"rendered":"Zi\u0146as vieglaj\u0101 valod\u0101 26. decembr\u012b \/ Raksts"},"content":{"rendered":"<p>Zi\u0146as vieglaj\u0101 valod\u0101 26. decembr\u012b.\u00a0<\/p>\n<p>Zi\u0146as vieglaj\u0101 valod\u0101 26. decembr\u012b<\/p>\n<p>Zelenskis tiksies ar Trampu<\/p>\n<p>            <img decoding=\"async\" src=\"https:\/\/www.europesays.com\/lv\/wp-content\/uploads\/2025\/12\/scp2.jpg\" alt=\"Ukrainas prezidents Volodimirs Zelenskis\"\/><\/p>\n<p>Ukrainas prezidents Volodimirs Zelenskis<\/p>\n<p>Foto: AFP, REMKO DE WAAL<\/p>\n<\/p>\n<p>Ukrainas prezidents Volodimirs Zelenskis sv\u0113tdien tiksies ar ASV prezidentu Donaldu Trampu.<\/p>\n<p>Tik\u0161an\u0101s notiks Trampa rezidenc\u0113 Florid\u0101.<\/p>\n<p>Zelenskis nor\u0101d\u012bja, ka sarun\u0101s v\u0113lreiz tiks apspriests Ukrainas un ASV izstr\u0101d\u0101tais 20 punktu pl\u0101ns miera pan\u0101k\u0161anai.<\/p>\n<p>\u0160\u0101ds pl\u0101ns ir nos\u016bt\u012bts ar\u012b Krievijai.<\/p>\n<p>Pagaid\u0101m Krievija nav paudusi savu nost\u0101ju par pl\u0101nu.<\/p>\n<p>Krievija ap\u0161auda Harkivu\u00a0<\/p>\n<p>Krievijas aviobumbu triecien\u0101 Harkivai \u0161odien nogalin\u0101ti divi un ievainoti asto\u0146i cilv\u0113ki.<\/p>\n<p>Krievijas sp\u0113ki tr\u0101p\u012bja \u0161osejai un vair\u0101kas automa\u0161\u012bnas p\u0113c trieciena aizdeg\u0101s.<\/p>\n<p>Post\u012bjumi nodar\u012bti ar\u012b tuv\u0113j\u0101m m\u0101j\u0101m.<\/p>\n<p>Rum\u0101nija pace\u013c gais\u0101 izn\u012bcin\u0101t\u0101jus\u00a0<\/p>\n<p>Aizvad\u012btaj\u0101 nakt\u012b Rum\u0101nija pac\u0113la izn\u012bcin\u0101t\u0101jus F-16, lai uzraudz\u012btu situ\u0101ciju gaisa telp\u0101 pie robe\u017eas ar Ukrainu.<\/p>\n<p>Tas notika laik\u0101, kad Krievija ar droniem uzbruka Odesas apgabalam.<\/p>\n<p>Krievijas droni nep\u0101rk\u0101pa Rum\u0101nijas gaisa telpu.\u00a0<\/p>\n<p>R\u0113zeknes novad\u0101 tra\u0123isks ugunsgr\u0113ks\u00a0<\/p>\n<p>Ugunsdz\u0113s\u0113ji zi\u0146o, ka Pirmajos Ziemassv\u0113tkos vakar R\u0113zeknes novad\u0101 bija tra\u0123isks ugunsgr\u0113ks, kur\u0101 boj\u0101 g\u0101ja divi cilv\u0113ki.<\/p>\n<p>Ar\u012b \u0161odien ugunsdz\u0113s\u0113ji sa\u0146\u0113ma vair\u0101kus izsaukumus.<\/p>\n<p>Ugunsdz\u0113s\u0113ji aicina cilv\u0113kus b\u016bt \u013coti uzman\u012bgiem, lietojot atkl\u0101tu uguni, kurinot kr\u0101sni vai darbinot elektroier\u012bces, jo nepareiza r\u012bc\u012bba vai neuzman\u012bba var izrais\u012bt tra\u0123iskus ugunsgr\u0113kus.\u00a0<\/p>\n<p>Policija zi\u0146o, ka \u0161ogad Ziemassv\u0113tko satiksmes negad\u012bjumos nav miru\u0161o un no\u0137erts maz\u0101ks dz\u0113r\u0101j\u0161oferu skaits.<\/p>\n<p>Ar\u012b Neatliekam\u0101s medic\u012bnisk\u0101s pal\u012bdz\u012bbas dienests saka, ka aizvad\u012bt\u0101s dienas biju\u0161as sal\u012bdzino\u0161i mier\u012bgas.<\/p>\n<p>Ned\u0113\u013cas izska\u0146\u0101 gaid\u0101ms stiprs v\u0113j\u0161<\/p>\n<p>Sinopti\u0137i izsludin\u0101ju\u0161i oran\u017eo br\u012bdin\u0101jumu par stipru v\u0113ju sestdien un sv\u0113tdien.<\/p>\n<p>Br\u012bdin\u0101jums b\u016bs sp\u0113k\u0101 no r\u012btdienas 11\u00a0dien\u0101 l\u012bdz sv\u0113tdienas \u010detriem p\u0113cpusdien\u0101.<\/p>\n<p>R\u012bt dienas vid\u016b zieme\u013cu puses v\u0113j\u0161 br\u0101zm\u0101s pastiprin\u0101sies l\u012bdz 20\u201322 metriem sekund\u0113.<\/p>\n<p>Vakar\u0101 piekrastes rajonos v\u0113ja br\u0101zmas sasniegs pat 25\u201328 metrus sekund\u0113.<\/p>\n<p>V\u0113j\u0161 pak\u0101peniski s\u0101ks pierimt sv\u0113tdien p\u0113cpusdien\u0101.<\/p>\n<p>Atlasa pretendentus kult\u016bras balvai &#8220;Bo\u0146uks&#8221;<\/p>\n<p>Izsludin\u0101ta pretendentu pieteik\u0161ana Latgalie\u0161u kult\u016bras gada balvai &#8220;Bo\u0146uks 2025&#8221;.<\/p>\n<p>Balvai var pieteikt da\u017e\u0101dus Latgalie\u0161u kult\u016bras darbus un notikumus, un cilv\u0113kus, kuri att\u012bst\u012bju\u0161i vai rad\u012bju\u0161i ko jaunu.<\/p>\n<p>S\u0101kas U20 \u010dempion\u0101ts hokej\u0101<\/p>\n<p>\u0160ovakar s\u0101cies pasaules U20 \u010dempion\u0101ts hokej\u0101.<\/p>\n<p>Tas notie Amerikas Savienoto Valstu pils\u0113t\u0101 Seinpol\u0101.<\/p>\n<p>Latvijas U20 izlase pasaules \u010dempion\u0101tu s\u0101ks r\u012btvakar ar sp\u0113li pret Kan\u0101du.<\/p>\n<p>Laika zi\u0146as<\/p>\n<p>Nakt\u012b da\u017eviet austrumos gaid\u0101ms neliels lietus un slapj\u0161 sniegs.<\/p>\n<p>P\u016bt\u012bs m\u0113rens rietumu, zieme\u013crietumu v\u0113j\u0161.<\/p>\n<p>Gaisa temperat\u016bra valsts rietumos b\u016bs 3&#8230;6 gr\u0101di, austrumos -1\u20262 gr\u0101di.<\/p>\n<p>R\u012bt dien\u0101 daudzviet Latvij\u0101 gaid\u0101mi nokri\u0161\u0146i \u2013 lietus, slapj\u0161 sniegs un austrumos ar\u012b sniegs.<\/p>\n<p>P\u016bt\u012bs stiprs un br\u0101zmains zieme\u013crietumu, rietumu v\u0113j\u0161.<\/p>\n<p>Gaisa temperat\u016bra b\u016bs 2&#8230;6 gr\u0101di.<\/p>\n<p>                    Valodas k\u013c\u016bda rakst\u0101?<\/p>\n<p class=\"d-none d-md-block\">Iez\u012bm\u0113jiet tekstu un spiediet Ctrl+Enter, lai nos\u016bt\u012btu labojamo teksta fragmentu redaktoram! Par faktu k\u013c\u016bd\u0101m l\u016bdzam zi\u0146ot e-past\u0101 <a href=\"https:\/\/www.lsm.lv\/cdn-cgi\/l\/email-protection\" class=\"__cf_email__\" data-cfemail=\"30425554515b53595a51705c435d1e5c46\" rel=\"nofollow noopener\" target=\"_blank\">[email\u00a0protected]<\/a>.<\/p>\n<p class=\"d-md-none\">Iez\u012bm\u0113jiet tekstu un spiediet uz Zi\u0146ot par k\u013c\u016bdu pogas, lai nos\u016bt\u012btu labojamo teksta fragmentu redaktoram!<\/p>\n<p>\n                    Zi\u0146ot par k\u013c\u016bdu\n                <\/p>\n","protected":false},"excerpt":{"rendered":"Zi\u0146as vieglaj\u0101 valod\u0101 26. decembr\u012b.\u00a0 Zi\u0146as vieglaj\u0101 valod\u0101 26. decembr\u012b Zelenskis tiksies ar Trampu Ukrainas prezidents Volodimirs Zelenskis&hellip;\n","protected":false},"author":2,"featured_media":6849,"comment_status":"","ping_status":"","sticky":false,"template":"","format":"standard","meta":{"footnotes":""},"categories":[5],"tags":[23,28,29,32,33,22,30,31,35,39,38,36,37,34,40,20,26,27,24,25,21],"class_list":{"0":"post-87026","1":"post","2":"type-post","3":"status-publish","4":"format-standard","5":"has-post-thumbnail","7":"category-aktualitates","8":"tag-aktualitates","9":"tag-breaking-news","10":"tag-breakingnews","11":"tag-featured-news","12":"tag-featurednews","13":"tag-headlines","14":"tag-latest-news","15":"tag-latestnews","16":"tag-latvia","17":"tag-latvian","18":"tag-latviesu","19":"tag-latviesu-valoda","20":"tag-latviesuvaloda","21":"tag-latvija","22":"tag-lv","23":"tag-news","24":"tag-popularakas-zinas","25":"tag-popularakaszinas","26":"tag-top-stories","27":"tag-topstories","28":"tag-zinas"},"share_on_mastodon":{"url":"https:\/\/pubeurope.com\/@lv\/115788003731341297","error":""},"_links":{"self":[{"href":"https:\/\/www.europesays.com\/lv\/wp-json\/wp\/v2\/posts\/87026","targetHints":{"allow":["GET"]}}],"collection":[{"href":"https:\/\/www.europesays.com\/lv\/wp-json\/wp\/v2\/posts"}],"about":[{"href":"https:\/\/www.europesays.com\/lv\/wp-json\/wp\/v2\/types\/post"}],"author":[{"embeddable":true,"href":"https:\/\/www.europesays.com\/lv\/wp-json\/wp\/v2\/users\/2"}],"replies":[{"embeddable":true,"href":"https:\/\/www.europesays.com\/lv\/wp-json\/wp\/v2\/comments?post=87026"}],"version-history":[{"count":0,"href":"https:\/\/www.europesays.com\/lv\/wp-json\/wp\/v2\/posts\/87026\/revisions"}],"wp:featuredmedia":[{"embeddable":true,"href":"https:\/\/www.europesays.com\/lv\/wp-json\/wp\/v2\/media\/6849"}],"wp:attachment":[{"href":"https:\/\/www.europesays.com\/lv\/wp-json\/wp\/v2\/media?parent=87026"}],"wp:term":[{"taxonomy":"category","embeddable":true,"href":"https:\/\/www.europesays.com\/lv\/wp-json\/wp\/v2\/categories?post=87026"},{"taxonomy":"post_tag","embeddable":true,"href":"https:\/\/www.europesays.com\/lv\/wp-json\/wp\/v2\/tags?post=87026"}],"curies":[{"name":"wp","href":"https:\/\/api.w.org\/{rel}","templated":true}]}}