{"id":87027,"date":"2025-12-26T21:32:18","date_gmt":"2025-12-26T21:32:18","guid":{"rendered":"https:\/\/www.europesays.com\/lv\/87027\/"},"modified":"2025-12-26T21:32:18","modified_gmt":"2025-12-26T21:32:18","slug":"janvara-vidu-noteikti-jau-jaspele-raksts","status":"publish","type":"post","link":"https:\/\/www.europesays.com\/lv\/87027\/","title":{"rendered":"Janv\u0101ra vid\u016b noteikti jau j\u0101sp\u0113l\u0113 \/ Raksts"},"content":{"rendered":"<p>Latvijas hokeja valstsvien\u012bbas aizsargs Kristi\u0101ns Rub\u012bns smagu rokas savainojumu guva \u010cehijas ekstral\u012bgas <a href=\"https:\/\/www.lsm.lv\/raksts\/sports\/hokejs\/22.09.2025-izlases-aizsargam-rubinam-nepieciesama-operacija-un-bez-hokeja-japavada-vairaki-menesi.a615339\/?utm_source=lsm&amp;utm_medium=article-bottom&amp;utm_campaign=article\" rel=\"nofollow noopener\" target=\"_blank\">jaun\u0101s sezonas priek\u0161vakar\u0101<\/a>, un \u0137irurgs p\u0113c oper\u0101cijas vi\u0146am paredz\u0113ja atgrie\u0161anos laukum\u0101 vien pa\u0161\u0101 febru\u0101ra s\u0101kum\u0101 tikai da\u017eas dienas pirms Mil\u0101nas\u2013Kort\u012bnas olimpisko sp\u0113\u013cu s\u0101kuma. Hokejists gan ir p\u0101rliecin\u0101ts, ka prognozes izdosies b\u016btiski apsteigt.\u00a0<\/p>\n<p style=\"margin-left:0cm; margin-right:0cm\">Rub\u012bna\u00a0m\u0113r\u0137is ir atgriezties ierind\u0101 p\u0113c iesp\u0113jas agr\u0101k, nevis febru\u0101ra s\u0101kum\u0101. Lai veicin\u0101tu atlab\u0161anu un dr\u012bz\u0101k atgrieztos sp\u0113l\u0113, vi\u0146\u0161 veica daudz da\u017e\u0101du medic\u012bnisku proced\u016bru.\u00a0Nospraustie m\u0113r\u0137i un v\u0113l\u0113\u0161an\u0101s ir piepild\u012bju\u0161\u0101s \u2013 atlab\u0161ana norit \u0101tr\u0101k, nek\u0101 cer\u0113ts, un jau janv\u0101r\u012b Rub\u012bnu var\u0113tu redz\u0113t laukum\u0101 Pilzenes komandas sast\u0101v\u0101 \u010cehijas ekstral\u012bg\u0101.\u00a0<\/p>\n<p style=\"margin-left:0cm; margin-right:0cm\">Magn\u0113tisk\u0101 rezonanse Rub\u012bnam jau ir veikta, un tikai j\u0101sagaida Ziemassv\u0113tku br\u012bvdienu beigas, lai speci\u0101lists var\u0113tu rezult\u0101tus p\u0101rskat\u012bt.\u00a0<\/p>\n<p style=\"margin-left:0cm; margin-right:0cm\">&#8220;Mans [atgrie\u0161an\u0101s] m\u0113r\u0137is bija 1. janv\u0101ris, bet es visu saprotu&#8230; 15.\u00a0janv\u0101ris, kad ir simtprocent\u012bgi j\u0101sp\u0113l\u0113,&#8221; savus tuv\u0101kos m\u0113r\u0137us iez\u012bm\u0113ja\u00a0Rub\u012bns.\u00a0<\/p>\n<p style=\"margin-left:0cm; margin-right:0cm\">Valstsvien\u012bbas galven\u0101 trenera Harija V\u012btoli\u0146a nosauktais olimpiskais sast\u0101vs b\u016bs public\u0113ts 2. janv\u0101r\u012b. Pirms olimpisk\u0101 turn\u012bra s\u0101kuma sp\u0113l\u0113t\u0101ju savainojumu un vesel\u012bbas probl\u0113mu d\u0113\u013c gan b\u016bs iesp\u0113jamas atk\u0101pes, nosauktaj\u0101 sast\u0101v\u0101 veicot izmai\u0146as.<\/p>\n<p style=\"margin-left:0cm; margin-right:0cm\">KONTEKSTS:<\/p>\n<p style=\"margin-left:0cm; margin-right:0cm\">Ziemas olimpisk\u0101s sp\u0113les It\u0101lij\u0101 notiks\u00a0jau tre\u0161o reizi un pirmoreiz Rietumeirop\u0101 kop\u0161 2006. gada, kad r\u012bkot\u0101ju god\u0101 bija Tur\u012bna. Sp\u0113les pla\u0161\u0101 teritorij\u0101 Zieme\u013cit\u0101lij\u0101 risin\u0101sies no 6. l\u012bdz 22. febru\u0101rim\u00a0se\u0161os klasteros \u2013 Mil\u0101n\u0101, Anterselv\u0101, Kort\u012bn\u0101, Bormio, Livinjo un Predaco\u2013Tesero.\u00a0<\/p>\n<p style=\"margin-left:0cm; margin-right:0cm\">Latvijas hokeja izlasei olimpiskais turn\u012brs s\u0101ksies 12. febru\u0101r\u012b ar sp\u0113li pret ASV valstsvien\u012bbu.<\/p>\n<p>                    Valodas k\u013c\u016bda rakst\u0101?<\/p>\n<p class=\"d-none d-md-block\">Iez\u012bm\u0113jiet tekstu un spiediet Ctrl+Enter, lai nos\u016bt\u012btu labojamo teksta fragmentu redaktoram! Par faktu k\u013c\u016bd\u0101m l\u016bdzam zi\u0146ot e-past\u0101 <a href=\"https:\/\/www.lsm.lv\/cdn-cgi\/l\/email-protection\" class=\"__cf_email__\" data-cfemail=\"93e1f6f7f2f8f0faf9f2d3ffe0febdffe5\" rel=\"nofollow noopener\" target=\"_blank\">[email\u00a0protected]<\/a>.<\/p>\n<p class=\"d-md-none\">Iez\u012bm\u0113jiet tekstu un spiediet uz Zi\u0146ot par k\u013c\u016bdu pogas, lai nos\u016bt\u012btu labojamo teksta fragmentu redaktoram!<\/p>\n<p>\n                    Zi\u0146ot par k\u013c\u016bdu\n                <\/p>\n","protected":false},"excerpt":{"rendered":"Latvijas hokeja valstsvien\u012bbas aizsargs Kristi\u0101ns Rub\u012bns smagu rokas savainojumu guva \u010cehijas ekstral\u012bgas jaun\u0101s sezonas priek\u0161vakar\u0101, un \u0137irurgs p\u0113c&hellip;\n","protected":false},"author":2,"featured_media":87028,"comment_status":"","ping_status":"","sticky":false,"template":"","format":"standard","meta":{"footnotes":""},"categories":[17],"tags":[35,39,38,36,37,34,40,67],"class_list":{"0":"post-87027","1":"post","2":"type-post","3":"status-publish","4":"format-standard","5":"has-post-thumbnail","7":"category-sports","8":"tag-latvia","9":"tag-latvian","10":"tag-latviesu","11":"tag-latviesu-valoda","12":"tag-latviesuvaloda","13":"tag-latvija","14":"tag-lv","15":"tag-sports"},"share_on_mastodon":{"url":"https:\/\/pubeurope.com\/@lv\/115788011512231162","error":""},"_links":{"self":[{"href":"https:\/\/www.europesays.com\/lv\/wp-json\/wp\/v2\/posts\/87027","targetHints":{"allow":["GET"]}}],"collection":[{"href":"https:\/\/www.europesays.com\/lv\/wp-json\/wp\/v2\/posts"}],"about":[{"href":"https:\/\/www.europesays.com\/lv\/wp-json\/wp\/v2\/types\/post"}],"author":[{"embeddable":true,"href":"https:\/\/www.europesays.com\/lv\/wp-json\/wp\/v2\/users\/2"}],"replies":[{"embeddable":true,"href":"https:\/\/www.europesays.com\/lv\/wp-json\/wp\/v2\/comments?post=87027"}],"version-history":[{"count":0,"href":"https:\/\/www.europesays.com\/lv\/wp-json\/wp\/v2\/posts\/87027\/revisions"}],"wp:featuredmedia":[{"embeddable":true,"href":"https:\/\/www.europesays.com\/lv\/wp-json\/wp\/v2\/media\/87028"}],"wp:attachment":[{"href":"https:\/\/www.europesays.com\/lv\/wp-json\/wp\/v2\/media?parent=87027"}],"wp:term":[{"taxonomy":"category","embeddable":true,"href":"https:\/\/www.europesays.com\/lv\/wp-json\/wp\/v2\/categories?post=87027"},{"taxonomy":"post_tag","embeddable":true,"href":"https:\/\/www.europesays.com\/lv\/wp-json\/wp\/v2\/tags?post=87027"}],"curies":[{"name":"wp","href":"https:\/\/api.w.org\/{rel}","templated":true}]}}