{"id":87035,"date":"2025-12-26T21:50:06","date_gmt":"2025-12-26T21:50:06","guid":{"rendered":"https:\/\/www.europesays.com\/lv\/87035\/"},"modified":"2025-12-26T21:50:06","modified_gmt":"2025-12-26T21:50:06","slug":"senegala-parliecinosi-iesak-afrikas-naciju-kausu-beninai-neveiksmju-serija-turpinas-lente-lv","status":"publish","type":"post","link":"https:\/\/www.europesays.com\/lv\/87035\/","title":{"rendered":"Seneg\u0101la p\u0101rliecino\u0161i ies\u0101k \u0100frikas N\u0101ciju kausu, Beninai neveiksmju s\u0113rija turpin\u0101s\u00a0\u2014\u00a0Lente.lv"},"content":{"rendered":"<p>\u0100frikas N\u0101ciju kauss s\u0101cies ar favor\u012btu uzvar\u0101m<\/p>\n<p>\u0160\u012b gada \u0100frikas N\u0101ciju kausa izc\u012b\u0146a futbol\u0101 ir uz\u0146emusi apgriezienus ar p\u0101rliecino\u0161\u0101m uzvar\u0101m vair\u0101k\u0101m favor\u012btkomand\u0101m. D grup\u0101 savu dal\u012bbu turn\u012br\u0101 s\u0101ku\u0161as Demokr\u0101tisk\u0101s Kongo Republikas (DR Kongo) un Seneg\u0101las valstsvien\u012bbas, kur\u0101m attiec\u012bgi pirm\u0101s sp\u0113l\u0113s izdevies p\u0101rsp\u0113t Beninu ar rezult\u0101tu 1:0 un Botsv\u0101nu ar 3:0.<\/p>\n<p>Sp\u0113le starp DR Kongo un Beninu norisin\u0101j\u0101s Rab\u0101t\u0101. Vien\u012bgos un uzvaras v\u0101rtus DR Kongo lab\u0101 16. min\u016bt\u0113 guva Teo Bongonda, kur\u0161 izmantoja lielisku Sandrenas kreis\u0101s mal\u0113j\u0101s aizsarga Artura Masuaku t\u0101lu piesp\u0113li. Bongonda pievienoj\u0101s Maskavas &#8220;Spartak&#8221; vien\u012bbai par 7.5 miljoniem eiro 2023. gada vasar\u0101.<\/p>\n<p>Seneg\u0101la demonstr\u0113 sp\u0113ku, Beninai neizdev\u0101s p\u0101rvar\u0113t neveiksmju s\u0113riju<\/p>\n<p>Savuk\u0101rt Tang\u0113r\u0101 notiku\u0161aj\u0101 D grupas sp\u0113l\u0113 2022. gada \u0100frikas \u010dempione Seneg\u0101la ar p\u0101rliecino\u0161u 3:0 uzvar\u0113ja Botsv\u0101nu. Par pirmo futbolistu turn\u012br\u0101, kur\u0161 guvis vair\u0101kus v\u0101rtus, k\u013cuva Minhenes &#8220;Bayern&#8221; uzbruc\u0113js Nikolass \u017daksons. Vi\u0146\u0161 40. min\u016bt\u0113 guva pirmos v\u0101rtus p\u0113c Isma\u012bla J\u0101kobsa piesp\u0113les, bet 58. min\u016bt\u0113 eleganti apsp\u0113l\u0113ja aizsargu un p\u0101rsp\u0113ja v\u0101rtsargu. Sp\u0113les izska\u0146\u0101 punktu uzvarai pielika Turcijas &#8220;Samsunspor&#8221; sp\u0113l\u0113t\u0101js \u0160erifs Ndiajs.<\/p>\n<p>Beninai \u0161\u012b \u0100frikas N\u0101ciju kausa fin\u0101lturn\u012bra dal\u012bba ir piekt\u0101, ta\u010du komanda joproj\u0101m nav izc\u012bn\u012bjusi nevienu uzvaru (rekords 0-5-10). Tom\u0113r 2019. gad\u0101 vi\u0146iem izdev\u0101s ar \u010detriem neiz\u0161\u0137irtiem iek\u013c\u016bt ceturtda\u013cfin\u0101l\u0101.<\/p>\n<p>Latvijas futbola cien\u012bt\u0101ju uzman\u012bbas lok\u0101 \u2013 Aijeguns Tosins un Usen\u016b Niangs<\/p>\n<p>Beninas izlases sast\u0101v\u0101 sp\u0113l\u0113 ar\u012b Aijeguns Tosins, kur\u0161 dzimis Nig\u0113rij\u0101, bet savu karjeru Eirop\u0101 s\u0101cis Latvij\u0101, p\u0101rst\u0101vot &#8220;Ventspils&#8221; komandu. No 2017. l\u012bdz 2019. gadam vi\u0146\u0161 Latvijas Virsl\u012bg\u0101 72 sp\u0113l\u0113s guva 33 v\u0101rtus. P\u0113c tam Tosins pievienoj\u0101s \u0160veices klubam &#8220;Zurich&#8221;, bet pa\u0161laik sp\u0113l\u0113 Francijas augst\u0101k\u0101s l\u012bgas komand\u0101 &#8220;Lorient&#8221;.<\/p>\n<p>Savuk\u0101rt Seneg\u0101las izlas\u0113 pieteikts biju\u0161ais &#8220;Audas&#8221; un &#8220;Riga&#8221; pussargs Usen\u016b Niangs, kur\u0161 \u0161obr\u012bd p\u0101rst\u0101v Be\u013c\u0123ijas klubu &#8220;Union SG&#8221; un ar\u012b sp\u0113l\u0113 \u010cempionu l\u012bg\u0101. Lai gan Niangs ir pieteikts N\u0101ciju kausa izc\u012b\u0146ai, vi\u0146\u0161 netika iek\u013cauts pamatsast\u0101v\u0101 pirm\u0101s sp\u0113les. Interesanti, ka Niangs jau iepriek\u0161 ir bijis tuvu Latvijas futbola izlasei, ta\u010du nav guvis pietiekamu sp\u0113les laiku.<\/p>\n<p>Turn\u012bra kopskats un v\u0113sture<\/p>\n<p>\u0160\u012b gada \u0100frikas N\u0101ciju kauss notiek Marok\u0101, un taj\u0101 piedal\u0101s 24 izlases. Turn\u012brs ir \u0100frikas Futbola konfeder\u0101cijas (CAF) galvenais nacion\u0101lo izla\u0161u pas\u0101kums, un tas notiek kop\u0161 1957. gada. Titul\u0113t\u0101k\u0101 izlase ir \u0112\u0123ipte ar septi\u0146iem \u010dempiona tituliem, tai seko Kamer\u016bna ar pieciem un Gana ar \u010detriem tituliem. Kop\u0161 2019. gada fin\u0101lturn\u012br\u0101 sp\u0113l\u0113 24 izlases.<\/p>\n<p>N\u0101kam\u0101s sp\u0113les D grup\u0101 paredz tik\u0161anos starp Seneg\u0101lu un Kongo DR, kas sol\u0101s b\u016bt spraiga c\u012b\u0146a par pirmo vietu grup\u0101.<\/p>\n","protected":false},"excerpt":{"rendered":"\u0100frikas N\u0101ciju kauss s\u0101cies ar favor\u012btu uzvar\u0101m \u0160\u012b gada \u0100frikas N\u0101ciju kausa izc\u012b\u0146a futbol\u0101 ir uz\u0146emusi apgriezienus ar&hellip;\n","protected":false},"author":2,"featured_media":87036,"comment_status":"","ping_status":"","sticky":false,"template":"","format":"standard","meta":{"footnotes":""},"categories":[17],"tags":[20628,17456,676,35,39,38,36,37,34,40,21541,67,22165],"class_list":{"0":"post-87035","1":"post","2":"type-post","3":"status-publish","4":"format-standard","5":"has-post-thumbnail","7":"category-sports","8":"tag-afrikas-naciju-kauss","9":"tag-benina","10":"tag-futbols","11":"tag-latvia","12":"tag-latvian","13":"tag-latviesu","14":"tag-latviesu-valoda","15":"tag-latviesuvaloda","16":"tag-latvija","17":"tag-lv","18":"tag-senegala","19":"tag-sports","20":"tag-tosins"},"share_on_mastodon":{"url":"https:\/\/pubeurope.com\/@lv\/115788082281419407","error":""},"_links":{"self":[{"href":"https:\/\/www.europesays.com\/lv\/wp-json\/wp\/v2\/posts\/87035","targetHints":{"allow":["GET"]}}],"collection":[{"href":"https:\/\/www.europesays.com\/lv\/wp-json\/wp\/v2\/posts"}],"about":[{"href":"https:\/\/www.europesays.com\/lv\/wp-json\/wp\/v2\/types\/post"}],"author":[{"embeddable":true,"href":"https:\/\/www.europesays.com\/lv\/wp-json\/wp\/v2\/users\/2"}],"replies":[{"embeddable":true,"href":"https:\/\/www.europesays.com\/lv\/wp-json\/wp\/v2\/comments?post=87035"}],"version-history":[{"count":0,"href":"https:\/\/www.europesays.com\/lv\/wp-json\/wp\/v2\/posts\/87035\/revisions"}],"wp:featuredmedia":[{"embeddable":true,"href":"https:\/\/www.europesays.com\/lv\/wp-json\/wp\/v2\/media\/87036"}],"wp:attachment":[{"href":"https:\/\/www.europesays.com\/lv\/wp-json\/wp\/v2\/media?parent=87035"}],"wp:term":[{"taxonomy":"category","embeddable":true,"href":"https:\/\/www.europesays.com\/lv\/wp-json\/wp\/v2\/categories?post=87035"},{"taxonomy":"post_tag","embeddable":true,"href":"https:\/\/www.europesays.com\/lv\/wp-json\/wp\/v2\/tags?post=87035"}],"curies":[{"name":"wp","href":"https:\/\/api.w.org\/{rel}","templated":true}]}}