{"id":87041,"date":"2025-12-26T22:13:09","date_gmt":"2025-12-26T22:13:09","guid":{"rendered":"https:\/\/www.europesays.com\/lv\/87041\/"},"modified":"2025-12-26T22:13:09","modified_gmt":"2025-12-26T22:13:09","slug":"velsas-princese-ar-meitu-izpilda-ipasu-duetu","status":"publish","type":"post","link":"https:\/\/www.europesays.com\/lv\/87041\/","title":{"rendered":"Velsas princese ar meitu izpilda \u012bpa\u0161u duetu"},"content":{"rendered":"<p>Velsas princese Ketr\u012bna, kura Vestminsteras abatij\u0101 r\u012bkoja savu piekto ikgad\u0113jo Ziemassv\u0113tku dziesmu dievkalpojumu \u201cTogether at Christmas\u201d, koncerta skat\u012bt\u0101jus p\u0101rsteidza ar kop\u012bgu klaviersp\u0113li ar savu meitu \u0160arloti.<\/p>\n<p>Koncert\u0101 vi\u0146as kop\u0101 pie klavier\u0113m izpild\u012bja ska\u0146darbu \u201cHolm Sound\u201d, kura autors ir komponists Erlands K\u016bpers. Duets tika uz\u0146emts ar lielu saj\u016bsmu, un daudzi to nod\u0113v\u0113ja par vienu no aizkustino\u0161\u0101kajiem sv\u0113tku mirk\u013ciem karalisk\u0101s \u0123imenes v\u0113stur\u0113.<\/p>\n<p>\u201cZiemassv\u0113tku b\u016bt\u012bba ir m\u012blest\u012bba t\u0101s visvienk\u0101r\u0161\u0101kaj\u0101s un cilv\u0113c\u012bg\u0101kaj\u0101s izpausm\u0113s,\u201d teica princese Keita videoierakst\u0101, kas public\u0113ts soci\u0101lajos t\u012bklos. \u201cNevis lielos \u017eestos, bet mier\u012bgos br\u012b\u017eos \u2014 ieklaus\u012b\u0161an\u0101s, mierin\u0101juma v\u0101rdos, draudz\u012bg\u0101 sarun\u0101 vai sniegt\u0101 pal\u012bdz\u012bb\u0101. \u0160ie \u0161\u0137ietami mazie \u017eesti veido skaisto dz\u012bves audeklu, kam m\u0113s visi piederam.\u201d<\/p>\n<p><img decoding=\"async\" class=\"figure__image\" onclick=\"triggerEvent('articleImageClick', { id: 17359487, focus: 'single-image', focusIndex: '17359487' })\" onkeydown=\"if (event.key === 'Enter') {&#10;        triggerEvent('articleImageClick', { id: 17359487, focus: 'single-image', focusIndex: '17359487' })&#10;        }\" role=\"button\" tabindex=\"0\" data-focus-from=\"single-image\" data-focus-index=\"17359487\" src=\"https:\/\/www.europesays.com\/lv\/wp-content\/uploads\/2025\/12\/17359487t1hfb11.png\"  onload=\"this.parentElement.classList.remove('figure__image-loading')\" alt=\"Velsas princese un princese \u0160arlote\"\/>Velsas princese un princese \u0160arlote Foto: Instagram<\/p>\n","protected":false},"excerpt":{"rendered":"Velsas princese Ketr\u012bna, kura Vestminsteras abatij\u0101 r\u012bkoja savu piekto ikgad\u0113jo Ziemassv\u0113tku dziesmu dievkalpojumu \u201cTogether at Christmas\u201d, koncerta skat\u012bt\u0101jus&hellip;\n","protected":false},"author":2,"featured_media":87042,"comment_status":"","ping_status":"","sticky":false,"template":"","format":"standard","meta":{"footnotes":""},"categories":[19],"tags":[89,90,1641,35,39,38,36,37,34,40,15961,9687],"class_list":{"0":"post-87041","1":"post","2":"type-post","3":"status-publish","4":"format-standard","5":"has-post-thumbnail","7":"category-izklaide","8":"tag-entertainment","9":"tag-izklaide","10":"tag-karaliska-gimene","11":"tag-latvia","12":"tag-latvian","13":"tag-latviesu","14":"tag-latviesu-valoda","15":"tag-latviesuvaloda","16":"tag-latvija","17":"tag-lv","18":"tag-ziemas-saulgriezi","19":"tag-ziemassvetki"},"share_on_mastodon":{"url":"https:\/\/pubeurope.com\/@lv\/115788172924703180","error":""},"_links":{"self":[{"href":"https:\/\/www.europesays.com\/lv\/wp-json\/wp\/v2\/posts\/87041","targetHints":{"allow":["GET"]}}],"collection":[{"href":"https:\/\/www.europesays.com\/lv\/wp-json\/wp\/v2\/posts"}],"about":[{"href":"https:\/\/www.europesays.com\/lv\/wp-json\/wp\/v2\/types\/post"}],"author":[{"embeddable":true,"href":"https:\/\/www.europesays.com\/lv\/wp-json\/wp\/v2\/users\/2"}],"replies":[{"embeddable":true,"href":"https:\/\/www.europesays.com\/lv\/wp-json\/wp\/v2\/comments?post=87041"}],"version-history":[{"count":0,"href":"https:\/\/www.europesays.com\/lv\/wp-json\/wp\/v2\/posts\/87041\/revisions"}],"wp:featuredmedia":[{"embeddable":true,"href":"https:\/\/www.europesays.com\/lv\/wp-json\/wp\/v2\/media\/87042"}],"wp:attachment":[{"href":"https:\/\/www.europesays.com\/lv\/wp-json\/wp\/v2\/media?parent=87041"}],"wp:term":[{"taxonomy":"category","embeddable":true,"href":"https:\/\/www.europesays.com\/lv\/wp-json\/wp\/v2\/categories?post=87041"},{"taxonomy":"post_tag","embeddable":true,"href":"https:\/\/www.europesays.com\/lv\/wp-json\/wp\/v2\/tags?post=87041"}],"curies":[{"name":"wp","href":"https:\/\/api.w.org\/{rel}","templated":true}]}}