{"id":87049,"date":"2025-12-26T22:22:07","date_gmt":"2025-12-26T22:22:07","guid":{"rendered":"https:\/\/www.europesays.com\/lv\/87049\/"},"modified":"2025-12-26T22:22:07","modified_gmt":"2025-12-26T22:22:07","slug":"faktomats-%e2%9f%a9-diktatora-putina-melu-un-viltus-zinu-tiesa-linija","status":"publish","type":"post","link":"https:\/\/www.europesays.com\/lv\/87049\/","title":{"rendered":"FAKTOM\u0100TS \u27e9 Diktatora Putina melu un viltus zi\u0146u &#8220;tie\u0161\u0101 l\u012bnija&#8221;"},"content":{"rendered":"<p>\u201cTie\u0161aj\u0101 l\u012bnij\u0101\u201d Putins k\u0101rt\u0113jo reizi uzst\u0101ja uz sav\u0101m pras\u012bb\u0101m, ko vi\u0146\u0161 izkl\u0101st\u012bja jau pag\u0101ju\u0161aj\u0101 gad\u0101. Pirms gada Putins piepras\u012bja, lai Ukraina Krievijai atdod \u010detrus da\u013c\u0113ji okup\u0113tos Ukrainas re\u0123ionus &#8211; Doneckas, Luhanskas, Hersonas un Zapori\u017ejas, un uzst\u0101ja, lai \u0161o Ukrainas teritoriju aneksija tiek starptautiski atz\u012bta.<\/p>\n<p>Nav p\u0101r\u0101k j\u0101\u0161aub\u0101s, ka Ukraina \u0161\u012bs p\u0101rm\u0113r\u012bg\u0101s Krievijas pras\u012bbas nepie\u0146ems.<\/p>\n<p>To, ka Krievija nav ieinteres\u0113ta kara izbeig\u0161an\u0101 un miera pan\u0101k\u0161an\u0101, secina ar\u012b Ukrainas Nacion\u0101l\u0101s dro\u0161\u012bbas un aizsardz\u012bbas padomes Dezinform\u0101cijas apkaro\u0161anas centrs.<\/p>\n<p>Diktatora retorika \u201ctie\u0161aj\u0101 l\u012bnij\u0101\u201d apliecina, ka Putins nemaz nemekl\u0113 kompromisu \u2013 Krievija tikai velk laiku un jebk\u0101da progresa tr\u016bkum\u0101 vaino Ukrainu.<\/p>\n<p>Putina izteikumi k\u0101rt\u0113jo reizi apliecina, ka <a target=\"_blank\" rel=\"noopener noreferrer nofollow\" href=\"https:\/\/unn.ua\/en\/news\/cpd-of-the-national-security-and-defense-council-putins-statements-demonstrate-that-russia-is-not-interested-in-a-real-peaceful-settlement-of-the-war\">Krieviju neinteres\u0113 re\u0101ls kara mierm\u012bl\u012bgs atrisin\u0101jums<\/a>, teikts Dezinform\u0101cijas apkaro\u0161anas centra pazi\u0146ojum\u0101.<\/p>\n<p>Putins pav\u0113st\u012bja, ka Krievijas feder\u0101l\u0101 bud\u017eeta defic\u012bts \u0161ogad b\u016b\u0161ot 2,6% no Krievijas iek\u0161zemes kopprodukta (IKP), n\u0101kamgad \u2013 1,6%, bet turpm\u0101kajos da\u017eos gados nep\u0101rsniegs 1,5%.<\/p>\n","protected":false},"excerpt":{"rendered":"\u201cTie\u0161aj\u0101 l\u012bnij\u0101\u201d Putins k\u0101rt\u0113jo reizi uzst\u0101ja uz sav\u0101m pras\u012bb\u0101m, ko vi\u0146\u0161 izkl\u0101st\u012bja jau pag\u0101ju\u0161aj\u0101 gad\u0101. Pirms gada Putins&hellip;\n","protected":false},"author":2,"featured_media":87050,"comment_status":"","ping_status":"","sticky":false,"template":"","format":"standard","meta":{"footnotes":""},"categories":[14],"tags":[23,57,28,29,1604,6647,32,33,22,2545,30,31,35,39,38,36,37,34,40,20,26,27,2550,24,25,1326,6650,54,55,56,21,58],"class_list":{"0":"post-87049","1":"post","2":"type-post","3":"status-publish","4":"format-standard","5":"has-post-thumbnail","7":"category-zinas-no-arvalstim","8":"tag-aktualitates","9":"tag-arvalstim","10":"tag-breaking-news","11":"tag-breakingnews","12":"tag-dezinformacija","13":"tag-faktomats","14":"tag-featured-news","15":"tag-featurednews","16":"tag-headlines","17":"tag-kremla-propaganda","18":"tag-latest-news","19":"tag-latestnews","20":"tag-latvia","21":"tag-latvian","22":"tag-latviesu","23":"tag-latviesu-valoda","24":"tag-latviesuvaloda","25":"tag-latvija","26":"tag-lv","27":"tag-news","28":"tag-popularakas-zinas","29":"tag-popularakaszinas","30":"tag-propaganda","31":"tag-top-stories","32":"tag-topstories","33":"tag-totalitarisms","34":"tag-truth-flash","35":"tag-world","36":"tag-world-news","37":"tag-worldnews","38":"tag-zinas","39":"tag-zinas-no-arvalstim"},"share_on_mastodon":{"url":"https:\/\/pubeurope.com\/@lv\/115788208185109054","error":""},"_links":{"self":[{"href":"https:\/\/www.europesays.com\/lv\/wp-json\/wp\/v2\/posts\/87049","targetHints":{"allow":["GET"]}}],"collection":[{"href":"https:\/\/www.europesays.com\/lv\/wp-json\/wp\/v2\/posts"}],"about":[{"href":"https:\/\/www.europesays.com\/lv\/wp-json\/wp\/v2\/types\/post"}],"author":[{"embeddable":true,"href":"https:\/\/www.europesays.com\/lv\/wp-json\/wp\/v2\/users\/2"}],"replies":[{"embeddable":true,"href":"https:\/\/www.europesays.com\/lv\/wp-json\/wp\/v2\/comments?post=87049"}],"version-history":[{"count":0,"href":"https:\/\/www.europesays.com\/lv\/wp-json\/wp\/v2\/posts\/87049\/revisions"}],"wp:featuredmedia":[{"embeddable":true,"href":"https:\/\/www.europesays.com\/lv\/wp-json\/wp\/v2\/media\/87050"}],"wp:attachment":[{"href":"https:\/\/www.europesays.com\/lv\/wp-json\/wp\/v2\/media?parent=87049"}],"wp:term":[{"taxonomy":"category","embeddable":true,"href":"https:\/\/www.europesays.com\/lv\/wp-json\/wp\/v2\/categories?post=87049"},{"taxonomy":"post_tag","embeddable":true,"href":"https:\/\/www.europesays.com\/lv\/wp-json\/wp\/v2\/tags?post=87049"}],"curies":[{"name":"wp","href":"https:\/\/api.w.org\/{rel}","templated":true}]}}