{"id":87051,"date":"2025-12-26T22:23:08","date_gmt":"2025-12-26T22:23:08","guid":{"rendered":"https:\/\/www.europesays.com\/lv\/87051\/"},"modified":"2025-12-26T22:23:08","modified_gmt":"2025-12-26T22:23:08","slug":"paredzamas-un-galigi-negaiditas-2025-gada-skirsanas","status":"publish","type":"post","link":"https:\/\/www.europesays.com\/lv\/87051\/","title":{"rendered":"Paredzamas un gal\u012bgi negaid\u012btas: 2025. gada \u0161\u0137ir\u0161an\u0101s"},"content":{"rendered":"<p>Maija Roz\u012bte un Kaspars Kri\u0161top\u0101ns<\/p>\n<p><img decoding=\"async\" class=\"page-break__img\" src=\"https:\/\/www.europesays.com\/lv\/wp-content\/uploads\/2025\/12\/13915032t1h7eb8.jpg\" data-id=\"13915032\"\/><\/p>\n<p>Apr\u012bl\u012b, p\u0113c 25 gadiem laul\u012bb\u0101, katrs savu ce\u013cu nol\u0113ma iet radio \u0113tera person\u012bba un d\u012bd\u017eejmeitene Maija Roz\u012bte un uz\u0146\u0113m\u0113js Kaspars Kri\u0161top\u0101ns.<\/p>\n<p>Jau 2021. gada s\u0101kum\u0101 dzelten\u0101 prese rakst\u012bja, ka abu laul\u012bbu sk\u0101rusi kr\u012bze, ta\u010du jau t\u0101 pa\u0161a gada vasar\u0101 Maija un Kaspars izg\u0101ja sabiedr\u012bb\u0101.<\/p>\n<blockquote class=\"quote ck-widget\" contenteditable=\"false\">\n<p>&#8220;K\u0101 sav\u0101 draudze\u0146u lok\u0101 atkl\u0101ti atzinusi pati Maija, tie\u0161i d\u012bd\u017eejo\u0161ana un vi\u0146as p\u0101rlieku seks\u012bgie t\u0113rpi, darbojoties pie d\u012bd\u017eeja pults, esot bijis galvenais nesaska\u0146u iemesls attiec\u012bb\u0101s ar v\u012bru Kasparu.<\/p>\n<\/blockquote>\n<p>Aptuveni pirms gada, kad Maija nogurusi no v\u012bra p\u0101rmetumiem par izklaides viet\u0101s pavad\u012btiem vakariem, minim\u0101li ap\u0123\u0113rbtai, vi\u0146a no v\u012bra aizg\u0101jusi,&#8221; raksta izdevums.<\/p>\n<p>&#8220;Kas Jauns&#8221; v\u0113sta, ka abu laul\u012bba likum\u012bgi \u0161\u0137irta un kopdz\u012bves p\u0101rtrauk\u0161ana norit\u0113jusi bez skand\u0101liem, jo t\u0101 abi vienoju\u0161ies b\u0113rnu d\u0113\u013c, kas pam\u012b\u0161us dz\u012bvojot gan pie mammas, gan t\u0113ta.<\/p>\n<p>K\u0101 zin\u0101ms, abu laul\u012bb\u0101 dzima d\u0113ls Pauls un meita Linda.<\/p>\n","protected":false},"excerpt":{"rendered":"Maija Roz\u012bte un Kaspars Kri\u0161top\u0101ns Apr\u012bl\u012b, p\u0113c 25 gadiem laul\u012bb\u0101, katrs savu ce\u013cu nol\u0113ma iet radio \u0113tera person\u012bba&hellip;\n","protected":false},"author":2,"featured_media":87052,"comment_status":"","ping_status":"","sticky":false,"template":"","format":"standard","meta":{"footnotes":""},"categories":[12],"tags":[23,28,29,32,33,22169,22168,22,30,31,35,39,38,36,37,34,40,20,26,27,3434,24,25,758,21],"class_list":{"0":"post-87051","1":"post","2":"type-post","3":"status-publish","4":"format-standard","5":"has-post-thumbnail","7":"category-latvija","8":"tag-aktualitates","9":"tag-breaking-news","10":"tag-breakingnews","11":"tag-featured-news","12":"tag-featurednews","13":"tag-gada-apskats","14":"tag-gada-apskats-2025","15":"tag-headlines","16":"tag-latest-news","17":"tag-latestnews","18":"tag-latvia","19":"tag-latvian","20":"tag-latviesu","21":"tag-latviesu-valoda","22":"tag-latviesuvaloda","23":"tag-latvija","24":"tag-lv","25":"tag-news","26":"tag-popularakas-zinas","27":"tag-popularakaszinas","28":"tag-skirsanas","29":"tag-top-stories","30":"tag-topstories","31":"tag-tvnet-sejas","32":"tag-zinas"},"share_on_mastodon":{"url":"https:\/\/pubeurope.com\/@lv\/115788212220156680","error":""},"_links":{"self":[{"href":"https:\/\/www.europesays.com\/lv\/wp-json\/wp\/v2\/posts\/87051","targetHints":{"allow":["GET"]}}],"collection":[{"href":"https:\/\/www.europesays.com\/lv\/wp-json\/wp\/v2\/posts"}],"about":[{"href":"https:\/\/www.europesays.com\/lv\/wp-json\/wp\/v2\/types\/post"}],"author":[{"embeddable":true,"href":"https:\/\/www.europesays.com\/lv\/wp-json\/wp\/v2\/users\/2"}],"replies":[{"embeddable":true,"href":"https:\/\/www.europesays.com\/lv\/wp-json\/wp\/v2\/comments?post=87051"}],"version-history":[{"count":0,"href":"https:\/\/www.europesays.com\/lv\/wp-json\/wp\/v2\/posts\/87051\/revisions"}],"wp:featuredmedia":[{"embeddable":true,"href":"https:\/\/www.europesays.com\/lv\/wp-json\/wp\/v2\/media\/87052"}],"wp:attachment":[{"href":"https:\/\/www.europesays.com\/lv\/wp-json\/wp\/v2\/media?parent=87051"}],"wp:term":[{"taxonomy":"category","embeddable":true,"href":"https:\/\/www.europesays.com\/lv\/wp-json\/wp\/v2\/categories?post=87051"},{"taxonomy":"post_tag","embeddable":true,"href":"https:\/\/www.europesays.com\/lv\/wp-json\/wp\/v2\/tags?post=87051"}],"curies":[{"name":"wp","href":"https:\/\/api.w.org\/{rel}","templated":true}]}}