{"id":87053,"date":"2025-12-26T22:24:16","date_gmt":"2025-12-26T22:24:16","guid":{"rendered":"https:\/\/www.europesays.com\/lv\/87053\/"},"modified":"2025-12-26T22:24:16","modified_gmt":"2025-12-26T22:24:16","slug":"nodeg-dzivojama-maja-boja-gajusi-divi-cilveki-lente-lv","status":"publish","type":"post","link":"https:\/\/www.europesays.com\/lv\/87053\/","title":{"rendered":"nodeg dz\u012bvojam\u0101 m\u0101ja, boj\u0101 g\u0101ju\u0161i divi cilv\u0113ki\u00a0\u2014\u00a0Lente.lv"},"content":{"rendered":"<p>Tra\u0123\u0113dija R\u0113zeknes novad\u0101: nodeg dz\u012bvojam\u0101 m\u0101ja, boj\u0101 g\u0101ju\u0161i divi cilv\u0113ki<\/p>\n<p>Aizvad\u012btaj\u0101 diennakt\u012b R\u0113zeknes novad\u0101 noticis smags ugunsgr\u0113ks, kur\u0101 boj\u0101 g\u0101ju\u0161i divi cilv\u0113ki. K\u0101 inform\u0113 port\u0101ls jauns.lv, Valsts ugunsdz\u0113s\u012bbas un gl\u0101b\u0161anas dienests (VUGD) apstiprin\u0101jis, ka \u0161\u012b tra\u0123\u0113dija risin\u0101jusies dz\u012bvojam\u0101 m\u0101j\u0101. Negad\u012bjums noticis nakt\u012b uz piektdienu, 26. decembri. Sa\u0146emot izsaukumu neilgi pirms pieciem r\u012bt\u0101, ugunsdz\u0113s\u0113ji gl\u0101b\u0113ji notikuma viet\u0101 konstat\u0113ju\u0161i, ka dz\u012bvojam\u0101 m\u0101ja jau deg piln\u0101 plat\u012bb\u0101. Diem\u017e\u0113l ugunsgr\u0113ka dz\u0113\u0161anas darbu laik\u0101 m\u0101j\u0101 tika atrasti divi boj\u0101g\u0101ju\u0161ie.<\/p>\n<p>Negad\u012bjuma apst\u0101k\u013ci un gl\u0101b\u0161anas darbi<\/p>\n<p>S\u0101kotn\u0113j\u0101 inform\u0101cija liecina, ka ugunsgr\u0113ks izc\u0113lies dz\u012bvojam\u0101 m\u0101j\u0101, kas dega piln\u0101 plat\u012bb\u0101 jau ierodoties gl\u0101b\u0113jiem. Iesp\u0113jams, ka jumts m\u0101jai bija jau iebrucis, kas liecina par liesmu izplat\u012b\u0161an\u0101s intensit\u0101ti. Lai gan prec\u012bzs negad\u012bjuma iemesls v\u0113l tiek skaidrots, Valsts policija parasti uzs\u0101k izmekl\u0113\u0161anu \u0161\u0101dos gad\u012bjumos, lai noskaidrotu visas c\u0113lo\u0146us un apst\u0101k\u013cus, kas novedu\u0161i pie tra\u0123iskaj\u0101m sek\u0101m. VUGD p\u0101rst\u0101ve Viktorija Gribuste Latvijas Radio apstiprin\u0101ja boj\u0101g\u0101ju\u0161o faktu, uzsverot notikuma nopietn\u012bbu. Lai gan ne visas deta\u013cas par notikuma prec\u012bzu laiku un vietu R\u0113zeknes novad\u0101 tiek publiskotas, katrs gad\u012bjums, kur\u0101 iet boj\u0101 cilv\u0113ki, tiek r\u016bp\u012bgi izmekl\u0113ts.<\/p>\n<p>Ugunsdro\u0161\u012bbas situ\u0101cija sv\u0113tku period\u0101<\/p>\n<p>Aizvad\u012bt\u0101 diennakts kopum\u0101 Latvij\u0101 bijusi sare\u017e\u0123\u012bta no ugunsdro\u0161\u012bbas viedok\u013ca. Lai gan R\u0113zeknes novada gad\u012bjums ir \u012bpa\u0161i smags, ar\u012b citviet valst\u012b re\u0123istr\u0113ti vair\u0101ki negad\u012bjumi. Sv\u0113tku period\u0101, kad bie\u017ei vien palielin\u0101s apkures sist\u0113mu un elektroier\u012b\u010du noslogojums, k\u0101 ar\u012b cilv\u0113ki ir maz\u0101k uzman\u012bgi, ugunsgr\u0113ku risks var pieaugt. VUGD statistika liecina, ka aizvad\u012btaj\u0101 diennakt\u012b kopum\u0101 sa\u0146emti 43 izsaukumi: devi\u0146i uz ugunsgr\u0113ku dz\u0113\u0161anu, 26 uz gl\u0101b\u0161anas darbiem, bet asto\u0146i biju\u0161i maldin\u0101jumi. Pirmais Ziemassv\u0113tku r\u012bts gan bija mier\u012bg\u0101ks, ta\u010du dienas gait\u0101 un nakt\u012b notiku\u0161i vair\u0101ki negad\u012bjumi.<\/p>\n<p>Sal\u012bdzin\u0101jums ar cit\u0101m sv\u0113tku dien\u0101m<\/p>\n<p>Sal\u012bdzinot ar iepriek\u0161\u0113jiem gadiem, \u0161is sv\u0113tku periods ir bijis at\u0161\u0137ir\u012bgs ar\u012b uz ce\u013ciem. Lai gan re\u0123istr\u0113ts nedaudz vair\u0101k ce\u013cu satiksmes negad\u012bjumu nek\u0101 p\u0113rn (138 pret pag\u0101ju\u0161\u0101 gada skait\u013ciem), boj\u0101g\u0101ju\u0161o un cietu\u0161o skaits ir maz\u0101ks. Valsts policijas p\u0101rst\u0101ve Madara \u0160er\u0161\u0146ova nor\u0101d\u012bja, ka \u0161ogad cietu\u0161as devi\u0146as personas, bet pag\u0101ju\u0161aj\u0101 gad\u0101 \u2013 15 personas un viens boj\u0101g\u0101jis. T\u0101pat samazin\u0101jies ar\u012b dz\u0113r\u0101j\u0161oferu skaits, par ko uzs\u0101kti administrat\u012bvo p\u0101rk\u0101pumu procesi.<\/p>\n","protected":false},"excerpt":{"rendered":"Tra\u0123\u0113dija R\u0113zeknes novad\u0101: nodeg dz\u012bvojam\u0101 m\u0101ja, boj\u0101 g\u0101ju\u0161i divi cilv\u0113ki Aizvad\u012btaj\u0101 diennakt\u012b R\u0113zeknes novad\u0101 noticis smags ugunsgr\u0113ks, kur\u0101&hellip;\n","protected":false},"author":2,"featured_media":87054,"comment_status":"","ping_status":"","sticky":false,"template":"","format":"standard","meta":{"footnotes":""},"categories":[5],"tags":[23,5983,28,29,32,33,22,30,31,35,39,38,36,37,34,40,20,26,27,12339,24,25,2425,377,4908,21],"class_list":{"0":"post-87053","1":"post","2":"type-post","3":"status-publish","4":"format-standard","5":"has-post-thumbnail","7":"category-aktualitates","8":"tag-aktualitates","9":"tag-bojagajusie","10":"tag-breaking-news","11":"tag-breakingnews","12":"tag-featured-news","13":"tag-featurednews","14":"tag-headlines","15":"tag-latest-news","16":"tag-latestnews","17":"tag-latvia","18":"tag-latvian","19":"tag-latviesu","20":"tag-latviesu-valoda","21":"tag-latviesuvaloda","22":"tag-latvija","23":"tag-lv","24":"tag-news","25":"tag-popularakas-zinas","26":"tag-popularakaszinas","27":"tag-rezeknes-novads","28":"tag-top-stories","29":"tag-topstories","30":"tag-tragedija","31":"tag-ugunsgreks","32":"tag-vugd","33":"tag-zinas"},"share_on_mastodon":{"url":"https:\/\/pubeurope.com\/@lv\/115788216073232678","error":""},"_links":{"self":[{"href":"https:\/\/www.europesays.com\/lv\/wp-json\/wp\/v2\/posts\/87053","targetHints":{"allow":["GET"]}}],"collection":[{"href":"https:\/\/www.europesays.com\/lv\/wp-json\/wp\/v2\/posts"}],"about":[{"href":"https:\/\/www.europesays.com\/lv\/wp-json\/wp\/v2\/types\/post"}],"author":[{"embeddable":true,"href":"https:\/\/www.europesays.com\/lv\/wp-json\/wp\/v2\/users\/2"}],"replies":[{"embeddable":true,"href":"https:\/\/www.europesays.com\/lv\/wp-json\/wp\/v2\/comments?post=87053"}],"version-history":[{"count":0,"href":"https:\/\/www.europesays.com\/lv\/wp-json\/wp\/v2\/posts\/87053\/revisions"}],"wp:featuredmedia":[{"embeddable":true,"href":"https:\/\/www.europesays.com\/lv\/wp-json\/wp\/v2\/media\/87054"}],"wp:attachment":[{"href":"https:\/\/www.europesays.com\/lv\/wp-json\/wp\/v2\/media?parent=87053"}],"wp:term":[{"taxonomy":"category","embeddable":true,"href":"https:\/\/www.europesays.com\/lv\/wp-json\/wp\/v2\/categories?post=87053"},{"taxonomy":"post_tag","embeddable":true,"href":"https:\/\/www.europesays.com\/lv\/wp-json\/wp\/v2\/tags?post=87053"}],"curies":[{"name":"wp","href":"https:\/\/api.w.org\/{rel}","templated":true}]}}