{"id":87079,"date":"2025-12-26T22:54:16","date_gmt":"2025-12-26T22:54:16","guid":{"rendered":"https:\/\/www.europesays.com\/lv\/87079\/"},"modified":"2025-12-26T22:54:16","modified_gmt":"2025-12-26T22:54:16","slug":"astrologe-atklaj-kuram-divam-zimem-gada-beigas-veiksme-sekos-ik-uz-sola","status":"publish","type":"post","link":"https:\/\/www.europesays.com\/lv\/87079\/","title":{"rendered":"Astrolo\u0123e atkl\u0101j, kur\u0101m div\u0101m z\u012bm\u0113m gada beig\u0101s veiksme sekos ik uz so\u013ca"},"content":{"rendered":"<p><img loading=\"lazy\" decoding=\"async\" class=\"lazy lazy-hidden alignnone  wp-image-164694\" src=\"data:image\/gif;base64,R0lGODlhAQABAIAAAAAAAP\/\/\/yH5BAEAAAAALAAAAAABAAEAAAIBRAA7\" data-lazy-type=\"image\" data-lazy-src=\"https:\/\/www.europesays.com\/lv\/wp-content\/uploads\/2025\/12\/gENCUIS.jpg\" alt=\"\" width=\"912\" height=\"565\"\/><\/p>\n<p>Slaven\u0101 astrolo\u0123e Tamara Globa, kas pasaul\u0113 paz\u012bstama ar savu smalko jut\u012bbu pret kosmiskajiem ritmiem un zvaig\u017e\u0146u ietekmi, ir sniegusi savas prognozes 2025. gada nosl\u0113gumam.<\/p>\n<p>P\u0113c vi\u0146as teikt\u0101, s\u0101kot no 24. decembra, divas zodiaka z\u012bmes st\u0101sies pret\u012b \u012bpa\u0161i izciliem veiksmes br\u012b\u017eiem, ko Globa d\u0113v\u0113 par \u201c\u017eilbino\u0161u s\u0113riju\u201d. \u0160aj\u0101 period\u0101 plan\u0113tas it \u012bpa\u0161i atbalst\u012bs iek\u0161\u0113jo harmoniju, pal\u012bdz\u0113s sasniegt profesion\u0101los m\u0113r\u0137us un veicin\u0101s person\u012bgo labsaj\u016btu, padarot \u0161o laiku ide\u0101li piem\u0113rotu gan jaun\u0101m iesp\u0113j\u0101m, gan jauniem izaicin\u0101jumiem.<\/p>\n<p>Tas sol\u0101s b\u016bt \u012bpa\u0161i spilgts un iedvesmojo\u0161s posms, kad liktenis it k\u0101 sp\u012bd\u012bs uz labv\u0113l\u012bg\u0101ko pusi tiem, kas b\u016bs gatavi izmantot kosmisko ener\u0123iju sav\u0101 lab\u0101.<\/p>\n<p><img loading=\"lazy\" decoding=\"async\" class=\"lazy lazy-hidden alignnone size-full wp-image-164695\" src=\"data:image\/gif;base64,R0lGODlhAQABAIAAAAAAAP\/\/\/yH5BAEAAAAALAAAAAABAAEAAAIBRAA7\" data-lazy-type=\"image\" data-lazy-src=\"https:\/\/www.europesays.com\/lv\/wp-content\/uploads\/2025\/12\/777.jpg\" alt=\"\" width=\"768\" height=\"539\" data-lazy- data-lazy-\/><\/p>\n<p><a href=\"https:\/\/spogulis.baltic-course.com\/no-1-janvara-ieverojami-pieaugs-degvielas-cenas-autovaditaji-ir-pamatigi-nobazijusies-par-cik\/164377\" rel=\"nofollow noopener\" target=\"_blank\"><img class=\"lazy lazy-hidden\" decoding=\"async\" src=\"data:image\/gif;base64,R0lGODlhAQABAIAAAAAAAP\/\/\/yH5BAEAAAAALAAAAAABAAEAAAIBRAA7\" data-lazy-type=\"image\" data-lazy-src=\"https:\/\/www.europesays.com\/lv\/wp-content\/uploads\/2025\/12\/Suuuknis.jpg\" data-lazy- alt=\"No 1. Janv\u0101ra iev\u0113rojami pieaugs degvielas cenas, autovad\u012bt\u0101ji ir pamat\u012bgi noba\u017e\u012bju\u0161ies par cik\"\/><\/a>\u0160obr\u012bd aktu\u0101li<a class=\"monsterinsights-inline-popular-posts-title\" href=\"https:\/\/spogulis.baltic-course.com\/no-1-janvara-ieverojami-pieaugs-degvielas-cenas-autovaditaji-ir-pamatigi-nobazijusies-par-cik\/164377\" rel=\"nofollow noopener\" target=\"_blank\">No 1. Janv\u0101ra iev\u0113rojami pieaugs degvielas cenas, autovad\u012bt\u0101ji ir pamat\u012bgi noba\u017e\u012bju\u0161ies par cik<\/a><\/p>\n<p>Svariem decembra p\u0113d\u0113j\u0101 ned\u0113\u013ca k\u013c\u016bs par \u012bstu pagrieziena punktu. P\u0113c vair\u0101ku m\u0113ne\u0161u p\u0101rdom\u0101m un sava ce\u013ca mekl\u0113jumiem atv\u0113rsies jaunas iesp\u0113jas, kur katrs pie\u0146emtais l\u0113mums nes\u012bs taust\u0101mus rezult\u0101tus, un visas iniciat\u012bvas sa\u0146ems nepiecie\u0161amo atbalstu. Svari non\u0101ks uzman\u012bbas centr\u0101, pateicoties sav\u0101m sp\u0113j\u0101m rad\u012bt harmoniju un saglab\u0101t l\u012bdzsvaru, kas piesaist\u012bs gan cie\u0146u, gan atzin\u012bbu no apk\u0101rt\u0113jiem.<\/p>\n<p>Profesion\u0101laj\u0101 jom\u0101 sagaid\u0101mi jauni un aizraujo\u0161i pied\u0101v\u0101jumi \u2013 iesp\u0113jams sava projekta uzs\u0101k\u0161ana, jauns amats vai ienes\u012bga sadarb\u012bba ar partneriem. \u012apa\u0161i veiksm\u012bgas b\u016bs iniciat\u012bvas, kas saist\u012btas ar rado\u0161umu, komunik\u0101ciju un diplom\u0101tiskaj\u0101m prasm\u0113m, jo t\u0101s nes\u012bs iev\u0113rojamus rezult\u0101tus.<\/p>\n<p>Finansi\u0101l\u0101 stabilit\u0101te turpin\u0101s stiprin\u0101ties, pateicoties prasm\u012bgai resursu p\u0101rvald\u012bbai un labv\u0113l\u012bgiem apst\u0101k\u013ciem, kas veicin\u0101s dro\u0161u un p\u0101rliecino\u0161u so\u013cu sper\u0161anu n\u0101kotn\u0113.<\/p>\n<p><img loading=\"lazy\" decoding=\"async\" class=\"lazy lazy-hidden alignnone  wp-image-164696\" src=\"data:image\/gif;base64,R0lGODlhAQABAIAAAAAAAP\/\/\/yH5BAEAAAAALAAAAAABAAEAAAIBRAA7\" data-lazy-type=\"image\" data-lazy-src=\"https:\/\/www.europesays.com\/lv\/wp-content\/uploads\/2025\/12\/555-3.jpg\" alt=\"\" width=\"869\" height=\"652\"\/><\/p>\n<p>Person\u012bgaj\u0101 dz\u012bv\u0113 Svari piedz\u012bvos jaunu tuv\u012bbas, sapratnes un emocion\u0101l\u0101s saska\u0146as l\u012bmeni, kas sniegs gan iek\u0161\u0113ju mieru, gan prieku no attiec\u012bb\u0101m. Pat ja iepriek\u0161 biju\u0161as nesaska\u0146as vai attiec\u012bbu gr\u016bt\u012bbas, \u0161is periods b\u016bs \u012bpa\u0161i piem\u0113rots to maigai un sapr\u0101t\u012bgai atrisin\u0101\u0161anai, \u013caujot atjaunot harmoniju un tuv\u012bbu.<\/p>\n<p>Galvenais ir uztic\u0113ties savai intu\u012bcijai, sekot sav\u0101m saj\u016bt\u0101m un r\u012bkoties laik\u0101, neatliekot svar\u012bgus l\u0113mumus, jo tie var atkl\u0101t jaunas iesp\u0113jas dzi\u013c\u0101kai savien\u012bbai un emocion\u0101lajai izaugsmei. \u0160is laiks sol\u0101s k\u013c\u016bt par br\u012bdi, kad attiec\u012bbas ieg\u016bs jaunu dzi\u013cumu, bet pa\u0161iem Svariem b\u016bs iesp\u0113ja justies dro\u0161i un p\u0101rliecino\u0161i sav\u0101s izv\u0113l\u0113s.<\/p>\n<p><a href=\"https:\/\/spogulis.baltic-course.com\/kapsetas-stingra-etikete-ko-nekada-gadijuma-nedarit-lai-neizaicinatu-senos-ticejumus\/164449\" rel=\"nofollow noopener\" target=\"_blank\"><img class=\"lazy lazy-hidden\" decoding=\"async\" src=\"data:image\/gif;base64,R0lGODlhAQABAIAAAAAAAP\/\/\/yH5BAEAAAAALAAAAAABAAEAAAIBRAA7\" data-lazy-type=\"image\" data-lazy-src=\"https:\/\/www.europesays.com\/lv\/wp-content\/uploads\/2025\/12\/ERE.jpg\" data-lazy- alt=\"Kaps\u0113tas stingr\u0101 eti\u0137ete: Ko nek\u0101d\u0101 gad\u012bjum\u0101 nedar\u012bt, lai neizaicin\u0101tu senos tic\u0113jumus\"\/><\/a>\u0160obr\u012bd aktu\u0101li<a class=\"monsterinsights-inline-popular-posts-title\" href=\"https:\/\/spogulis.baltic-course.com\/kapsetas-stingra-etikete-ko-nekada-gadijuma-nedarit-lai-neizaicinatu-senos-ticejumus\/164449\" rel=\"nofollow noopener\" target=\"_blank\">Kaps\u0113tas stingr\u0101 eti\u0137ete: Ko nek\u0101d\u0101 gad\u012bjum\u0101 nedar\u012bt, lai neizaicin\u0101tu senos tic\u0113jumus<\/a>Jaunav\u0101m periods p\u0113c 24. decembra sol\u0101s b\u016bt \u012bpa\u0161i sirsn\u012bgs un g\u0101d\u012bgs.<\/p>\n<p>Neskatoties uz ierasto racionalit\u0101ti un tendenci r\u016bp\u012bgi pl\u0101not katru soli, zvaigznes iesaka b\u016bt atv\u0113rt\u0101m sarun\u0101s un pie\u0146emt citu cilv\u0113ku atbalstu, kas var nest pat\u012bkamas p\u0101rmai\u0146as ikdien\u0101. \u0122imenes dz\u012bv\u0113 sagaid\u0101mi aizkustino\u0161i un siltuma pilni br\u012b\u017ei, kas v\u0113l vair\u0101k stiprin\u0101s attiec\u012bbu saites un rad\u012bs harmoniju m\u0101j\u0101s.<\/p>\n<p>Vientu\u013c\u0101s Jaunavas \u0161aj\u0101 laik\u0101 var satikt cilv\u0113ku, ar kuru j\u016btas viegli, dro\u0161i un komfortabli, kur\u0161 dal\u0101s kop\u012bg\u0101s v\u0113rt\u012bb\u0101s un dz\u012bves priorit\u0101t\u0113s, sniedzot iesp\u0113ju veidot stabilu un patiesi emocion\u0101li bag\u0101tu saikni.<\/p>\n<p>Profesion\u0101laj\u0101 jom\u0101 Jaunavas var sagaid\u012bt atzin\u012bbu un nov\u0113rt\u0113jumu par l\u012bdz \u0161im paveikto darbu, kas sniegs gandar\u012bjumu un motiv\u0101ciju turpm\u0101kajiem sasniegumiem. Pat ja \u0101r\u0113ju p\u0101rmai\u0146u neb\u016bs, iek\u0161\u0113j\u0101 stabilit\u0101tes un dro\u0161\u012bbas saj\u016bta nostiprin\u0101sies, \u013caujot skaidr\u0101k pl\u0101not n\u0101kamos so\u013cus.<\/p>\n<p>\u012apa\u0161i noz\u012bm\u012bga b\u016bs r\u016bp\u012bba, cent\u012bba un sp\u0113ja uz\u0146emties atbild\u012bbu l\u012bdz galam, jo tie\u0161i \u0161\u012bs \u012bpa\u0161\u012bbas pal\u012bdz\u0113s ieg\u016bt uztic\u012bbu un cie\u0146u no kol\u0113\u0123iem un vad\u012bbas. Tamara Globa iesaka neapst\u0101ties ierastaj\u0101 rut\u012bn\u0101, bet \u013caut sev iziet \u0101rpus ierastajiem uzdevumiem un izm\u0113\u0123in\u0101t jaunas pieejas \u2013 tas pav\u0113rs jaunas perspekt\u012bvas, sniedzot iesp\u0113ju atkl\u0101t negaid\u012btus talantus un profesion\u0101l\u0101s iesp\u0113jas.<\/p>\n<p><a href=\"https:\/\/spogulis.baltic-course.com\/tas-skar-ikvienu-operativie-dienesti-nakusi-klaja-ar-svarigu-pazinojumu\/164687\" rel=\"nofollow noopener\" target=\"_blank\"><img class=\"lazy lazy-hidden\" decoding=\"async\" src=\"data:image\/gif;base64,R0lGODlhAQABAIAAAAAAAP\/\/\/yH5BAEAAAAALAAAAAABAAEAAAIBRAA7\" data-lazy-type=\"image\" data-lazy-src=\"https:\/\/www.europesays.com\/lv\/wp-content\/uploads\/2025\/12\/Opacki.jpg\" data-lazy- alt=\"Tas skar ikvienu: Operat\u012bvie dienesti n\u0101ku\u0161i klaj\u0101 ar svar\u012bgu pazi\u0146ojumu\"\/><\/a>\u0160obr\u012bd aktu\u0101li<a class=\"monsterinsights-inline-popular-posts-title\" href=\"https:\/\/spogulis.baltic-course.com\/tas-skar-ikvienu-operativie-dienesti-nakusi-klaja-ar-svarigu-pazinojumu\/164687\" rel=\"nofollow noopener\" target=\"_blank\">Tas skar ikvienu: Operat\u012bvie dienesti n\u0101ku\u0161i klaj\u0101 ar svar\u012bgu pazi\u0146ojumu<\/a><\/p>\n<p>Tamara Globa uzsver: \u201cZvaigznes var atv\u0113rt durvis, ta\u010du pa\u0161iem cilv\u0113kiem ir j\u0101p\u0101rk\u0101pj p\u0101ri slieksnim. Laiks p\u0113c 24. decembra sol\u0101s b\u016bt periods, kad katra drosm\u012bga, sirsn\u012bga un p\u0101rdom\u0101ta r\u012bc\u012bba nes\u012bs taust\u0101mus un redzamus rezult\u0101tus. Svariem j\u0101uzticas savai v\u0113rt\u012bbai un sp\u0113j\u0101m, apzinoties, ka harmonija un l\u012bdzsvars piesaista labv\u0113l\u012bbu, bet Jaunav\u0101m j\u0101\u013cauj sev ne tikai dar\u012bt, bet ar\u012b b\u016bt savu dz\u012bves st\u0101stu autor\u0113m, drosm\u012bgi izv\u0113loties ce\u013cus, kas ved pie person\u012bg\u0101s izaugsmes un emocion\u0101las piepild\u012bt\u012bbas.\u201d<\/p>\n","protected":false},"excerpt":{"rendered":"Slaven\u0101 astrolo\u0123e Tamara Globa, kas pasaul\u0113 paz\u012bstama ar savu smalko jut\u012bbu pret kosmiskajiem ritmiem un zvaig\u017e\u0146u ietekmi, ir&hellip;\n","protected":false},"author":2,"featured_media":87080,"comment_status":"","ping_status":"","sticky":false,"template":"","format":"standard","meta":{"footnotes":""},"categories":[5],"tags":[23,28,29,32,33,22,30,31,35,39,38,36,37,34,40,20,26,27,24,25,21],"class_list":{"0":"post-87079","1":"post","2":"type-post","3":"status-publish","4":"format-standard","5":"has-post-thumbnail","7":"category-aktualitates","8":"tag-aktualitates","9":"tag-breaking-news","10":"tag-breakingnews","11":"tag-featured-news","12":"tag-featurednews","13":"tag-headlines","14":"tag-latest-news","15":"tag-latestnews","16":"tag-latvia","17":"tag-latvian","18":"tag-latviesu","19":"tag-latviesu-valoda","20":"tag-latviesuvaloda","21":"tag-latvija","22":"tag-lv","23":"tag-news","24":"tag-popularakas-zinas","25":"tag-popularakaszinas","26":"tag-top-stories","27":"tag-topstories","28":"tag-zinas"},"share_on_mastodon":{"url":"https:\/\/pubeurope.com\/@lv\/115788333928001592","error":""},"_links":{"self":[{"href":"https:\/\/www.europesays.com\/lv\/wp-json\/wp\/v2\/posts\/87079","targetHints":{"allow":["GET"]}}],"collection":[{"href":"https:\/\/www.europesays.com\/lv\/wp-json\/wp\/v2\/posts"}],"about":[{"href":"https:\/\/www.europesays.com\/lv\/wp-json\/wp\/v2\/types\/post"}],"author":[{"embeddable":true,"href":"https:\/\/www.europesays.com\/lv\/wp-json\/wp\/v2\/users\/2"}],"replies":[{"embeddable":true,"href":"https:\/\/www.europesays.com\/lv\/wp-json\/wp\/v2\/comments?post=87079"}],"version-history":[{"count":0,"href":"https:\/\/www.europesays.com\/lv\/wp-json\/wp\/v2\/posts\/87079\/revisions"}],"wp:featuredmedia":[{"embeddable":true,"href":"https:\/\/www.europesays.com\/lv\/wp-json\/wp\/v2\/media\/87080"}],"wp:attachment":[{"href":"https:\/\/www.europesays.com\/lv\/wp-json\/wp\/v2\/media?parent=87079"}],"wp:term":[{"taxonomy":"category","embeddable":true,"href":"https:\/\/www.europesays.com\/lv\/wp-json\/wp\/v2\/categories?post=87079"},{"taxonomy":"post_tag","embeddable":true,"href":"https:\/\/www.europesays.com\/lv\/wp-json\/wp\/v2\/tags?post=87079"}],"curies":[{"name":"wp","href":"https:\/\/api.w.org\/{rel}","templated":true}]}}