{"id":87198,"date":"2025-12-27T06:42:13","date_gmt":"2025-12-27T06:42:13","guid":{"rendered":"https:\/\/www.europesays.com\/lv\/87198\/"},"modified":"2025-12-27T06:42:13","modified_gmt":"2025-12-27T06:42:13","slug":"astohiem-panathinaikos-basketbolistiem-pec-speles-kauna-diagnosticeta-gripa-lente-lv","status":"publish","type":"post","link":"https:\/\/www.europesays.com\/lv\/87198\/","title":{"rendered":"Astohiem &#8220;Panathinaikos&#8221; basketbolistiem p\u0113c sp\u0113les Kau\u0146\u0101 diagnostic\u0113ta gripa\u00a0\u2014\u00a0Lente.lv"},"content":{"rendered":"<p>Gripas epid\u0113mija At\u0113nu klub\u0101<\/p>\n<p>Grie\u0137ijas basketbola granda At\u0113nu &#8220;Panathinaikos&#8221; komandu piemekl\u0113jusi nopietna vesel\u012bbas probl\u0113ma \u2013 p\u0113c nesen\u0101s Eirol\u012bgas sp\u0113les Kau\u0146\u0101, Lietuv\u0101, asto\u0146iem kluba basketbolistiem ir diagnostic\u0113ta gripa, v\u0113sta starptautiskie sporta mediji, tostarp &#8220;Eurohoops.net&#8221;. V\u0113l tr\u012bs person\u0101la locek\u013ci ar\u012b ir saslimu\u0161i, radot ba\u017eas par komandas turpm\u0101ko gatav\u012bbu gaid\u0101maj\u0101m sp\u0113l\u0113m.<\/p>\n<p>Sp\u0113\u013cu grafiks un atcel\u0161anas piepras\u012bjums<\/p>\n<p>\u0160\u012b saslimst\u012bbas uzliesmojuma d\u0113\u013c &#8220;Panathinaikos&#8221; ir piepras\u012bjis atlikt sestdien, 27. decembr\u012b, paredz\u0113to sp\u0113li Grie\u0137ijas l\u012bg\u0101 pret &#8220;Maroussi BC&#8221;. Sp\u0113le s\u0101kotn\u0113ji bija pl\u0101nota plkst. 18:30 p\u0113c Latvijas laika. Jaunais datums sp\u0113lei v\u0113l tiek preciz\u0113ts, ta\u010du tiek prognoz\u0113ts, ka t\u0101 var\u0113tu notikt otrdien, 30. decembr\u012b.<\/p>\n<p>Situ\u0101cija rada skaidr\u012bbu par komandas sp\u0113l\u0113t\u0101ju un person\u0101la pieejam\u012bbu, k\u0101 ar\u012b par turpm\u0101ko sagatavo\u0161anos.<\/p>\n<p>V\u012brusa izcelsme un simptomi<\/p>\n<p>Tiek uzskat\u012bts, ka v\u012bruss izplat\u012bjies komandas lidojuma laik\u0101 no Kau\u0146as uz At\u0113n\u0101m, kur visi komandas locek\u013ci atrad\u0101s cie\u0161\u0101 kontakt\u0101. Da\u017eiem infic\u0113tajiem sp\u0113l\u0113t\u0101jiem nov\u0113roti nopietni simptomi, tostarp augsta temperat\u016bra un iesnas. Nav izsl\u0113gts, ka saslimu\u0161o skaits var\u0113tu pieaugt, jo da\u017ei infic\u0113tie v\u0113l nav izr\u0101d\u012bju\u0161i simptomus.<\/p>\n<p>N\u0101kam\u0101s sp\u0113les un izaicin\u0101jumi<\/p>\n<p>\u0160is vesel\u012bbas kr\u012bze &#8220;Panathinaikos&#8221; komandai sag\u0101d\u0101 nopietnus izaicin\u0101jumus, \u012bpa\u0161i \u0146emot v\u0113r\u0101, ka dr\u012bzum\u0101 paredz\u0113ta svar\u012bga Eirol\u012bgas sp\u0113le pret principi\u0101lo pretinieku &#8220;Olympiacos&#8221; 2. janv\u0101r\u012b. \u0160\u012b sp\u0113le ir ar\u012b pirm\u0101 atk\u0101rtot\u0101 sp\u0113le Eirol\u012bgas regul\u0101raj\u0101 sezon\u0101.<\/p>\n<p>Lai gan komanda pag\u0101ju\u0161aj\u0101 otrdien\u0101 izc\u012bn\u012bja uzvaru pret Kau\u0146as &#8220;\u017dalgiris&#8221; Eirol\u012bgas 18. k\u0101rtas sp\u0113l\u0113 ar rezult\u0101tu 92:85, \u0161\u012b saslim\u0161anas vilnis par\u0101d\u0101s p\u0113c \u0161\u012bs sp\u0113les, kas ir sal\u012bdzino\u0161i laim\u012bga apst\u0101k\u013cu sakrit\u012bba, izvairoties no iesp\u0113jam\u0101m probl\u0113m\u0101m pirms svar\u012bgas sp\u0113les.<\/p>\n<p>Komandas sast\u0101vs un v\u0113sture<\/p>\n<p>&#8220;Panathinaikos&#8221; ir viens no slaven\u0101kajiem basketbola klubiem Eirop\u0101, kas septi\u0146as reizes ieguvis Eirol\u012bgas titulu. Komand\u0101 sp\u0113l\u0113 t\u0101di zin\u0101mi basketbolisti k\u0101 Kostas Sloukas, Kendrick Nunn, Mathias Lessort un citi. Klubs nesen ir veicis ar\u012b sast\u0101va izmai\u0146as, piem\u0113ram, piesaistot Jonas Valanciunas.<\/p>\n<p>Latvijas basketbola kontekst\u0101 &#8220;Panathinaikos&#8221; ir paz\u012bstams ar to, ka taj\u0101 sp\u0113l\u0113jis ar\u012b Latvijas izlases sp\u0113l\u0113t\u0101js J\u0101nis Str\u0113lnieks.<\/p>\n","protected":false},"excerpt":{"rendered":"Gripas epid\u0113mija At\u0113nu klub\u0101 Grie\u0137ijas basketbola granda At\u0113nu &#8220;Panathinaikos&#8221; komandu piemekl\u0113jusi nopietna vesel\u012bbas probl\u0113ma \u2013 p\u0113c nesen\u0101s Eirol\u012bgas&hellip;\n","protected":false},"author":2,"featured_media":87199,"comment_status":"","ping_status":"","sticky":false,"template":"","format":"standard","meta":{"footnotes":""},"categories":[17],"tags":[145,22161,5657,9221,35,39,38,36,37,34,40,7448,67],"class_list":{"0":"post-87198","1":"post","2":"type-post","3":"status-publish","4":"format-standard","5":"has-post-thumbnail","7":"category-sports","8":"tag-basketbols","9":"tag-eurolyga","10":"tag-gripa","11":"tag-kauna","12":"tag-latvia","13":"tag-latvian","14":"tag-latviesu","15":"tag-latviesu-valoda","16":"tag-latviesuvaloda","17":"tag-latvija","18":"tag-lv","19":"tag-panathinaikos","20":"tag-sports"},"share_on_mastodon":{"url":"https:\/\/pubeurope.com\/@lv\/115790174154837677","error":""},"_links":{"self":[{"href":"https:\/\/www.europesays.com\/lv\/wp-json\/wp\/v2\/posts\/87198","targetHints":{"allow":["GET"]}}],"collection":[{"href":"https:\/\/www.europesays.com\/lv\/wp-json\/wp\/v2\/posts"}],"about":[{"href":"https:\/\/www.europesays.com\/lv\/wp-json\/wp\/v2\/types\/post"}],"author":[{"embeddable":true,"href":"https:\/\/www.europesays.com\/lv\/wp-json\/wp\/v2\/users\/2"}],"replies":[{"embeddable":true,"href":"https:\/\/www.europesays.com\/lv\/wp-json\/wp\/v2\/comments?post=87198"}],"version-history":[{"count":0,"href":"https:\/\/www.europesays.com\/lv\/wp-json\/wp\/v2\/posts\/87198\/revisions"}],"wp:featuredmedia":[{"embeddable":true,"href":"https:\/\/www.europesays.com\/lv\/wp-json\/wp\/v2\/media\/87199"}],"wp:attachment":[{"href":"https:\/\/www.europesays.com\/lv\/wp-json\/wp\/v2\/media?parent=87198"}],"wp:term":[{"taxonomy":"category","embeddable":true,"href":"https:\/\/www.europesays.com\/lv\/wp-json\/wp\/v2\/categories?post=87198"},{"taxonomy":"post_tag","embeddable":true,"href":"https:\/\/www.europesays.com\/lv\/wp-json\/wp\/v2\/tags?post=87198"}],"curies":[{"name":"wp","href":"https:\/\/api.w.org\/{rel}","templated":true}]}}