{"id":87215,"date":"2025-12-27T07:30:08","date_gmt":"2025-12-27T07:30:08","guid":{"rendered":"https:\/\/www.europesays.com\/lv\/87215\/"},"modified":"2025-12-27T07:30:08","modified_gmt":"2025-12-27T07:30:08","slug":"germane-sekmigo-atgriesanas-gadu-pabeigs-ar-startu-pk-posma-zemmeringa-ziemas-sports-sportacentrs-com","status":"publish","type":"post","link":"https:\/\/www.europesays.com\/lv\/87215\/","title":{"rendered":"\u0122\u0113rmane sekm\u012bgo atgrie\u0161an\u0101s gadu pabeigs ar startu PK posm\u0101 Zemmering\u0101 \u2013 Ziemas sports \u2013 Sportacentrs.com"},"content":{"rendered":"<p>2024. gada pasaules junioru \u010dempione D\u017eenifera \u0122\u0113rmane atgriez\u0101s sacens\u012bbu aprit\u0113 novembra vid\u016b Pasaules kausa posm\u0101 Lev\u012b, kur aizc\u012bn\u012bj\u0101s no 30. l\u012bdz 21. vietai p\u0113c otr\u0101 brauciena. Ned\u0113\u013cu v\u0113l\u0101k Gurgl\u0101 vi\u0146a jau bija \u010detrpadsmit\u0101, bet decembra vid\u016b Kur\u0161avel\u0101 jau iek\u013cuva desmitniek\u0101, karjeras laik\u0101 to paveicot jau ceturto reizi.<\/p>\n<p>\u0160aj\u0101 sezon\u0101 viena no visu laiku lab\u0101kaj\u0101m Latvijas kalnu sl\u0113pot\u0101j\u0101m ar katru startu pak\u0101pjas arvien augst\u0101k. Protams, Zemmering\u0101 vi\u0146a m\u0113r\u0137\u0113s v\u0113lreiz b\u016bt desmitniek\u0101 un sasniegt karjeras rekordu, kas ir 8. vieta, ko lielisku rezult\u0101tus savulaik sasniegu\u0161\u0101s Ullas \u0122\u0113rmanes meita ir ieguvusi tr\u012bs reizes.<\/p>\n<p>22 gadus vec\u0101 \u201cApex2100\u201d p\u0101rst\u0101ve no Latvijas Pasaules kausa posmos ir start\u0113jusi 13.reizes, un \u0161\u012b b\u016bs pirm\u0101 Zemmering\u0101. \u0122\u0113rmane Austrij\u0101 ir sacentusies gan Gurgl\u0101, Flahav\u0101, Z\u0101lbah\u0101, Lienc\u0101, bet v\u0113l ne Zemmering\u0101. Flahav\u0101 2024.gada janv\u0101r\u012b vi\u0146a ar 8.vietu pirmo reizi iek\u013cuva desmitniek\u0101.<\/p>\n<p>\u0160aj\u0101 sezon\u0101 visos \u010detros slalomos sieviet\u0113m ir domin\u0113jusi Mika\u0113la \u0160ifrina, kura ir p\u0101rliecino\u0161a l\u012bdere ar 400 punktiem. Lai ar\u012b pag\u0101ju\u0161\u0101 posm\u0101 vi\u0146a nefini\u0161\u0113ja, tom\u0113r pirmajos trijos trijniek\u0101 tikus\u012b Alb\u0101nijas p\u0101rst\u0101ve Lara Kolturi ir otr\u0101 ar 220 punktiem. Ar 182 punktiem tre\u0161o vietu ie\u0146em pag\u0101ju\u0161\u0101s sezonas jaunatkl\u0101jums Kamilla Rasta no \u0160veices, kurai p\u0113d\u0113jos divos posmos tre\u0161\u0101 un otr\u0101 vieta. \u0122\u0113rmane ar 54 punktiem ir piecpadsmit\u0101, 32 punktiem \u0161\u0137irot no desmitnieka.<\/p>\n","protected":false},"excerpt":{"rendered":"2024. gada pasaules junioru \u010dempione D\u017eenifera \u0122\u0113rmane atgriez\u0101s sacens\u012bbu aprit\u0113 novembra vid\u016b Pasaules kausa posm\u0101 Lev\u012b, kur aizc\u012bn\u012bj\u0101s&hellip;\n","protected":false},"author":2,"featured_media":87216,"comment_status":"","ping_status":"","sticky":false,"template":"","format":"standard","meta":{"footnotes":""},"categories":[17],"tags":[35,39,38,36,37,34,40,67,620],"class_list":{"0":"post-87215","1":"post","2":"type-post","3":"status-publish","4":"format-standard","5":"has-post-thumbnail","7":"category-sports","8":"tag-latvia","9":"tag-latvian","10":"tag-latviesu","11":"tag-latviesu-valoda","12":"tag-latviesuvaloda","13":"tag-latvija","14":"tag-lv","15":"tag-sports","16":"tag-ziemas-sports"},"share_on_mastodon":{"url":"https:\/\/pubeurope.com\/@lv\/115790362897287752","error":""},"_links":{"self":[{"href":"https:\/\/www.europesays.com\/lv\/wp-json\/wp\/v2\/posts\/87215","targetHints":{"allow":["GET"]}}],"collection":[{"href":"https:\/\/www.europesays.com\/lv\/wp-json\/wp\/v2\/posts"}],"about":[{"href":"https:\/\/www.europesays.com\/lv\/wp-json\/wp\/v2\/types\/post"}],"author":[{"embeddable":true,"href":"https:\/\/www.europesays.com\/lv\/wp-json\/wp\/v2\/users\/2"}],"replies":[{"embeddable":true,"href":"https:\/\/www.europesays.com\/lv\/wp-json\/wp\/v2\/comments?post=87215"}],"version-history":[{"count":0,"href":"https:\/\/www.europesays.com\/lv\/wp-json\/wp\/v2\/posts\/87215\/revisions"}],"wp:featuredmedia":[{"embeddable":true,"href":"https:\/\/www.europesays.com\/lv\/wp-json\/wp\/v2\/media\/87216"}],"wp:attachment":[{"href":"https:\/\/www.europesays.com\/lv\/wp-json\/wp\/v2\/media?parent=87215"}],"wp:term":[{"taxonomy":"category","embeddable":true,"href":"https:\/\/www.europesays.com\/lv\/wp-json\/wp\/v2\/categories?post=87215"},{"taxonomy":"post_tag","embeddable":true,"href":"https:\/\/www.europesays.com\/lv\/wp-json\/wp\/v2\/tags?post=87215"}],"curies":[{"name":"wp","href":"https:\/\/api.w.org\/{rel}","templated":true}]}}